{"id":4077,"date":"2022-09-27T15:22:16","date_gmt":"2022-09-27T18:22:16","guid":{"rendered":"https:\/\/sinpes.org.br\/site\/?p=4077"},"modified":"2022-09-27T15:22:16","modified_gmt":"2022-09-27T18:22:16","slug":"sinpes-convida-para-assembleia-de-prestacao-de-contas-e-posse-de-novos-dirigentes","status":"publish","type":"post","link":"https:\/\/sinpes.org.br\/site\/sinpes-convida-para-assembleia-de-prestacao-de-contas-e-posse-de-novos-dirigentes\/","title":{"rendered":"Sinpes convida para Assembleia de presta\u00e7\u00e3o de contas e posse de novos dirigentes"},"content":{"rendered":"<p>27\/09\/2022<\/p>\n<p>O Sindicato dos Professores do Ensino Superior de Curitiba e Regi\u00e3o Metropolitana \u2013 SINPES convida a categoria para Assembleia Geral Virtual a ser realizada no dia 29\/09\/2022 \u00e0s 17 h em primeira convoca\u00e7\u00e3o e \u00e0s 17h30 em segunda convoca\u00e7\u00e3o, quando ser\u00e1 discutida a seguinte ordem do dia:<\/p>\n<p>&#8211; Presta\u00e7\u00e3o de contas relativa ao exerc\u00edcio 2018\/2021<\/p>\n<p>&#8211; Ratifica\u00e7\u00e3o dos or\u00e7amentos 2019\/2022 e aprova\u00e7\u00e3o do or\u00e7amento para 2023.<\/p>\n<p>&#8211; Posse dos diretores sindicais eleitos em elei\u00e7\u00e3o complementar, Darli Sampaio e Tiago Oliari Ribeiro<\/p>\n<p>Abaixo segue o link de acesso da Assembleia:<\/p>\n<p>&nbsp;<\/p>\n<!-- AddThis Advanced Settings generic via filter on the_content --><!-- AddThis Share Buttons generic via filter on the_content -->","protected":false},"excerpt":{"rendered":"<p>27\/09\/2022 O Sindicato dos Professores do Ensino Superior de Curitiba e Regi\u00e3o Metropolitana \u2013 SINPES convida a categoria para Assembleia Geral Virtual a ser realizada no dia 29\/09\/2022 \u00e0s 17 h em primeira convoca\u00e7\u00e3o e \u00e0s 17h30 em segunda convoca\u00e7\u00e3o, quando ser\u00e1 discutida a seguinte ordem do dia: &#8211; Presta\u00e7\u00e3o de contas relativa ao exerc\u00edcio [&hellip;]<!-- AddThis Advanced Settings generic via filter on wp_trim_excerpt --><!-- AddThis Share Buttons generic via filter on wp_trim_excerpt --><\/p>\n","protected":false},"author":3,"featured_media":0,"comment_status":"closed","ping_status":"open","sticky":false,"template":"","format":"standard","meta":{"footnotes":""},"categories":[7,18],"tags":[305,754,838,837,62],"class_list":["post-4077","post","type-post","status-publish","format-standard","hentry","category-arquivo-de-noticias","category-destaque","tag-assembleia","tag-eleicoes-sinpes","tag-nova-diretoria","tag-prestacao-de-contas","tag-sinpes"],"_links":{"self":[{"href":"https:\/\/sinpes.org.br\/site\/wp-json\/wp\/v2\/posts\/4077","targetHints":{"allow":["GET"]}}],"collection":[{"href":"https:\/\/sinpes.org.br\/site\/wp-json\/wp\/v2\/posts"}],"about":[{"href":"https:\/\/sinpes.org.br\/site\/wp-json\/wp\/v2\/types\/post"}],"author":[{"embeddable":true,"href":"https:\/\/sinpes.org.br\/site\/wp-json\/wp\/v2\/users\/3"}],"replies":[{"embeddable":true,"href":"https:\/\/sinpes.org.br\/site\/wp-json\/wp\/v2\/comments?post=4077"}],"version-history":[{"count":1,"href":"https:\/\/sinpes.org.br\/site\/wp-json\/wp\/v2\/posts\/4077\/revisions"}],"predecessor-version":[{"id":4078,"href":"https:\/\/sinpes.org.br\/site\/wp-json\/wp\/v2\/posts\/4077\/revisions\/4078"}],"wp:attachment":[{"href":"https:\/\/sinpes.org.br\/site\/wp-json\/wp\/v2\/media?parent=4077"}],"wp:term":[{"taxonomy":"category","embeddable":true,"href":"https:\/\/sinpes.org.br\/site\/wp-json\/wp\/v2\/categories?post=4077"},{"taxonomy":"post_tag","embeddable":true,"href":"https:\/\/sinpes.org.br\/site\/wp-json\/wp\/v2\/tags?post=4077"}],"curies":[{"name":"wp","href":"https:\/\/api.w.org\/{rel}","templated":true}]}}