{"id":4075,"date":"2022-09-27T14:06:54","date_gmt":"2022-09-27T17:06:54","guid":{"rendered":"https:\/\/sinpes.org.br\/site\/?p=4075"},"modified":"2022-09-27T15:23:01","modified_gmt":"2022-09-27T18:23:01","slug":"atencao-professores-as-a-campanha-salarial-continua","status":"publish","type":"post","link":"https:\/\/sinpes.org.br\/site\/atencao-professores-as-a-campanha-salarial-continua\/","title":{"rendered":"Aten\u00e7\u00e3o professores\/as: A campanha salarial continua!"},"content":{"rendered":"<p><strong>27\/09\/2022<\/strong><\/p>\n<p>Desde o \u00faltimo m\u00eas de maio, o Sindicato dos Professores de Ensino Superior de Curitiba e Regi\u00e3o Metropolitana \u2013 SINPES est\u00e1 nas ruas reivindicando um reajuste digno aos professores e professoras do ensino superior privado de Curitiba e Regi\u00e3o Metropolitana.<\/p>\n<p>A princ\u00edpio, a campanha foi conjunta e envolveu tamb\u00e9m o Sindicato dos Auxiliares de Administra\u00e7\u00e3o Escolar do Paran\u00e1 (SAAEPAR) e o Sindicato dos Professores no Estado do Paran\u00e1 (SINPROPAR).\u00a0 As entidades engajaram-se para fomentar uma campanha salarial unificada na busca por remunera\u00e7\u00e3o digna aos trabalhadores da rede privada de ensino. Juntos, os sindicatos representam cerca de 32 mil empregados.<\/p>\n<p>Uma grande Assembleia Geral Virtual aconteceu no dia 31\/05 e a categoria recha\u00e7ou a proposta de reajuste do sindicato patronal, o SINEPE. Tamb\u00e9m aprovou o prosseguimento da campanha que se utilizou de caminh\u00e3o de som e maci\u00e7a panfletagem para destacar as perdas salarias dos docentes e a intransig\u00eancia do SINEPE que se recusava a incorporar no sal\u00e1rio abono salarial de 6,22% ajustado entre as partes para pagamento entre mar\u00e7o de 2021 e fevereiro de 2022 \u00a0frente a uma infla\u00e7\u00e3o acumulada de 22,28% \u2013 entre mar\u00e7o de 2019 e fevereiro de 2022 \u2013 e com uma oferta de reajuste que desconsidera um abono salarial anteriormente prometido pelos empregadores. O Sinpes foi \u00e0s ruas e convocou nova Assembleia geral que aconteceu no dia 31 de agosto de 2022, quando os docentes novamente disseram um rotundo e esperado n\u00e3o para a proposta patronal, deliberando pela continuidade da mobiliza\u00e7\u00e3o.<\/p>\n<p>Agora, o sindicato volta \u00e0s ruas com a\u00e7\u00f5es ainda mais enf\u00e1ticas voltadas a sensibilizar n\u00e3o s\u00f3 os docentes, mas tamb\u00e9m os alunos e seus pais sobre a dif\u00edcil situa\u00e7\u00e3o em que se encontram os professores e professoras do ensino superior privado.<\/p>\n<p>Em rodada de negocia\u00e7\u00f5es ocorrida ap\u00f3s a realiza\u00e7\u00e3o da Assembleia Geral de 31 de agosto, o SINEPE deu um passo t\u00edmido no sentido de melhorar a proposta originalmente formulada. Continua intransigente no seu posicionamento no sentido de n\u00e3o incorporar o abono concedido entre mar\u00e7o de 2021 e fevereiro de 2022. Mas, concorda em conceder reajuste um pouco superior ao originariamente sugerido: 7% mais abono de 3,79% de abono incidentes sobre o sal\u00e1rio de mar\u00e7o de 2021.<\/p>\n<p>Em entrevista a um telejornal em Curitiba O SINEPE, atrav\u00e9s de seu Presidente, revelou sua inten\u00e7\u00e3o de que as mensalidades do ensino privado sejam reajustadas no pr\u00f3ximo ano <strong>em 8,8%<\/strong>, o que demonstra a inten\u00e7\u00e3o de prosseguir atualizando suas receitas de acordo com a infla\u00e7\u00e3o, aumentando assim a defasagem entre os sal\u00e1rios dos professores e as mensalidades escolares, o que potencializa lucros e precariza a educa\u00e7\u00e3o.<\/p>\n<p>Diante destes fatos, dada a inconveni\u00eancia de se aumentar o fosso entre o poder aquisitivo dos professores e a infla\u00e7\u00e3o, que amea\u00e7a recrudescer depois das elei\u00e7\u00f5es, os dirigentes do Sinpes descartaram a possibilidade de mais um abono que desapareceria em mar\u00e7o de 2024.<\/p>\n<p>As partes ficaram de buscar alternativas ampliando a negocia\u00e7\u00e3o para o reajuste devido em 01.03.2023 e se voltando para uma maior recupera\u00e7\u00e3o do poder de compra dos professores.<\/p>\n<p>Enquanto isso, o Sinpes convoca nova Assembleia Geral Virtual (link abaixo) para o dia 06\/10\/2022 \u00e0s 17h30, oportunidade em que ser\u00e1 avaliada a efic\u00e1cia das medidas at\u00e9 aqui adotadas, bem como examinadas novas propostas voltadas a persuadir o Sinepe a concordar com reajuste condigno.<\/p>\n<p>A Diretoria entendeu conveniente postergar em uma semana a data da pr\u00f3xima assembleia geral a fim de evitar que a natural polariza\u00e7\u00e3o em que se encontrar\u00e1 o pa\u00eds no final do m\u00eas de setembro em face das elei\u00e7\u00f5es acabe prejudicando a mobiliza\u00e7\u00e3o que se faz necess\u00e1ria encetar.<\/p>\n<p><strong>Todos \u00e0 Assembleia do dia 06 de outubro de 2022!<\/strong><\/p>\n<p>Link da Assembleia:\u00a0<a href=\"https:\/\/us06web.zoom.us\/j\/86340388407?pwd=VXdhVEx2VzNyM2hKSXZ6cFhBNXNZUT09\">https:\/\/us06web.zoom.us\/j\/86340388407?pwd=VXdhVEx2VzNyM2hKSXZ6cFhBNXNZUT09<\/a><\/p>\n<p>ID da Assembleia: 863 4038 8407<\/p>\n<p>Senha de acesso: 915145<\/p>\n<!-- AddThis Advanced Settings generic via filter on the_content --><!-- AddThis Share Buttons generic via filter on the_content -->","protected":false},"excerpt":{"rendered":"<p>27\/09\/2022 Desde o \u00faltimo m\u00eas de maio, o Sindicato dos Professores de Ensino Superior de Curitiba e Regi\u00e3o Metropolitana \u2013 SINPES est\u00e1 nas ruas reivindicando um reajuste digno aos professores e professoras do ensino superior privado de Curitiba e Regi\u00e3o Metropolitana. A princ\u00edpio, a campanha foi conjunta e envolveu tamb\u00e9m o Sindicato dos Auxiliares de [&hellip;]<!-- AddThis Advanced Settings generic via filter on wp_trim_excerpt --><!-- AddThis Share Buttons generic via filter on wp_trim_excerpt --><\/p>\n","protected":false},"author":3,"featured_media":0,"comment_status":"closed","ping_status":"open","sticky":false,"template":"","format":"standard","meta":{"footnotes":""},"categories":[7,478,18,13],"tags":[305,836,825,761,371,68,62],"class_list":["post-4075","post","type-post","status-publish","format-standard","hentry","category-arquivo-de-noticias","category-coronavirus-e-direitos-dos-professores","category-destaque","category-home","tag-assembleia","tag-assembleia-sinpes","tag-campanha-salarial","tag-reajuste","tag-salarios","tag-sinepe","tag-sinpes"],"_links":{"self":[{"href":"https:\/\/sinpes.org.br\/site\/wp-json\/wp\/v2\/posts\/4075","targetHints":{"allow":["GET"]}}],"collection":[{"href":"https:\/\/sinpes.org.br\/site\/wp-json\/wp\/v2\/posts"}],"about":[{"href":"https:\/\/sinpes.org.br\/site\/wp-json\/wp\/v2\/types\/post"}],"author":[{"embeddable":true,"href":"https:\/\/sinpes.org.br\/site\/wp-json\/wp\/v2\/users\/3"}],"replies":[{"embeddable":true,"href":"https:\/\/sinpes.org.br\/site\/wp-json\/wp\/v2\/comments?post=4075"}],"version-history":[{"count":2,"href":"https:\/\/sinpes.org.br\/site\/wp-json\/wp\/v2\/posts\/4075\/revisions"}],"predecessor-version":[{"id":4079,"href":"https:\/\/sinpes.org.br\/site\/wp-json\/wp\/v2\/posts\/4075\/revisions\/4079"}],"wp:attachment":[{"href":"https:\/\/sinpes.org.br\/site\/wp-json\/wp\/v2\/media?parent=4075"}],"wp:term":[{"taxonomy":"category","embeddable":true,"href":"https:\/\/sinpes.org.br\/site\/wp-json\/wp\/v2\/categories?post=4075"},{"taxonomy":"post_tag","embeddable":true,"href":"https:\/\/sinpes.org.br\/site\/wp-json\/wp\/v2\/tags?post=4075"}],"curies":[{"name":"wp","href":"https:\/\/api.w.org\/{rel}","templated":true}]}}