{"id":4071,"date":"2022-09-23T10:38:38","date_gmt":"2022-09-23T13:38:38","guid":{"rendered":"https:\/\/sinpes.org.br\/site\/?p=4071"},"modified":"2022-09-27T15:23:31","modified_gmt":"2022-09-27T18:23:31","slug":"nao-desperdice-seu-voto-saiba-como-senadores-deputados-federais-e-deputados-estaduais-votaram-em-projetos-que-impactam-diretamente-a-vida-dos-trabalhadores","status":"publish","type":"post","link":"https:\/\/sinpes.org.br\/site\/nao-desperdice-seu-voto-saiba-como-senadores-deputados-federais-e-deputados-estaduais-votaram-em-projetos-que-impactam-diretamente-a-vida-dos-trabalhadores\/","title":{"rendered":"N\u00c3O DESPERDICE SEU VOTO: SAIBA COMO SENADORES, DEPUTADOS FEDERAIS E DEPUTADOS ESTADUAIS VOTARAM EM PROJETOS QUE IMPACTAM DIRETAMENTE A VIDA DOS TRABALHADORES"},"content":{"rendered":"<p><strong>23\/09\/2022<\/strong><\/p>\n<p>Nas pr\u00f3ximas elei\u00e7\u00f5es, al\u00e9m dos Governadores e do Presidente da Rep\u00fablica, vamos eleger tamb\u00e9m Deputados Estaduais, Federais e renovando 1\/3 do Senado. Al\u00e9m de integrantes do Poder Executivo oriundos de partidos comprometidos com o interesse dos trabalhadores, precisamos de um Poder Legislativo que assim se posicione por convic\u00e7\u00e3o, sem a \u201cnecessidade\u201d de mensal\u00f5es nem de or\u00e7amentos secretos.<\/p>\n<p>N\u00e3o adianta prestar aten\u00e7\u00e3o no que os candidatos dizem defender em \u00e9poca de elei\u00e7\u00f5es. Os discursos s\u00e3o muito parecidos e s\u00e3o in\u00fameros os lobos em pele de cordeiro!<\/p>\n<p>A melhor forma de separar o joio do trigo e n\u00e3o desperdi\u00e7ar o voto \u00e9 verificar como os partidos pol\u00edticos dos candidatos que pedem seu voto comportaram-se sempre que a mat\u00e9ria em vota\u00e7\u00e3o interessou \u00e0 classe trabalhadora. E votar em um candidato de um partido que defendeu com firmeza esses interesses.<\/p>\n<p>A seguir levantamento realizado pela assessoria de imprensa do Sinpes com base em dados coligidos pelo DIEESE \u2013 Departamento Intersindical de Estat\u00edstica e por pesquisa <em>in locu<\/em>.<\/p>\n<p>Ele relaciona cada um dos Senadores e Deputados do Paran\u00e1 \u00e0 luz dos votos proferidos em favor ou contra a classe trabalhadora, indicando o percentual das manifesta\u00e7\u00f5es adotadas nesse ou naquele sentido de acordo com o selo do DIEESE.<\/p>\n<p>Reforma Trabalhista e Reforma da Previd\u00eancia \u201cdispensam apresenta\u00e7\u00f5es\u201d Todos sabem que se trataram de significativo retrocesso na qualidade de vida dos trabalhadores e representaram concentra\u00e7\u00e3o de renda ainda maior.<\/p>\n<p>Outros temas representam perda de direitos apesar das suaves denomina\u00e7\u00f5es adotadas, com o objetivo de dourar a p\u00edlula. Sempre que se fala em \u201cflexibiliza\u00e7\u00e3o\u201d, por exemplo, a ideia subjacente \u00e9 retirar o Estado como fator de equil\u00edbrio entre a rela\u00e7\u00e3o do Capital e o Trabalho, deixando que o pesco\u00e7o negocie livremente com a guilhotina. Nesse sentido a MP 1045\/2021, por exemplo. Embora ela se refira \u00e0 \u201cmanuten\u00e7\u00e3o de emprego e renda\u201d, isso n\u00e3o passa de mero eufemismo, pois o seu verdadeiro objetivo \u00e9 \u201cflexibilizar a CLT\u201d, excluindo direitos.<\/p>\n<p>No \u00e2mbito da Assembleia Legislativa do Paran\u00e1 n\u00e3o \u00e9 diferente. Os mesmos partidos que se perfilham em favor dos trabalhadores na esfera federal s\u00e3o os que assim se posicionam por aqui.<\/p>\n<p>Antes de votar, analise as tabelas abaixo!<\/p>\n<p><a href=\"https:\/\/sinpes.org.br\/site\/wp-content\/uploads\/2022\/09\/Link-da-tabela.pdf\">Link da tabela<\/a><\/p>\n<!-- AddThis Advanced Settings generic via filter on the_content --><!-- AddThis Share Buttons generic via filter on the_content -->","protected":false},"excerpt":{"rendered":"<p>23\/09\/2022 Nas pr\u00f3ximas elei\u00e7\u00f5es, al\u00e9m dos Governadores e do Presidente da Rep\u00fablica, vamos eleger tamb\u00e9m Deputados Estaduais, Federais e renovando 1\/3 do Senado. Al\u00e9m de integrantes do Poder Executivo oriundos de partidos comprometidos com o interesse dos trabalhadores, precisamos de um Poder Legislativo que assim se posicione por convic\u00e7\u00e3o, sem a \u201cnecessidade\u201d de mensal\u00f5es nem [&hellip;]<!-- AddThis Advanced Settings generic via filter on wp_trim_excerpt --><!-- AddThis Share Buttons generic via filter on wp_trim_excerpt --><\/p>\n","protected":false},"author":3,"featured_media":0,"comment_status":"closed","ping_status":"open","sticky":false,"template":"","format":"standard","meta":{"footnotes":""},"categories":[7,18,13],"tags":[835,192,203,834],"class_list":["post-4071","post","type-post","status-publish","format-standard","hentry","category-arquivo-de-noticias","category-destaque","category-home","tag-candidatos-do-parana","tag-direitos-dos-trabalhadores","tag-eleicoes","tag-eleicoes-2022"],"_links":{"self":[{"href":"https:\/\/sinpes.org.br\/site\/wp-json\/wp\/v2\/posts\/4071","targetHints":{"allow":["GET"]}}],"collection":[{"href":"https:\/\/sinpes.org.br\/site\/wp-json\/wp\/v2\/posts"}],"about":[{"href":"https:\/\/sinpes.org.br\/site\/wp-json\/wp\/v2\/types\/post"}],"author":[{"embeddable":true,"href":"https:\/\/sinpes.org.br\/site\/wp-json\/wp\/v2\/users\/3"}],"replies":[{"embeddable":true,"href":"https:\/\/sinpes.org.br\/site\/wp-json\/wp\/v2\/comments?post=4071"}],"version-history":[{"count":3,"href":"https:\/\/sinpes.org.br\/site\/wp-json\/wp\/v2\/posts\/4071\/revisions"}],"predecessor-version":[{"id":4080,"href":"https:\/\/sinpes.org.br\/site\/wp-json\/wp\/v2\/posts\/4071\/revisions\/4080"}],"wp:attachment":[{"href":"https:\/\/sinpes.org.br\/site\/wp-json\/wp\/v2\/media?parent=4071"}],"wp:term":[{"taxonomy":"category","embeddable":true,"href":"https:\/\/sinpes.org.br\/site\/wp-json\/wp\/v2\/categories?post=4071"},{"taxonomy":"post_tag","embeddable":true,"href":"https:\/\/sinpes.org.br\/site\/wp-json\/wp\/v2\/tags?post=4071"}],"curies":[{"name":"wp","href":"https:\/\/api.w.org\/{rel}","templated":true}]}}