{"id":4063,"date":"2022-09-15T09:19:06","date_gmt":"2022-09-15T12:19:06","guid":{"rendered":"https:\/\/sinpes.org.br\/site\/?p=4063"},"modified":"2022-09-27T15:25:01","modified_gmt":"2022-09-27T18:25:01","slug":"atencao-professores-as-da-fesp-segue-nova-tabela-com-calculos-dos-valores-a-serem-recebidos","status":"publish","type":"post","link":"https:\/\/sinpes.org.br\/site\/atencao-professores-as-da-fesp-segue-nova-tabela-com-calculos-dos-valores-a-serem-recebidos\/","title":{"rendered":"Aten\u00e7\u00e3o professores\/as da Fesp: Segue nova tabela com c\u00e1lculos dos valores a serem recebidos"},"content":{"rendered":"<p><strong>15\/09\/2022<\/strong><\/p>\n<p>O Sindicato dos Professores de Ensino Superior de Curitiba e Regi\u00e3o Metropolitana \u2013 SINPES entabulou acordo com a Fesp para o pagamento dos sal\u00e1rios atrasados com a venda de im\u00f3vel que ainda se encontra em nome dessa institui\u00e7\u00e3o de ensino superior.<\/p>\n<p>Segue ao final do texto tabela com c\u00e1lculos retificados da Fesp relativa a valores a serem recebidos pelos docentes com diferen\u00e7as de fevereiro, mar\u00e7o e abril de 2022.<\/p>\n<p>As diferen\u00e7as est\u00e3o em destaque logo no in\u00edcio e depois inseridas no m\u00eas respectivo. At\u00e9 o dia 30 de setembro esses c\u00e1lculos ficar\u00e3o dispon\u00edveis no site do Sinpes para que os interessados apontem eventuais incorre\u00e7\u00f5es que ensejar\u00e3o ou n\u00e3o retifica\u00e7\u00f5es dependendo do consenso entre as partes. Exaurido o prazo, passamos para anova reda\u00e7\u00e3o do acordo, em quatro parcelas no m\u00e1ximo, como determinado em Assembleia. \u00a0Eventuais incorre\u00e7\u00f5es devidamente fundamentadas devem ser encaminhadas para o e-mail: <a href=\"mailto:sinpes@sinpes.org.br\">sinpes@sinpes.org.br<\/a>.<\/p>\n<p><a href=\"https:\/\/sinpes.org.br\/site\/wp-content\/uploads\/2022\/09\/calculo-fesp.xlsx\">calculo fesp<\/a><\/p>\n<!-- AddThis Advanced Settings generic via filter on the_content --><!-- AddThis Share Buttons generic via filter on the_content -->","protected":false},"excerpt":{"rendered":"<p>15\/09\/2022 O Sindicato dos Professores de Ensino Superior de Curitiba e Regi\u00e3o Metropolitana \u2013 SINPES entabulou acordo com a Fesp para o pagamento dos sal\u00e1rios atrasados com a venda de im\u00f3vel que ainda se encontra em nome dessa institui\u00e7\u00e3o de ensino superior. Segue ao final do texto tabela com c\u00e1lculos retificados da Fesp relativa a [&hellip;]<!-- AddThis Advanced Settings generic via filter on wp_trim_excerpt --><!-- AddThis Share Buttons generic via filter on wp_trim_excerpt --><\/p>\n","protected":false},"author":3,"featured_media":0,"comment_status":"closed","ping_status":"open","sticky":false,"template":"","format":"standard","meta":{"footnotes":""},"categories":[7,18,13],"tags":[579,344,440,62,833],"class_list":["post-4063","post","type-post","status-publish","format-standard","hentry","category-arquivo-de-noticias","category-destaque","category-home","tag-acordo-fesp","tag-fesp","tag-professores-da-fesp","tag-sinpes","tag-tabela"],"_links":{"self":[{"href":"https:\/\/sinpes.org.br\/site\/wp-json\/wp\/v2\/posts\/4063","targetHints":{"allow":["GET"]}}],"collection":[{"href":"https:\/\/sinpes.org.br\/site\/wp-json\/wp\/v2\/posts"}],"about":[{"href":"https:\/\/sinpes.org.br\/site\/wp-json\/wp\/v2\/types\/post"}],"author":[{"embeddable":true,"href":"https:\/\/sinpes.org.br\/site\/wp-json\/wp\/v2\/users\/3"}],"replies":[{"embeddable":true,"href":"https:\/\/sinpes.org.br\/site\/wp-json\/wp\/v2\/comments?post=4063"}],"version-history":[{"count":3,"href":"https:\/\/sinpes.org.br\/site\/wp-json\/wp\/v2\/posts\/4063\/revisions"}],"predecessor-version":[{"id":4081,"href":"https:\/\/sinpes.org.br\/site\/wp-json\/wp\/v2\/posts\/4063\/revisions\/4081"}],"wp:attachment":[{"href":"https:\/\/sinpes.org.br\/site\/wp-json\/wp\/v2\/media?parent=4063"}],"wp:term":[{"taxonomy":"category","embeddable":true,"href":"https:\/\/sinpes.org.br\/site\/wp-json\/wp\/v2\/categories?post=4063"},{"taxonomy":"post_tag","embeddable":true,"href":"https:\/\/sinpes.org.br\/site\/wp-json\/wp\/v2\/tags?post=4063"}],"curies":[{"name":"wp","href":"https:\/\/api.w.org\/{rel}","templated":true}]}}