{"id":4049,"date":"2022-09-05T16:12:23","date_gmt":"2022-09-05T19:12:23","guid":{"rendered":"https:\/\/sinpes.org.br\/site\/?p=4049"},"modified":"2022-09-27T15:26:16","modified_gmt":"2022-09-27T18:26:16","slug":"nota-do-sinpes-sobre-episodio-de-violencia-na-universidade-positivo","status":"publish","type":"post","link":"https:\/\/sinpes.org.br\/site\/nota-do-sinpes-sobre-episodio-de-violencia-na-universidade-positivo\/","title":{"rendered":"Nota do Sinpes sobre epis\u00f3dio de viol\u00eancia na Universidade Positivo"},"content":{"rendered":"<p><strong>05\/09\/2022<\/strong><\/p>\n<p>O Sindicato dos Professores de Ensino Superior de Curitiba e Regi\u00e3o Metropolitana \u2013 SINPES vem a p\u00fablico manifestar preocupa\u00e7\u00e3o diante de informa\u00e7\u00f5es trazidas ao sindicato por professores e estudantes da Universidade Positivo. Relatos da comunidade acad\u00eamica d\u00e3o conta que um estudante do curso de Direito da UP, depois de discuss\u00e3o pol\u00edtica travada por meio de aplicativo de mensagens, teria amea\u00e7ado outro estudante e afirmado que nesta segunda-feira (05) iria armado ao campus da universidade para \u201cacertar as contas\u201d com o desafeto, amea\u00e7ando tamb\u00e9m quem ousasse interferir.<\/p>\n<p>O sindicato lamenta o clima de extremismo que invadiu tamb\u00e9m o seio do universo acad\u00eamico. O Sinpes atribui tamanha intoler\u00e2ncia ao \u00f3dio estimulado pela extrema direita que tem no Pal\u00e1cio do Planalto sua voz mais ressonante.<\/p>\n<p>Esse epis\u00f3dio, na vis\u00e3o do sindicato, poderia ter tido um fim tr\u00e1gico como outros tiveram e ele \u00e9 fruto tamb\u00e9m da pol\u00edtica armamentista irrespons\u00e1vel sob a qual vive o pa\u00eds desde o in\u00edcio de 2019.<\/p>\n<p>E serve para ofuscar importantes discuss\u00f5es que deveriam estar sendo travadas no ambiente acad\u00eamico nesses dias que antecedem a realiza\u00e7\u00e3o de elei\u00e7\u00f5es gerais em face do clima de aliena\u00e7\u00e3o infelizmente alimentado pelos que, embora com boas ideias, omitem-se em se posicionar publicamente nesse momento crucial, dando espa\u00e7o e criando condi\u00e7\u00f5es para viol\u00eancias desse jaez.<\/p>\n<p>Por fim, o sindicato exige que a Universidade Positivo adote severas provid\u00eancias para que a paz e a liberdade de express\u00e3o possam ser elementos caros e inegoci\u00e1veis no ambiente acad\u00eamico.<\/p>\n<p><strong>Diretoria do Sinpes\u00a0<\/strong><\/p>\n<p>&nbsp;<\/p>\n<!-- AddThis Advanced Settings generic via filter on the_content --><!-- AddThis Share Buttons generic via filter on the_content -->","protected":false},"excerpt":{"rendered":"<p>05\/09\/2022 O Sindicato dos Professores de Ensino Superior de Curitiba e Regi\u00e3o Metropolitana \u2013 SINPES vem a p\u00fablico manifestar preocupa\u00e7\u00e3o diante de informa\u00e7\u00f5es trazidas ao sindicato por professores e estudantes da Universidade Positivo. Relatos da comunidade acad\u00eamica d\u00e3o conta que um estudante do curso de Direito da UP, depois de discuss\u00e3o pol\u00edtica travada por meio [&hellip;]<!-- AddThis Advanced Settings generic via filter on wp_trim_excerpt --><!-- AddThis Share Buttons generic via filter on wp_trim_excerpt --><\/p>\n","protected":false},"author":3,"featured_media":0,"comment_status":"closed","ping_status":"open","sticky":false,"template":"","format":"standard","meta":{"footnotes":""},"categories":[7,478,18,13,175],"tags":[831,832,829,128,198,830],"class_list":["post-4049","post","type-post","status-publish","format-standard","hentry","category-arquivo-de-noticias","category-coronavirus-e-direitos-dos-professores","category-destaque","category-home","category-positivo","tag-ameaca","tag-estudantes-da-positivo","tag-nota-sinpes","tag-positivo","tag-universidade-positivo","tag-violencia"],"_links":{"self":[{"href":"https:\/\/sinpes.org.br\/site\/wp-json\/wp\/v2\/posts\/4049","targetHints":{"allow":["GET"]}}],"collection":[{"href":"https:\/\/sinpes.org.br\/site\/wp-json\/wp\/v2\/posts"}],"about":[{"href":"https:\/\/sinpes.org.br\/site\/wp-json\/wp\/v2\/types\/post"}],"author":[{"embeddable":true,"href":"https:\/\/sinpes.org.br\/site\/wp-json\/wp\/v2\/users\/3"}],"replies":[{"embeddable":true,"href":"https:\/\/sinpes.org.br\/site\/wp-json\/wp\/v2\/comments?post=4049"}],"version-history":[{"count":7,"href":"https:\/\/sinpes.org.br\/site\/wp-json\/wp\/v2\/posts\/4049\/revisions"}],"predecessor-version":[{"id":4083,"href":"https:\/\/sinpes.org.br\/site\/wp-json\/wp\/v2\/posts\/4049\/revisions\/4083"}],"wp:attachment":[{"href":"https:\/\/sinpes.org.br\/site\/wp-json\/wp\/v2\/media?parent=4049"}],"wp:term":[{"taxonomy":"category","embeddable":true,"href":"https:\/\/sinpes.org.br\/site\/wp-json\/wp\/v2\/categories?post=4049"},{"taxonomy":"post_tag","embeddable":true,"href":"https:\/\/sinpes.org.br\/site\/wp-json\/wp\/v2\/tags?post=4049"}],"curies":[{"name":"wp","href":"https:\/\/api.w.org\/{rel}","templated":true}]}}