{"id":4045,"date":"2022-09-02T11:44:56","date_gmt":"2022-09-02T14:44:56","guid":{"rendered":"https:\/\/sinpes.org.br\/site\/?p=4045"},"modified":"2022-09-02T11:46:50","modified_gmt":"2022-09-02T14:46:50","slug":"atencao-professores-as-da-puc-ultimo-prazo-para-encaminhar-informacoes-ao-sinpes-para-subsidiar-negociacoes-em-andamento","status":"publish","type":"post","link":"https:\/\/sinpes.org.br\/site\/atencao-professores-as-da-puc-ultimo-prazo-para-encaminhar-informacoes-ao-sinpes-para-subsidiar-negociacoes-em-andamento\/","title":{"rendered":"Aten\u00e7\u00e3o professores\/as da PUC: \u00daltimo prazo para encaminhar informa\u00e7\u00f5es ao Sinpes para subsidiar negocia\u00e7\u00f5es em andamento"},"content":{"rendered":"<p>Conforme j\u00e1 foi anunciado, Sinpes e PUC- PR est\u00e3o em negocia\u00e7\u00f5es com o objetivo de p\u00f4r fim \u00e0 integralidade das demandas trabalhistas ainda pendentes de julgamento perante a Justi\u00e7a do Trabalho.<\/p>\n<p>No final deste texto segue link com tabela atualizada a partir de informa\u00e7\u00f5es prestadas pelos professores interessados e encaminhadas pela PUCPR posteriormente \u00e0 elabora\u00e7\u00e3o da primeira tabela.<\/p>\n<p>Essa nova listagem traz dados para confer\u00eancia dos professores e professoras que lecionaram na PUCPR entre 2013 e 2019, os semestres em que supostamente trabalharam nesse per\u00edodo e a faixa da carga hor\u00e1ria m\u00e9dia efetivamente lecionada em cada semestre, observados os seguintes crit\u00e9rios:<\/p>\n<p>\u2013 Faixa 10 para os que lecionam m\u00e9dia entre 4 e 14 horas aulas semanais;<\/p>\n<p>\u2013 Faixa 20 para os que lecionam m\u00e9dia entre 15 e 24 horas aulas semanais;<\/p>\n<p>\u2013 Faixa 30 para os que lecionam m\u00e9dia entre 25 e 34 horas aulas semanais;<\/p>\n<p>\u2013 Faixa 40 para os que lecionam m\u00e9dia entre 35 e 40 horas aulas semanais.<\/p>\n<p>A carga hor\u00e1ria que deve ser considerada para efeito de enquadramento em cada uma das faixas estabelecidas \u00e9 aquela efetivamente lecionada (aulas te\u00f3ricas, pr\u00e1ticas e est\u00e1gios). N\u00e3o devem ser consideradas as atividades de extens\u00e3o laboradas, assim como as atividades n\u00e3o docentes em sentido estrito.<\/p>\n<p>A ado\u00e7\u00e3o de faixas, ao inv\u00e9s de observ\u00e2ncia da carga hor\u00e1ria efetiva de cada professor, decorre da necessidade de se agilizarem os c\u00e1lculos necess\u00e1rios, pois os processos em negocia\u00e7\u00e3o encontram-se suspensos apenas e t\u00e3o somente por 180 dias. A partir desse prazo retomam sua tramita\u00e7\u00e3o normal e uma decis\u00e3o favor\u00e1vel a qualquer das partes poder\u00e1 dificultar o prosseguimento das negocia\u00e7\u00f5es.<\/p>\n<p>N\u00e3o est\u00e3o relacionados aqueles professores que porventura tenham feito acordo com a PUC dando quita\u00e7\u00e3o do contrato ou que tenham ajuizado a\u00e7\u00f5es em que pedem a remunera\u00e7\u00e3o como extras das horas de intervalo do recreio.<\/p>\n<p><strong>Os professores dever\u00e3o conferir:<\/strong><\/p>\n<p><strong>\u2013 Se constam como trabalhando em todos os semestres que efetivamente trabalharam e lecionaram 4 aulas semanais ou mais;<\/strong><\/p>\n<p><strong>\u2013 Se o enquadramento funcional referido em cada semestre est\u00e1 correto (professor auxiliar, assistente, adjunto ou titular);<\/strong><\/p>\n<p><strong>\u2013 Se est\u00e1 correta a faixa adotada, uma vez cotejada a m\u00e9dia da carga hor\u00e1ria com os crit\u00e9rios acima expendidos.<\/strong><\/p>\n<p><strong>Detectando-se discrep\u00e2ncia entre as informa\u00e7\u00f5es conferidas na tabela e a real situa\u00e7\u00e3o profissional dos docentes que trabalharam e lecionaram na PUC entre 2013 e 2019, os interessados devem encaminhar ao Sinpes (e-mail <\/strong><a href=\"mailto:sinpes@sinpes.org.br\"><strong>sinpes@sinpes.org.br<\/strong><\/a><strong>)<\/strong><strong> as informa\u00e7\u00f5es corretas, preferencialmente comprovadas mediante apresenta\u00e7\u00e3o de holerite ou outro documento comprobat\u00f3rio referente ao semestre em que detectado eventual equ\u00edvoco<\/strong><strong>.<\/strong><\/p>\n<p><strong>Os docentes n\u00e3o devem incluir os dados na tabela e encaminh\u00e1-la ao sindicato. Em caso de n\u00e3o ter o professor documento id\u00f4neo para comprovar a retifica\u00e7\u00e3o, a informa\u00e7\u00e3o ficar\u00e1 sujeita ao crivo do Grupo Marista, que informa j\u00e1 ter conseguido resgatar os dados necess\u00e1rios para tal confer\u00eancia, apesar da a\u00e7\u00e3o predat\u00f3ria que sofreu em face da atua\u00e7\u00e3o de hackers.<\/strong><\/p>\n<p><strong>Para que as negocia\u00e7\u00f5es possam ter prosseguimento, o Sinpes concede prazo at\u00e9 o dia 13 de setembro para que essas retifica\u00e7\u00f5es sejam encaminhadas. Encerrado o prazo, as negocia\u00e7\u00f5es ser\u00e3o feitas a partir dos dados disponibilizados pelos interessados, n\u00e3o mais sendo poss\u00edvel qualquer retifica\u00e7\u00e3o nas informa\u00e7\u00f5es consolidadas. <\/strong><\/p>\n<p>&nbsp;<\/p>\n<p>Confira a lista no link: <a href=\"https:\/\/sinpes.org.br\/site\/wp-content\/uploads\/2022\/09\/RESUMO-POR-CLASSE-31.08.2022.pdf\">RESUMO POR CLASSE 31.08.2022<\/a><\/p>\n<!-- AddThis Advanced Settings generic via filter on the_content --><!-- AddThis Share Buttons generic via filter on the_content -->","protected":false},"excerpt":{"rendered":"<p>Conforme j\u00e1 foi anunciado, Sinpes e PUC- PR est\u00e3o em negocia\u00e7\u00f5es com o objetivo de p\u00f4r fim \u00e0 integralidade das demandas trabalhistas ainda pendentes de julgamento perante a Justi\u00e7a do Trabalho. No final deste texto segue link com tabela atualizada a partir de informa\u00e7\u00f5es prestadas pelos professores interessados e encaminhadas pela PUCPR posteriormente \u00e0 elabora\u00e7\u00e3o [&hellip;]<!-- AddThis Advanced Settings generic via filter on wp_trim_excerpt --><!-- AddThis Share Buttons generic via filter on wp_trim_excerpt --><\/p>\n","protected":false},"author":3,"featured_media":0,"comment_status":"closed","ping_status":"open","sticky":false,"template":"","format":"standard","meta":{"footnotes":""},"categories":[7,478,18,13,2],"tags":[39,486,617,635,61,418],"class_list":["post-4045","post","type-post","status-publish","format-standard","hentry","category-arquivo-de-noticias","category-coronavirus-e-direitos-dos-professores","category-destaque","category-home","category-puc","tag-acordo","tag-acordo-puc","tag-assembleia-puc","tag-professores-da-puc","tag-puc","tag-pucpr"],"_links":{"self":[{"href":"https:\/\/sinpes.org.br\/site\/wp-json\/wp\/v2\/posts\/4045","targetHints":{"allow":["GET"]}}],"collection":[{"href":"https:\/\/sinpes.org.br\/site\/wp-json\/wp\/v2\/posts"}],"about":[{"href":"https:\/\/sinpes.org.br\/site\/wp-json\/wp\/v2\/types\/post"}],"author":[{"embeddable":true,"href":"https:\/\/sinpes.org.br\/site\/wp-json\/wp\/v2\/users\/3"}],"replies":[{"embeddable":true,"href":"https:\/\/sinpes.org.br\/site\/wp-json\/wp\/v2\/comments?post=4045"}],"version-history":[{"count":2,"href":"https:\/\/sinpes.org.br\/site\/wp-json\/wp\/v2\/posts\/4045\/revisions"}],"predecessor-version":[{"id":4048,"href":"https:\/\/sinpes.org.br\/site\/wp-json\/wp\/v2\/posts\/4045\/revisions\/4048"}],"wp:attachment":[{"href":"https:\/\/sinpes.org.br\/site\/wp-json\/wp\/v2\/media?parent=4045"}],"wp:term":[{"taxonomy":"category","embeddable":true,"href":"https:\/\/sinpes.org.br\/site\/wp-json\/wp\/v2\/categories?post=4045"},{"taxonomy":"post_tag","embeddable":true,"href":"https:\/\/sinpes.org.br\/site\/wp-json\/wp\/v2\/tags?post=4045"}],"curies":[{"name":"wp","href":"https:\/\/api.w.org\/{rel}","templated":true}]}}