{"id":4041,"date":"2022-09-01T13:41:49","date_gmt":"2022-09-01T16:41:49","guid":{"rendered":"https:\/\/sinpes.org.br\/site\/?p=4041"},"modified":"2022-09-01T15:25:50","modified_gmt":"2022-09-01T18:25:50","slug":"votacao-sobre-as-deliberacoes-da-assembleia-geral-do-sindicato-dos-professores-de-ensino-superior-de-curitiba-e-regiao-metropolitana-sinpes","status":"publish","type":"post","link":"https:\/\/sinpes.org.br\/site\/votacao-sobre-as-deliberacoes-da-assembleia-geral-do-sindicato-dos-professores-de-ensino-superior-de-curitiba-e-regiao-metropolitana-sinpes\/","title":{"rendered":"Vota\u00e7\u00e3o sobre as delibera\u00e7\u00f5es da Assembleia Geral do Sindicato dos Professores de Ensino Superior de Curitiba e Regi\u00e3o Metropolitana \u2013 SINPES"},"content":{"rendered":"<p>Na tarde desta quarta-feira (31), o Sindicato dos Professores de Curitiba e Regi\u00e3o Metropolitana \u2013 SINPES realizou Assembleia Geral Virtual com professores e professoras do ensino superior privado de Curitiba e Regi\u00e3o Metropolitana.<br \/>\nNa pauta, a intransig\u00eancia e a falta de sensibilidade do SINEPE, que se recusa a incorporar no sal\u00e1rio o abono salarial de 6,22% ajustado entre as partes para pagamento entre mar\u00e7o de 2021 e fevereiro de 2022, hoje suprimido, assim como efetivar reajuste que compense a deprecia\u00e7\u00e3o da moeda.<br \/>\nForam debatidas a\u00e7\u00f5es incisivas para obrigar o patronal a conceder reajuste digno a professores e professoras. Abaixo segue o link para que os professores votem nas a\u00e7\u00f5es sugeridas durante a Assembleia.<br \/>\n\u00c9 poss\u00edvel votar at\u00e9 as 23h59 do dia 13\/09\/2022<\/p>\n<p><strong>Link da vota\u00e7\u00e3o:\u00a0<a href=\"https:\/\/docs.google.com\/forms\/d\/e\/1FAIpQLSdbLyhfYrSjL64zzNYsg-_V_z6abOdD-pFVZ0Y9ZUlDukrmtQ\/viewform?vc=0&amp;c=0&amp;w=1&amp;flr=0\">https:\/\/docs.google.com\/forms\/d\/e\/1FAIpQLSdbLyhfYrSjL64zzNYsg-_V_z6abOdD-pFVZ0Y9ZUlDukrmtQ\/viewform?vc=0&amp;c=0&amp;w=1&amp;flr=0<\/a><\/strong><\/p>\n<!-- AddThis Advanced Settings generic via filter on the_content --><!-- AddThis Share Buttons generic via filter on the_content -->","protected":false},"excerpt":{"rendered":"<p>Na tarde desta quarta-feira (31), o Sindicato dos Professores de Curitiba e Regi\u00e3o Metropolitana \u2013 SINPES realizou Assembleia Geral Virtual com professores e professoras do ensino superior privado de Curitiba e Regi\u00e3o Metropolitana. Na pauta, a intransig\u00eancia e a falta de sensibilidade do SINEPE, que se recusa a incorporar no sal\u00e1rio o abono salarial de [&hellip;]<!-- AddThis Advanced Settings generic via filter on wp_trim_excerpt --><!-- AddThis Share Buttons generic via filter on wp_trim_excerpt --><\/p>\n","protected":false},"author":3,"featured_media":0,"comment_status":"closed","ping_status":"open","sticky":false,"template":"","format":"standard","meta":{"footnotes":""},"categories":[7,478,18,13],"tags":[305,60,515,464,331,828,761,371,68,62],"class_list":["post-4041","post","type-post","status-publish","format-standard","hentry","category-arquivo-de-noticias","category-coronavirus-e-direitos-dos-professores","category-destaque","category-home","tag-assembleia","tag-assembleia-geral","tag-assembleia-virtual","tag-campanha","tag-cct","tag-luta","tag-reajuste","tag-salarios","tag-sinepe","tag-sinpes"],"_links":{"self":[{"href":"https:\/\/sinpes.org.br\/site\/wp-json\/wp\/v2\/posts\/4041","targetHints":{"allow":["GET"]}}],"collection":[{"href":"https:\/\/sinpes.org.br\/site\/wp-json\/wp\/v2\/posts"}],"about":[{"href":"https:\/\/sinpes.org.br\/site\/wp-json\/wp\/v2\/types\/post"}],"author":[{"embeddable":true,"href":"https:\/\/sinpes.org.br\/site\/wp-json\/wp\/v2\/users\/3"}],"replies":[{"embeddable":true,"href":"https:\/\/sinpes.org.br\/site\/wp-json\/wp\/v2\/comments?post=4041"}],"version-history":[{"count":3,"href":"https:\/\/sinpes.org.br\/site\/wp-json\/wp\/v2\/posts\/4041\/revisions"}],"predecessor-version":[{"id":4044,"href":"https:\/\/sinpes.org.br\/site\/wp-json\/wp\/v2\/posts\/4041\/revisions\/4044"}],"wp:attachment":[{"href":"https:\/\/sinpes.org.br\/site\/wp-json\/wp\/v2\/media?parent=4041"}],"wp:term":[{"taxonomy":"category","embeddable":true,"href":"https:\/\/sinpes.org.br\/site\/wp-json\/wp\/v2\/categories?post=4041"},{"taxonomy":"post_tag","embeddable":true,"href":"https:\/\/sinpes.org.br\/site\/wp-json\/wp\/v2\/tags?post=4041"}],"curies":[{"name":"wp","href":"https:\/\/api.w.org\/{rel}","templated":true}]}}