{"id":4037,"date":"2022-08-31T14:08:37","date_gmt":"2022-08-31T17:08:37","guid":{"rendered":"https:\/\/sinpes.org.br\/site\/?p=4037"},"modified":"2022-08-31T14:10:35","modified_gmt":"2022-08-31T17:10:35","slug":"link-para-a-assembleia-geral-do-sinpes","status":"publish","type":"post","link":"https:\/\/sinpes.org.br\/site\/link-para-a-assembleia-geral-do-sinpes\/","title":{"rendered":"Link para a Assembleia Geral do Sinpes"},"content":{"rendered":"<p>Abaixo segue o link e senha de acesso para a Assembleia Geral com professores e professoras do ensino superior privado de Curitiba e Regi\u00e3o Metropolitana.<\/p>\n<p>Nela, ser\u00e1 discutida a \u00a0intransig\u00eancia e a falta de sensibilidade do SINEPE, que se recusa a incorporar no sal\u00e1rio o abono salarial de 6,22% ajustado entre as partes para pagamento entre mar\u00e7o de 2021 e fevereiro de 2022, hoje suprimido, assim como efetivar reajuste que compense a deprecia\u00e7\u00e3o da moeda.<\/p>\n<p>Ser\u00e3o debatidas e votadas a\u00e7\u00f5es incisivas para obrigar o patronal a conceder reajuste digno a professores e professoras.<\/p>\n<p>Hor\u00e1rio da Assembleia: 17h30<\/p>\n<p>\ud83d\uddb1\ufe0f Link da Assembleia:\u00a0<a href=\"https:\/\/us06web.zoom.us\/j\/85789740300?pwd=MUNaM0VvVGFVd1pyV2NYaERvc21oZz09\">https:\/\/us06web.zoom.us\/j\/85789740300?pwd=MUNaM0VvVGFVd1pyV2NYaERvc21oZz09<\/a><br \/>\n\ud83d\udcf1ID da reuni\u00e3o: 857 8974 0300<br \/>\n\ud83d\udd11Senha de acesso: 396979<\/p>\n<p>Participe!<\/p>\n<!-- AddThis Advanced Settings generic via filter on the_content --><!-- AddThis Share Buttons generic via filter on the_content -->","protected":false},"excerpt":{"rendered":"<p>Abaixo segue o link e senha de acesso para a Assembleia Geral com professores e professoras do ensino superior privado de Curitiba e Regi\u00e3o Metropolitana. Nela, ser\u00e1 discutida a \u00a0intransig\u00eancia e a falta de sensibilidade do SINEPE, que se recusa a incorporar no sal\u00e1rio o abono salarial de 6,22% ajustado entre as partes para pagamento [&hellip;]<!-- AddThis Advanced Settings generic via filter on wp_trim_excerpt --><!-- AddThis Share Buttons generic via filter on wp_trim_excerpt --><\/p>\n","protected":false},"author":3,"featured_media":0,"comment_status":"closed","ping_status":"open","sticky":false,"template":"","format":"standard","meta":{"footnotes":""},"categories":[7,18,13],"tags":[305,60,825,331,71,58,68,62],"class_list":["post-4037","post","type-post","status-publish","format-standard","hentry","category-arquivo-de-noticias","category-destaque","category-home","tag-assembleia","tag-assembleia-geral","tag-campanha-salarial","tag-cct","tag-reajuste-salarial","tag-salario","tag-sinepe","tag-sinpes"],"_links":{"self":[{"href":"https:\/\/sinpes.org.br\/site\/wp-json\/wp\/v2\/posts\/4037","targetHints":{"allow":["GET"]}}],"collection":[{"href":"https:\/\/sinpes.org.br\/site\/wp-json\/wp\/v2\/posts"}],"about":[{"href":"https:\/\/sinpes.org.br\/site\/wp-json\/wp\/v2\/types\/post"}],"author":[{"embeddable":true,"href":"https:\/\/sinpes.org.br\/site\/wp-json\/wp\/v2\/users\/3"}],"replies":[{"embeddable":true,"href":"https:\/\/sinpes.org.br\/site\/wp-json\/wp\/v2\/comments?post=4037"}],"version-history":[{"count":3,"href":"https:\/\/sinpes.org.br\/site\/wp-json\/wp\/v2\/posts\/4037\/revisions"}],"predecessor-version":[{"id":4040,"href":"https:\/\/sinpes.org.br\/site\/wp-json\/wp\/v2\/posts\/4037\/revisions\/4040"}],"wp:attachment":[{"href":"https:\/\/sinpes.org.br\/site\/wp-json\/wp\/v2\/media?parent=4037"}],"wp:term":[{"taxonomy":"category","embeddable":true,"href":"https:\/\/sinpes.org.br\/site\/wp-json\/wp\/v2\/categories?post=4037"},{"taxonomy":"post_tag","embeddable":true,"href":"https:\/\/sinpes.org.br\/site\/wp-json\/wp\/v2\/tags?post=4037"}],"curies":[{"name":"wp","href":"https:\/\/api.w.org\/{rel}","templated":true}]}}