{"id":4032,"date":"2022-08-22T09:43:24","date_gmt":"2022-08-22T12:43:24","guid":{"rendered":"https:\/\/sinpes.org.br\/site\/?p=4032"},"modified":"2022-08-22T09:49:49","modified_gmt":"2022-08-22T12:49:49","slug":"atencao-professor-a-da-puc-saiba-quais-informacoes-encaminhar-ao-sinpes-para-subsidiar-a-posicao-do-sindicato-nas-negociacoes-relativas-a-possiveis-calculos-de-acordos-indenizatorios","status":"publish","type":"post","link":"https:\/\/sinpes.org.br\/site\/atencao-professor-a-da-puc-saiba-quais-informacoes-encaminhar-ao-sinpes-para-subsidiar-a-posicao-do-sindicato-nas-negociacoes-relativas-a-possiveis-calculos-de-acordos-indenizatorios\/","title":{"rendered":"Aten\u00e7\u00e3o professor\/a da PUC: Saiba quais informa\u00e7\u00f5es encaminhar ao Sinpes para subsidiar a posi\u00e7\u00e3o do Sindicato nas negocia\u00e7\u00f5es relativas a poss\u00edveis c\u00e1lculos de acordos indenizat\u00f3rios"},"content":{"rendered":"<p>Sinpes e PUC- PR est\u00e3o em negocia\u00e7\u00f5es com o objetivo de p\u00f4r fim \u00e0 integralidade das demandas trabalhistas ainda pendentes de julgamento perante a Justi\u00e7a do Trabalho.<\/p>\n<p>No final deste texto, segue link com a tabela que traz dados para confer\u00eancia dos professores e professoras que lecionaram na PUCPR entre 2013 e 2019, os semestres em que supostamente trabalharam nesse per\u00edodo e a faixa da carga hor\u00e1ria m\u00e9dia efetivamente lecionada em cada semestre, observados os seguintes crit\u00e9rios:<\/p>\n<p>\u2013 Faixa 10 para os que lecionam m\u00e9dia entre 1 e 14 horas aulas semanais;<\/p>\n<p>\u2013 Faixa 20 para os que lecionam m\u00e9dia entre 15 e 24 horas aulas semanais;<\/p>\n<p>\u2013 Faixa 30 para os que lecionam m\u00e9dia entre 25 e 34 horas aulas semanais;<\/p>\n<p>\u2013 Faixa 40 para os que lecionam m\u00e9dia entre 35 e 40 horas aulas semanais.<\/p>\n<p>A carga hor\u00e1ria que deve ser considerada para efeito de enquadramento em cada uma das faixas estabelecidas \u00e9 aquela efetivamente lecionada (aulas te\u00f3ricas, pr\u00e1ticas e est\u00e1gios), n\u00e3o devendo ser consideradas as atividades de extens\u00e3o laboradas, assim como as atividades n\u00e3o docentes em sentido estrito.<\/p>\n<p>A ado\u00e7\u00e3o de faixas, ao inv\u00e9s de observ\u00e2ncia da carga hor\u00e1ria efetiva de cada professor, decorre da necessidade de se agilizarem os c\u00e1lculos necess\u00e1rios, pois os processos em negocia\u00e7\u00e3o encontram-se suspensos apenas e t\u00e3o somente por 180 dias. A partir desse prazo retomam sua tramita\u00e7\u00e3o normal e uma decis\u00e3o favor\u00e1vel a qualquer das partes poder\u00e1 dificultar o prosseguimento das negocia\u00e7\u00f5es.<\/p>\n<p>N\u00e3o est\u00e3o relacionados aqueles professores que porventura tenham feito acordo com a PUC dando quita\u00e7\u00e3o do contrato ou que tenham ajuizado a\u00e7\u00f5es em que pedem a remunera\u00e7\u00e3o como extras das horas de intervalo do recreio.<\/p>\n<p><strong>Os professores dever\u00e3o conferir:<\/strong><\/p>\n<p><strong>\u2013 Se constam como trabalhando em todos os semestres que efetivamente trabalharam;<\/strong><\/p>\n<p><strong>\u2013 Se o enquadramento funcional referido em cada semestre encontra-se correto;<\/strong><\/p>\n<p><strong>\u2013 Se est\u00e1 correta a faixa adotada, uma vez cotejada a m\u00e9dia da carga hor\u00e1ria com os crit\u00e9rios acima expendidos.<\/strong><\/p>\n<p><strong>Em caso de discrep\u00e2ncia entre as informa\u00e7\u00f5es conferidas na tabela e real situa\u00e7\u00e3o profissional dos professores que trabalharam na PUC entre 2013 e 2019, estes docentes devem encaminhar ao Sinpes preferencialmente holerites do semestre em que detectado eventual equ\u00edvoco ou outro documento nesse sentido, inclusive c\u00f3pias de hor\u00e1rios recebidos no semestre, por meio do e-mail: <\/strong><a href=\"mailto:sinpes@sinpes.org.br\"><strong>sinpes@sinpes.org.br<\/strong><\/a><strong>.<\/strong><\/p>\n<p>Os docentes n\u00e3o devem incluir os dados na tabela e encaminh\u00e1-la ao sindicato. \u00c9 importante que as informa\u00e7\u00f5es retificadas sejam comprovadas em face das dificuldades de o Grupo Marista resgatar os dados necess\u00e1rios em face do preju\u00edzo sofrido pela a\u00e7\u00e3o predat\u00f3ria de hackers.<\/p>\n<p>As singulares circunst\u00e2ncias em que as negocia\u00e7\u00f5es est\u00e3o sendo feitas confirmam alerta reiteradamente anunciado pelo Sinpes, no sentido de que os professores devem gravar ou imprimir e guardar em lugar seguro seus holerites mensalmente.<\/p>\n<p><a href=\"https:\/\/sinpes.org.br\/site\/wp-content\/uploads\/2022\/08\/Lista-PUC.pdf\">Lista PUC<\/a><\/p>\n<p>&nbsp;<\/p>\n<!-- AddThis Advanced Settings generic via filter on the_content --><!-- AddThis Share Buttons generic via filter on the_content -->","protected":false},"excerpt":{"rendered":"<p>Sinpes e PUC- PR est\u00e3o em negocia\u00e7\u00f5es com o objetivo de p\u00f4r fim \u00e0 integralidade das demandas trabalhistas ainda pendentes de julgamento perante a Justi\u00e7a do Trabalho. No final deste texto, segue link com a tabela que traz dados para confer\u00eancia dos professores e professoras que lecionaram na PUCPR entre 2013 e 2019, os semestres [&hellip;]<!-- AddThis Advanced Settings generic via filter on wp_trim_excerpt --><!-- AddThis Share Buttons generic via filter on wp_trim_excerpt --><\/p>\n","protected":false},"author":3,"featured_media":0,"comment_status":"closed","ping_status":"open","sticky":false,"template":"","format":"standard","meta":{"footnotes":""},"categories":[7,18,13,2],"tags":[583,486,390,134,22,635,418,404],"class_list":["post-4032","post","type-post","status-publish","format-standard","hentry","category-arquivo-de-noticias","category-destaque","category-home","category-puc","tag-acoes-do-sindicato","tag-acordo-puc","tag-acordos","tag-indenizacao","tag-professores","tag-professores-da-puc","tag-pucpr","tag-sindicato"],"_links":{"self":[{"href":"https:\/\/sinpes.org.br\/site\/wp-json\/wp\/v2\/posts\/4032","targetHints":{"allow":["GET"]}}],"collection":[{"href":"https:\/\/sinpes.org.br\/site\/wp-json\/wp\/v2\/posts"}],"about":[{"href":"https:\/\/sinpes.org.br\/site\/wp-json\/wp\/v2\/types\/post"}],"author":[{"embeddable":true,"href":"https:\/\/sinpes.org.br\/site\/wp-json\/wp\/v2\/users\/3"}],"replies":[{"embeddable":true,"href":"https:\/\/sinpes.org.br\/site\/wp-json\/wp\/v2\/comments?post=4032"}],"version-history":[{"count":2,"href":"https:\/\/sinpes.org.br\/site\/wp-json\/wp\/v2\/posts\/4032\/revisions"}],"predecessor-version":[{"id":4034,"href":"https:\/\/sinpes.org.br\/site\/wp-json\/wp\/v2\/posts\/4032\/revisions\/4034"}],"wp:attachment":[{"href":"https:\/\/sinpes.org.br\/site\/wp-json\/wp\/v2\/media?parent=4032"}],"wp:term":[{"taxonomy":"category","embeddable":true,"href":"https:\/\/sinpes.org.br\/site\/wp-json\/wp\/v2\/categories?post=4032"},{"taxonomy":"post_tag","embeddable":true,"href":"https:\/\/sinpes.org.br\/site\/wp-json\/wp\/v2\/tags?post=4032"}],"curies":[{"name":"wp","href":"https:\/\/api.w.org\/{rel}","templated":true}]}}