{"id":4023,"date":"2022-08-18T16:35:53","date_gmt":"2022-08-18T19:35:53","guid":{"rendered":"https:\/\/sinpes.org.br\/site\/?p=4023"},"modified":"2022-08-18T16:52:33","modified_gmt":"2022-08-18T19:52:33","slug":"sinpes-e-grupo-marista-negociam-as-acoes-trabalhistas-ajuizadas","status":"publish","type":"post","link":"https:\/\/sinpes.org.br\/site\/sinpes-e-grupo-marista-negociam-as-acoes-trabalhistas-ajuizadas\/","title":{"rendered":"Sinpes e Grupo Marista Negociam as A\u00e7\u00f5es Trabalhistas Ajuizadas"},"content":{"rendered":"<p>Estimulados pela grande receptividade dos professores em rela\u00e7\u00e3o aos acordos entabulados nos processos que tratavam da UNIMED dos docentes inativos e dos reflexos das verbas salariais auferidas no \u00e2mbito da p\u00f3s-gradua\u00e7\u00e3o, o SINPES e o Grupo Marista, no curso deste ano, prosseguem negocia\u00e7\u00f5es com o objetivo de por fim \u00e0 integralidade das demandas trabalhistas ainda pendentes de julgamento perante a Justi\u00e7a do Trabalho.<\/p>\n<p>Algumas quest\u00f5es mais complexas como a do Plano de Cargos e Sal\u00e1rios demandam negocia\u00e7\u00f5es mais cuidadosas, consultas aprofundadas aos diversos segmentos do corpo docente e mais tempo para reflex\u00e3o. Mat\u00e9rias menos intrincadas, como a disponibilidade dos professores no intervalo de recreio dependem apenas da apura\u00e7\u00e3o dos valores devidos e da extens\u00e3o dos recursos dispon\u00edveis do empregador.<\/p>\n<p>Para que seja poss\u00edvel negociar valores que respeitem a proporcionalidade da extens\u00e3o do trabalho e o enquadramento funcional de cada um dos beneficiados, \u00e9 necess\u00e1rio a identifica\u00e7\u00e3o de todos assim como o per\u00edodo de trabalho e a extens\u00e3o da carga hor\u00e1ria lecionada de cada um.<\/p>\n<p>Em que pesem os herc\u00faleos esfor\u00e7os da Associa\u00e7\u00e3o Paranaense de Cultura para fornecer esses dados ao Sinpes, indispens\u00e1veis para que se cheguem a valores palat\u00e1veis para ambas as partes a precis\u00e3o das informa\u00e7\u00f5es obtidas encontra-se compreensivelmente prejudicada pelo transtorno causado em face da recente perda de dados armazenados em seus computadores pelo Grupo Marista.<\/p>\n<p>Percebendo a olho nu que os dados recebidos n\u00e3o estavam completos, alguns dirigentes do Sinpes passaram a fazer a checagem destes dados com colegas mais pr\u00f3ximos, \u00e0 guisa de mera amostragem.<\/p>\n<p>Nesse sentido, foi encaminhada para confer\u00eancia da carga hor\u00e1ria lecionada, do semestre trabalhado e do enquadramento funcional dos professores, uma rela\u00e7\u00e3o que continha valores aleat\u00f3rios, at\u00e9 agora n\u00e3o negociados entre as partes, o que causou um compreens\u00edvel desconforto por parte do empregador.<\/p>\n<p><strong>O Sinpes penitencia-se pelo equ\u00edvoco involunt\u00e1rio: n\u00e3o imaginava que a confer\u00eancia informal por amostragem desencadeada pudesse ensejar a repercuss\u00e3o ocorrida.<\/strong><\/p>\n<p><strong>Pede que sejam desconsideradas as listas anteriores veiculadas e apenas considerada a anexa \u00e0 presente manifesta\u00e7\u00e3o.<\/strong><\/p>\n<p>Essa rela\u00e7\u00e3o cont\u00e9m o nome do(a) professor(a) que lecionou na PUCPR entre 2013 e 2019, os semestres em que supostamente trabalhou nesse per\u00edodo e a faixa da carga hor\u00e1ria m\u00e9dia efetivamente lecionada em cada semestre, observado o seguinte crit\u00e9rio:<\/p>\n<p>&#8211; Faixa 10 para os que lecionam m\u00e9dia entre 1 e 14 horas aulas semanais;<\/p>\n<p>&#8211; Faixa 20 para os que lecionam m\u00e9dia entre 15 e 24 horas aulas semanais;<\/p>\n<p>&#8211; Faixa 30 para os que lecionam m\u00e9dia entre 25 e 34 horas aulas semanais;<\/p>\n<p>&#8211; Faixa 40 para os que lecionam m\u00e9dia entre 35 e 40 horas aulas semanais.<\/p>\n<p>A carga hor\u00e1ria que deve ser considerada para efeito de enquadramento em cada uma das faixas estabelecidas \u00e9 aquela efetivamente lecionada (aulas te\u00f3ricas, pr\u00e1ticas e est\u00e1gios), n\u00e3o devendo ser consideradas as atividades de extens\u00e3o laboradas, assim como as atividades n\u00e3o docentes em sentido estrito.<\/p>\n<p>A ado\u00e7\u00e3o de faixas ao inv\u00e9s de observ\u00e2ncia da carga hor\u00e1ria efetiva de cada professor decorre da necessidade de se agilizarem os c\u00e1lculos necess\u00e1rios, pois os processos em negocia\u00e7\u00e3o encontram-se suspensos apenas e t\u00e3o somente por 180 dias. A partir desse prazo os retomam sua tramita\u00e7\u00e3o normal e uma decis\u00e3o favor\u00e1vel a qualquer das partes poder\u00e1 dificultar o prosseguimento das negocia\u00e7\u00f5es.<\/p>\n<p>N\u00e3o est\u00e3o relacionados aqueles professores que porventura tenham feito acordo com a PUC dando quita\u00e7\u00e3o do contrato ou que tenham ajuizado a\u00e7\u00f5es em que pedem a remunera\u00e7\u00e3o como extras das horas de intervalo do recreio.<\/p>\n<p><strong>Os professores dever\u00e3o conferir:<\/strong><\/p>\n<p><strong>&#8211; Se constam como trabalhando em todos os semestres que efetivamente trabalharam;<\/strong><\/p>\n<p><strong>&#8211; Se o enquadramento funcional referido em cada semestre encontra-se correto;<\/strong><\/p>\n<p><strong>&#8211; Se est\u00e1 correta a faixa adotada, uma vez cotejada a m\u00e9dia da carga hor\u00e1ria com os crit\u00e9rios acima expendidos.<\/strong><\/p>\n<p>Em caso de discrep\u00e2ncia entre a rela\u00e7\u00e3o anexa e a realidade profissional do professor interessado, este deve encaminhar <strong>via e-mail (sinpes@sinpes.org.br)<\/strong> para a informa\u00e7\u00e3o correta, preferencialmente acompanhada de documento comprobat\u00f3rio correspondente (qualquer holerite do semestre em que se verifica o equ\u00edvoco detectado) at\u00e9 26.08.2022.<\/p>\n<p><strong>O Sinpes enfatiza que esse levantamento e checagem \u00e9 apenas o ponto de partida para negocia\u00e7\u00e3o a ser entabulada entre as partes. Assim que estas negocia\u00e7\u00f5es sejam ultimadas ser\u00e1 convocada Assembleia Geral virtual para o pronunciamento dos interessados, de cuja concord\u00e2ncia e participa\u00e7\u00e3o depende a celebra\u00e7\u00e3o de eventual ajuste.<\/strong><\/p>\n<p><strong>\u00a0<\/strong><strong>Diretoria do Sinpes \u00a0\u00a0\u00a0\u00a0\u00a0\u00a0<\/strong><\/p>\n<p>Confira se seu nome consta na lista e se a quantidade horas por semestre est\u00e1 correta:<\/p>\n<p><a href=\"https:\/\/sinpes.org.br\/site\/wp-content\/uploads\/2022\/08\/Lista-PUC.pdf\">Lista PUC<\/a><\/p>\n<!-- AddThis Advanced Settings generic via filter on the_content --><!-- AddThis Share Buttons generic via filter on the_content -->","protected":false},"excerpt":{"rendered":"<p>Estimulados pela grande receptividade dos professores em rela\u00e7\u00e3o aos acordos entabulados nos processos que tratavam da UNIMED dos docentes inativos e dos reflexos das verbas salariais auferidas no \u00e2mbito da p\u00f3s-gradua\u00e7\u00e3o, o SINPES e o Grupo Marista, no curso deste ano, prosseguem negocia\u00e7\u00f5es com o objetivo de por fim \u00e0 integralidade das demandas trabalhistas ainda [&hellip;]<!-- AddThis Advanced Settings generic via filter on wp_trim_excerpt --><!-- AddThis Share Buttons generic via filter on wp_trim_excerpt --><\/p>\n","protected":false},"author":3,"featured_media":0,"comment_status":"closed","ping_status":"open","sticky":false,"template":"","format":"standard","meta":{"footnotes":""},"categories":[7,18,13,2],"tags":[39,486,281,635,61],"class_list":["post-4023","post","type-post","status-publish","format-standard","hentry","category-arquivo-de-noticias","category-destaque","category-home","category-puc","tag-acordo","tag-acordo-puc","tag-direitos-dos-professores","tag-professores-da-puc","tag-puc"],"_links":{"self":[{"href":"https:\/\/sinpes.org.br\/site\/wp-json\/wp\/v2\/posts\/4023","targetHints":{"allow":["GET"]}}],"collection":[{"href":"https:\/\/sinpes.org.br\/site\/wp-json\/wp\/v2\/posts"}],"about":[{"href":"https:\/\/sinpes.org.br\/site\/wp-json\/wp\/v2\/types\/post"}],"author":[{"embeddable":true,"href":"https:\/\/sinpes.org.br\/site\/wp-json\/wp\/v2\/users\/3"}],"replies":[{"embeddable":true,"href":"https:\/\/sinpes.org.br\/site\/wp-json\/wp\/v2\/comments?post=4023"}],"version-history":[{"count":4,"href":"https:\/\/sinpes.org.br\/site\/wp-json\/wp\/v2\/posts\/4023\/revisions"}],"predecessor-version":[{"id":4030,"href":"https:\/\/sinpes.org.br\/site\/wp-json\/wp\/v2\/posts\/4023\/revisions\/4030"}],"wp:attachment":[{"href":"https:\/\/sinpes.org.br\/site\/wp-json\/wp\/v2\/media?parent=4023"}],"wp:term":[{"taxonomy":"category","embeddable":true,"href":"https:\/\/sinpes.org.br\/site\/wp-json\/wp\/v2\/categories?post=4023"},{"taxonomy":"post_tag","embeddable":true,"href":"https:\/\/sinpes.org.br\/site\/wp-json\/wp\/v2\/tags?post=4023"}],"curies":[{"name":"wp","href":"https:\/\/api.w.org\/{rel}","templated":true}]}}