{"id":4021,"date":"2022-08-16T15:51:11","date_gmt":"2022-08-16T18:51:11","guid":{"rendered":"https:\/\/sinpes.org.br\/site\/?p=4021"},"modified":"2022-08-16T15:51:11","modified_gmt":"2022-08-16T18:51:11","slug":"sinpes-realiza-eleicao-complementar-para-seu-conselho-administrativo","status":"publish","type":"post","link":"https:\/\/sinpes.org.br\/site\/sinpes-realiza-eleicao-complementar-para-seu-conselho-administrativo\/","title":{"rendered":"Sinpes realiza elei\u00e7\u00e3o complementar para seu Conselho Administrativo"},"content":{"rendered":"<p>O Sindicato dos Professores do Ensino Superior de Curitiba \u2013 SINPES realiza, entre os dias 15\/08 e 19\/08, elei\u00e7\u00e3o complementar para o Conselho Administrativo de sua diretoria.<\/p>\n<p>Concorrem ao pleito a professora Darli de F\u00e1tima Sampaio (Sexta Suplente da Diretoria) e o professor Thiago Oliari Ribeiro (S\u00e9timo Suplente da Diretoria).<\/p>\n<p>A professora Darli possui gradua\u00e7\u00e3o em Filosofia pela Pontif\u00edcia Universidade Cat\u00f3lica do Paran\u00e1 (PUC-PR), mestrado em Sociologia pela Universidade Federal do Paran\u00e1 (UFPR) e doutorado tamb\u00e9m pela PUC-PR. \u00c9 docente de Filosofia na PUC e integra a Dire\u00e7\u00e3o colegiada do N\u00facleo de Direitos Humanos da universidade. Foi coordenadora do N\u00facleo de Estudos e Pesquisa de G\u00eanero e administradora da Casa do Trabalhador, refer\u00eancia em Curitiba para o Movimento Social. Igualmente figurou como coordenadora do Centro de Forma\u00e7\u00e3o Irm\u00e3 Ara\u00fajo e da Pastoral Oper\u00e1ria Nacional. Trabalhou ainda no Centro de Pesquisa e Apoio aos Trabalhadores (Cepat) e foi integrante da linha s\u00f3cio transformadora da Confer\u00eancia Nacional dos Bispos do Brasil (CNBB). Feminista e ligada \u00e0s pautas feministas do movimento social, participa da diretoria do Sinpes entre 2015 e 2021.<\/p>\n<p>O professor Thiago \u00e9 docente da disciplina de Psicologias Comportamentais na Unicesumar. Psic\u00f3logo Cl\u00ednico que utiliza abordagens baseada em evid\u00eancias, \u00e9 graduado em Psicologia pela UFPR e Mestre em Neuropsicofarmacologia pelo programa de p\u00f3s gradua\u00e7\u00e3o em Farmacologia tamb\u00e9m da Federal. Ligado a movimentos sociais e em defesa de direitos desde que era acad\u00eamico, exerceu importante lideran\u00e7a quando os professores da Faculdade de Administra\u00e7\u00e3o, Ci\u00eancias, Educa\u00e7\u00e3o e Letras (Facel) sofreram com atrasos salariais recorrentes, deflagrando movimento grevista engendrado com sucesso na \u00e9poca.<\/p>\n<p>A vota\u00e7\u00e3o \u00e9 aberta a todos os professores e professoras de Curitiba e Regi\u00e3o Metropolitana. A colheita dos votos \u00e9 feita atrav\u00e9s de uma urna instalada na sede do SINPES e outra itinerante, nas salas dos professores da Pontif\u00edcia Universidade Cat\u00f3lica.<\/p>\n<p><strong>Servi\u00e7o:<\/strong><\/p>\n<p><strong>Elei\u00e7\u00e3o Complementar do Sinpes <\/strong><\/p>\n<p><strong>Data:<\/strong> de 15\/08 \u00e0 19\/08<\/p>\n<p><strong>Hor\u00e1rio:<\/strong> Das 8 h \u00e0s 11h30 e das 13h30 \u00e0s 20 h<\/p>\n<p><strong>Local:<\/strong> Sede do Sinpes \u2013 Rua Marechal Deodoro, 869, sala 606 \u2013 Centro, Curitiba e Salas dos Professores da PUCPR.<\/p>\n<p><strong>Mais informa\u00e7\u00f5es:<\/strong> (41) 3225-1041\/ <a href=\"mailto:sinpes@sinpes.org.br\">sinpes@sinpes.org.br<\/a><\/p>\n<!-- AddThis Advanced Settings generic via filter on the_content --><!-- AddThis Share Buttons generic via filter on the_content -->","protected":false},"excerpt":{"rendered":"<p>O Sindicato dos Professores do Ensino Superior de Curitiba \u2013 SINPES realiza, entre os dias 15\/08 e 19\/08, elei\u00e7\u00e3o complementar para o Conselho Administrativo de sua diretoria. Concorrem ao pleito a professora Darli de F\u00e1tima Sampaio (Sexta Suplente da Diretoria) e o professor Thiago Oliari Ribeiro (S\u00e9timo Suplente da Diretoria). A professora Darli possui gradua\u00e7\u00e3o [&hellip;]<!-- AddThis Advanced Settings generic via filter on wp_trim_excerpt --><!-- AddThis Share Buttons generic via filter on wp_trim_excerpt --><\/p>\n","protected":false},"author":3,"featured_media":0,"comment_status":"closed","ping_status":"open","sticky":false,"template":"","format":"standard","meta":{"footnotes":""},"categories":[7,478,18,13],"tags":[827,203,826,754],"class_list":["post-4021","post","type-post","status-publish","format-standard","hentry","category-arquivo-de-noticias","category-coronavirus-e-direitos-dos-professores","category-destaque","category-home","tag-diretoria-do-sindicato","tag-eleicoes","tag-eleicoes-complementares","tag-eleicoes-sinpes"],"_links":{"self":[{"href":"https:\/\/sinpes.org.br\/site\/wp-json\/wp\/v2\/posts\/4021","targetHints":{"allow":["GET"]}}],"collection":[{"href":"https:\/\/sinpes.org.br\/site\/wp-json\/wp\/v2\/posts"}],"about":[{"href":"https:\/\/sinpes.org.br\/site\/wp-json\/wp\/v2\/types\/post"}],"author":[{"embeddable":true,"href":"https:\/\/sinpes.org.br\/site\/wp-json\/wp\/v2\/users\/3"}],"replies":[{"embeddable":true,"href":"https:\/\/sinpes.org.br\/site\/wp-json\/wp\/v2\/comments?post=4021"}],"version-history":[{"count":1,"href":"https:\/\/sinpes.org.br\/site\/wp-json\/wp\/v2\/posts\/4021\/revisions"}],"predecessor-version":[{"id":4022,"href":"https:\/\/sinpes.org.br\/site\/wp-json\/wp\/v2\/posts\/4021\/revisions\/4022"}],"wp:attachment":[{"href":"https:\/\/sinpes.org.br\/site\/wp-json\/wp\/v2\/media?parent=4021"}],"wp:term":[{"taxonomy":"category","embeddable":true,"href":"https:\/\/sinpes.org.br\/site\/wp-json\/wp\/v2\/categories?post=4021"},{"taxonomy":"post_tag","embeddable":true,"href":"https:\/\/sinpes.org.br\/site\/wp-json\/wp\/v2\/tags?post=4021"}],"curies":[{"name":"wp","href":"https:\/\/api.w.org\/{rel}","templated":true}]}}