{"id":4018,"date":"2022-08-16T10:37:07","date_gmt":"2022-08-16T13:37:07","guid":{"rendered":"https:\/\/sinpes.org.br\/site\/?p=4018"},"modified":"2022-08-16T10:37:07","modified_gmt":"2022-08-16T13:37:07","slug":"atencao-professores-e-professoras-do-ensino-superior-de-curitiba-e-regiao-a-luta-continua","status":"publish","type":"post","link":"https:\/\/sinpes.org.br\/site\/atencao-professores-e-professoras-do-ensino-superior-de-curitiba-e-regiao-a-luta-continua\/","title":{"rendered":"Aten\u00e7\u00e3o professores e professoras do ensino superior de Curitiba e Regi\u00e3o: a luta continua!"},"content":{"rendered":"<p><strong>16\/08\/2022\u00a0<\/strong><\/p>\n<p>O Sindicato dos Professores de Ensino Superior de Curitiba e Regi\u00e3o Metropolitana &#8211; SINPES continua em campanha por reposi\u00e7\u00e3o salarial digna.<\/p>\n<p>A mobiliza\u00e7\u00e3o prossegue em face da intransig\u00eancia e da insensibilidade do SINEPE, que se recusa a incorporar no sal\u00e1rio o abono salarial de 6,22% ajustado entre as partes para pagamento entre mar\u00e7o de 2021 e fevereiro de 2022, hoje suprimido, assim como efetivar reajuste que compense a deprecia\u00e7\u00e3o da moeda.<\/p>\n<p>Nossa categoria teve 4,48% de reajuste em 2020 e o abono referido, hoje suprimido. Isto significa que amargamos perdas salariais de mais de 18% a partir de mar\u00e7o de 2022 em face de uma infla\u00e7\u00e3o acumulada no tri\u00eanio de 22,28%.<\/p>\n<p>A cara de pau patronal \u00e9 imensa j\u00e1 que as mensalidades das institui\u00e7\u00f5es de ensino superior privado, depois de um breve per\u00edodo inicial de congelamento por ocasi\u00e3o do in\u00edcio da pandemia, v\u00eam sendo recompostas de acordo com os \u00edndices de infla\u00e7\u00e3o.<\/p>\n<p>Os patr\u00f5es demoraram mais de um m\u00eas para informar que n\u00e3o arredam p\u00e9 da indecorosa proposta j\u00e1 repelida pela assembleia geral da categoria realizada em 23 de maio. \u00a0No in\u00edcio das f\u00e9rias escolares desfizeram a expectativa de uma negocia\u00e7\u00e3o s\u00e9ria e informaram que insistem no reajuste inicialmente oferecido, que representa na pr\u00e1tica redu\u00e7\u00e3o nominal da remunera\u00e7\u00e3o: percentual de 5% sobre os sal\u00e1rios pagos em mar\u00e7o de 2022 sem o c\u00f4mputo do abono de 6,22%.<\/p>\n<p>Por isso o Sinpes retoma a campanha salarial nos moldes deliberados na assembleia de 23 de maio, convocando professores e professoras para comparecerem \u00e0 nova assembleia geral virtual da categoria a ser realizada no pr\u00f3ximo dia 31 de agosto de 2022 \u00e0s 17h30min. L\u00e1 ser\u00e3o discutidas medidas mais dr\u00e1sticas para persuadir o SINEPE a parar de brincar com os direitos dos professores.<\/p>\n<p>Nossa mobiliza\u00e7\u00e3o segue!<\/p>\n<p><strong>Participe pelo link:<\/strong> <a href=\"https:\/\/us06web.zoom.us\/j\/85789740300?pwd=MUNaM0VvVGFVd1pyV2NYaERvc21oZz09\">https:\/\/us06web.zoom.us\/j\/85789740300?pwd=MUNaM0VvVGFVd1pyV2NYaERvc21oZz09<\/a><\/p>\n<p><strong>ID da reuni\u00e3o:<\/strong> 857 8974 0300<br \/>\n<strong>Senha de acesso:<\/strong> 396979<\/p>\n<!-- AddThis Advanced Settings generic via filter on the_content --><!-- AddThis Share Buttons generic via filter on the_content -->","protected":false},"excerpt":{"rendered":"<p>16\/08\/2022\u00a0 O Sindicato dos Professores de Ensino Superior de Curitiba e Regi\u00e3o Metropolitana &#8211; SINPES continua em campanha por reposi\u00e7\u00e3o salarial digna. A mobiliza\u00e7\u00e3o prossegue em face da intransig\u00eancia e da insensibilidade do SINEPE, que se recusa a incorporar no sal\u00e1rio o abono salarial de 6,22% ajustado entre as partes para pagamento entre mar\u00e7o de [&hellip;]<!-- AddThis Advanced Settings generic via filter on wp_trim_excerpt --><!-- AddThis Share Buttons generic via filter on wp_trim_excerpt --><\/p>\n","protected":false},"author":3,"featured_media":0,"comment_status":"closed","ping_status":"open","sticky":false,"template":"","format":"standard","meta":{"footnotes":""},"categories":[7,478,18,13],"tags":[726,60,515,825,331,371,68],"class_list":["post-4018","post","type-post","status-publish","format-standard","hentry","category-arquivo-de-noticias","category-coronavirus-e-direitos-dos-professores","category-destaque","category-home","tag-assembleia-cct","tag-assembleia-geral","tag-assembleia-virtual","tag-campanha-salarial","tag-cct","tag-salarios","tag-sinepe"],"_links":{"self":[{"href":"https:\/\/sinpes.org.br\/site\/wp-json\/wp\/v2\/posts\/4018","targetHints":{"allow":["GET"]}}],"collection":[{"href":"https:\/\/sinpes.org.br\/site\/wp-json\/wp\/v2\/posts"}],"about":[{"href":"https:\/\/sinpes.org.br\/site\/wp-json\/wp\/v2\/types\/post"}],"author":[{"embeddable":true,"href":"https:\/\/sinpes.org.br\/site\/wp-json\/wp\/v2\/users\/3"}],"replies":[{"embeddable":true,"href":"https:\/\/sinpes.org.br\/site\/wp-json\/wp\/v2\/comments?post=4018"}],"version-history":[{"count":1,"href":"https:\/\/sinpes.org.br\/site\/wp-json\/wp\/v2\/posts\/4018\/revisions"}],"predecessor-version":[{"id":4019,"href":"https:\/\/sinpes.org.br\/site\/wp-json\/wp\/v2\/posts\/4018\/revisions\/4019"}],"wp:attachment":[{"href":"https:\/\/sinpes.org.br\/site\/wp-json\/wp\/v2\/media?parent=4018"}],"wp:term":[{"taxonomy":"category","embeddable":true,"href":"https:\/\/sinpes.org.br\/site\/wp-json\/wp\/v2\/categories?post=4018"},{"taxonomy":"post_tag","embeddable":true,"href":"https:\/\/sinpes.org.br\/site\/wp-json\/wp\/v2\/tags?post=4018"}],"curies":[{"name":"wp","href":"https:\/\/api.w.org\/{rel}","templated":true}]}}