{"id":4015,"date":"2022-08-12T15:53:54","date_gmt":"2022-08-12T18:53:54","guid":{"rendered":"https:\/\/sinpes.org.br\/site\/?p=4015"},"modified":"2022-08-12T15:53:54","modified_gmt":"2022-08-12T18:53:54","slug":"nota-de-pesar-pela-tragedia-que-ceifou-a-vida-de-seis-educadores-as-do-parana","status":"publish","type":"post","link":"https:\/\/sinpes.org.br\/site\/nota-de-pesar-pela-tragedia-que-ceifou-a-vida-de-seis-educadores-as-do-parana\/","title":{"rendered":"Nota de pesar pela trag\u00e9dia que ceifou a vida de seis educadores\/as do Paran\u00e1"},"content":{"rendered":"<p><a href=\"https:\/\/sinpes.org.br\/site\/wp-content\/uploads\/2022\/08\/Nota-de-Pesar.jpg\"><img loading=\"lazy\" decoding=\"async\" class=\"aligncenter wp-image-4016 \" src=\"https:\/\/sinpes.org.br\/site\/wp-content\/uploads\/2022\/08\/Nota-de-Pesar-1024x1024.jpg\" alt=\"\" width=\"475\" height=\"475\" srcset=\"https:\/\/sinpes.org.br\/site\/wp-content\/uploads\/2022\/08\/Nota-de-Pesar-1024x1024.jpg 1024w, https:\/\/sinpes.org.br\/site\/wp-content\/uploads\/2022\/08\/Nota-de-Pesar-300x300.jpg 300w, https:\/\/sinpes.org.br\/site\/wp-content\/uploads\/2022\/08\/Nota-de-Pesar-150x150.jpg 150w, https:\/\/sinpes.org.br\/site\/wp-content\/uploads\/2022\/08\/Nota-de-Pesar-768x768.jpg 768w, https:\/\/sinpes.org.br\/site\/wp-content\/uploads\/2022\/08\/Nota-de-Pesar.jpg 1080w\" sizes=\"auto, (max-width: 475px) 100vw, 475px\" \/><\/a><\/p>\n<p>O Sindicato dos Professores do Ensino Superior de Curitiba e Regi\u00e3o Metropolitana &#8211; SINPES vem a p\u00fablico manifestar profundo pesar o falecimento de seis educadores\/as, mais o motorista em tr\u00e1gico acidente, em Palmeira, na regi\u00e3o dos Campos Gerais do Paran\u00e1, na BR-376 no final da noite de quinta-feira (11).<\/p>\n<p>A van os transportava para a 8\u00aa Confer\u00eancia Estadual de Educa\u00e7\u00e3o, em Curitiba, e bateu contra um caminh\u00e3o na rodovia.<\/p>\n<p>Faleceram Andreia Lemes Santana e Aparecida Lucia da Cunha, de Barra do Jacar\u00e9; Ederson Camiloti, Joana Darc Franco Bertoni, Lucilene Prates Tomas Saidler e Silvia Regina Gomes, de Santo Ant\u00f4nio da Platina; e o motorista Miguel Mello de Jacarezinho.<\/p>\n<p>Est\u00e3o internados Maria das Gra\u00e7as de Oliveira, Juliano Cesar Teixeira e Fernanda S. Nogueira Teixeira, de Cambar\u00e1.<\/p>\n<p>O Sinpes manifesta sua solidariedade aos familiares, amigos\/as e alunos\/as das v\u00edtimas.<\/p>\n<p style=\"text-align: center;\"><strong>Diretoria do Sindicato dos Professores do Ensino Superior de Curitiba e Regi\u00e3o Metropolitana &#8211; SINPES\u00a0<\/strong><\/p>\n<!-- AddThis Advanced Settings generic via filter on the_content --><!-- AddThis Share Buttons generic via filter on the_content -->","protected":false},"excerpt":{"rendered":"<p>O Sindicato dos Professores do Ensino Superior de Curitiba e Regi\u00e3o Metropolitana &#8211; SINPES vem a p\u00fablico manifestar profundo pesar o falecimento de seis educadores\/as, mais o motorista em tr\u00e1gico acidente, em Palmeira, na regi\u00e3o dos Campos Gerais do Paran\u00e1, na BR-376 no final da noite de quinta-feira (11). A van os transportava para a [&hellip;]<!-- AddThis Advanced Settings generic via filter on wp_trim_excerpt --><!-- AddThis Share Buttons generic via filter on wp_trim_excerpt --><\/p>\n","protected":false},"author":3,"featured_media":0,"comment_status":"closed","ping_status":"open","sticky":false,"template":"","format":"standard","meta":{"footnotes":""},"categories":[7,18,13],"tags":[263,648,824,22],"class_list":["post-4015","post","type-post","status-publish","format-standard","hentry","category-arquivo-de-noticias","category-destaque","category-home","tag-luto","tag-nota-de-pesar","tag-parana","tag-professores"],"_links":{"self":[{"href":"https:\/\/sinpes.org.br\/site\/wp-json\/wp\/v2\/posts\/4015","targetHints":{"allow":["GET"]}}],"collection":[{"href":"https:\/\/sinpes.org.br\/site\/wp-json\/wp\/v2\/posts"}],"about":[{"href":"https:\/\/sinpes.org.br\/site\/wp-json\/wp\/v2\/types\/post"}],"author":[{"embeddable":true,"href":"https:\/\/sinpes.org.br\/site\/wp-json\/wp\/v2\/users\/3"}],"replies":[{"embeddable":true,"href":"https:\/\/sinpes.org.br\/site\/wp-json\/wp\/v2\/comments?post=4015"}],"version-history":[{"count":1,"href":"https:\/\/sinpes.org.br\/site\/wp-json\/wp\/v2\/posts\/4015\/revisions"}],"predecessor-version":[{"id":4017,"href":"https:\/\/sinpes.org.br\/site\/wp-json\/wp\/v2\/posts\/4015\/revisions\/4017"}],"wp:attachment":[{"href":"https:\/\/sinpes.org.br\/site\/wp-json\/wp\/v2\/media?parent=4015"}],"wp:term":[{"taxonomy":"category","embeddable":true,"href":"https:\/\/sinpes.org.br\/site\/wp-json\/wp\/v2\/categories?post=4015"},{"taxonomy":"post_tag","embeddable":true,"href":"https:\/\/sinpes.org.br\/site\/wp-json\/wp\/v2\/tags?post=4015"}],"curies":[{"name":"wp","href":"https:\/\/api.w.org\/{rel}","templated":true}]}}