{"id":4004,"date":"2022-07-04T10:54:01","date_gmt":"2022-07-04T13:54:01","guid":{"rendered":"https:\/\/sinpes.org.br\/site\/?p=4004"},"modified":"2022-07-04T11:00:21","modified_gmt":"2022-07-04T14:00:21","slug":"atencao-professores-as-da-fesp","status":"publish","type":"post","link":"https:\/\/sinpes.org.br\/site\/atencao-professores-as-da-fesp\/","title":{"rendered":"Aten\u00e7\u00e3o professores\/as da Fesp"},"content":{"rendered":"<div dir=\"auto\">O Sindicato dos Professores de Ensino Superior de Curitiba e Regi\u00e3o Metropolitana \u2013 SINPES entabulou acordo com a Fesp para o pagamento dos sal\u00e1rios atrasados com a venda de im\u00f3vel que ainda se encontra em nome dessa institui\u00e7\u00e3o de ensino superior.<\/div>\n<div dir=\"auto\">Na \u00faltima sexta-feira (01\/07), o sindicato realizou Assembleia Virtual para debater a minuta do acordo, por\u00e9m, nenhum docente compareceu ao evento. O Sinpes, entretanto, de forma otimista interpreta que esse n\u00e3o comparecimento \u00e9 reflexo da confian\u00e7a que os professores\/as depositam no sindicato e tamb\u00e9m retrato da \u00e9poca do ano, na qual os educadores est\u00e3o debru\u00e7ados sobre os fechamentos de notas do semestre.<\/div>\n<div dir=\"auto\">Assim, o sindicato convida professores e professoras da Fesp para nova Assembleia Virtual na pr\u00f3xima quinta-feira 07\/07\/2022 \u00e0s 11 h. O evento tem como objetivo trazer esclarecimentos acerca das peculiaridades do que foi ajustado e a aprova\u00e7\u00e3o ou rejei\u00e7\u00e3o da minuta entabulada entre as partes.<\/div>\n<div dir=\"auto\">\u00c9 necess\u00e1rio que pelo menos um professor\/a compare\u00e7a para que o acordo possa ter validade, pois depende de aprova\u00e7\u00e3o em Assembleia em segunda convoca\u00e7\u00e3o com qualquer qu\u00f3rum.<\/div>\n<div dir=\"auto\"><\/div>\n<div dir=\"auto\"><strong>Link da Assembleia:<\/strong> <a class=\"oajrlxb2 g5ia77u1 qu0x051f esr5mh6w e9989ue4 r7d6kgcz rq0escxv nhd2j8a9 nc684nl6 p7hjln8o kvgmc6g5 cxmmr5t8 oygrvhab hcukyx3x jb3vyjys rz4wbd8a qt6c0cv9 a8nywdso i1ao9s8h esuyzwwr f1sip0of lzcic4wl gpro0wi8 py34i1dx\" tabindex=\"0\" role=\"link\" href=\"https:\/\/us06web.zoom.us\/j\/89282879823?pwd=aDJBR0x5TVBDTFROU212c1JCUHpDQT09&amp;fbclid=IwAR0whkJ1a88f2Vl2dBkxR08tJm6vza2douFL4dRCYvk3TVItiw9ahWX2FgQ\" target=\"_blank\" rel=\"nofollow noopener\">https:\/\/us06web.zoom.us\/j\/89282879823&#8230;<\/a><\/div>\n<div dir=\"auto\"><strong>ID da Assembleia:<\/strong> 892 8287 9823<\/div>\n<div dir=\"auto\"><strong>Senha de Acesso:<\/strong> 192736<\/div>\n<div dir=\"auto\"><\/div>\n<!-- AddThis Advanced Settings generic via filter on the_content --><!-- AddThis Share Buttons generic via filter on the_content -->","protected":false},"excerpt":{"rendered":"<p>O Sindicato dos Professores de Ensino Superior de Curitiba e Regi\u00e3o Metropolitana \u2013 SINPES entabulou acordo com a Fesp para o pagamento dos sal\u00e1rios atrasados com a venda de im\u00f3vel que ainda se encontra em nome dessa institui\u00e7\u00e3o de ensino superior. Na \u00faltima sexta-feira (01\/07), o sindicato realizou Assembleia Virtual para debater a minuta do [&hellip;]<!-- AddThis Advanced Settings generic via filter on wp_trim_excerpt --><!-- AddThis Share Buttons generic via filter on wp_trim_excerpt --><\/p>\n","protected":false},"author":3,"featured_media":0,"comment_status":"closed","ping_status":"open","sticky":false,"template":"","format":"standard","meta":{"footnotes":""},"categories":[7,478,18,13],"tags":[579,305,580,344,440],"class_list":["post-4004","post","type-post","status-publish","format-standard","hentry","category-arquivo-de-noticias","category-coronavirus-e-direitos-dos-professores","category-destaque","category-home","tag-acordo-fesp","tag-assembleia","tag-assembleia-fesp","tag-fesp","tag-professores-da-fesp"],"_links":{"self":[{"href":"https:\/\/sinpes.org.br\/site\/wp-json\/wp\/v2\/posts\/4004","targetHints":{"allow":["GET"]}}],"collection":[{"href":"https:\/\/sinpes.org.br\/site\/wp-json\/wp\/v2\/posts"}],"about":[{"href":"https:\/\/sinpes.org.br\/site\/wp-json\/wp\/v2\/types\/post"}],"author":[{"embeddable":true,"href":"https:\/\/sinpes.org.br\/site\/wp-json\/wp\/v2\/users\/3"}],"replies":[{"embeddable":true,"href":"https:\/\/sinpes.org.br\/site\/wp-json\/wp\/v2\/comments?post=4004"}],"version-history":[{"count":2,"href":"https:\/\/sinpes.org.br\/site\/wp-json\/wp\/v2\/posts\/4004\/revisions"}],"predecessor-version":[{"id":4006,"href":"https:\/\/sinpes.org.br\/site\/wp-json\/wp\/v2\/posts\/4004\/revisions\/4006"}],"wp:attachment":[{"href":"https:\/\/sinpes.org.br\/site\/wp-json\/wp\/v2\/media?parent=4004"}],"wp:term":[{"taxonomy":"category","embeddable":true,"href":"https:\/\/sinpes.org.br\/site\/wp-json\/wp\/v2\/categories?post=4004"},{"taxonomy":"post_tag","embeddable":true,"href":"https:\/\/sinpes.org.br\/site\/wp-json\/wp\/v2\/tags?post=4004"}],"curies":[{"name":"wp","href":"https:\/\/api.w.org\/{rel}","templated":true}]}}