{"id":4000,"date":"2022-06-29T16:25:41","date_gmt":"2022-06-29T19:25:41","guid":{"rendered":"https:\/\/sinpes.org.br\/site\/?p=4000"},"modified":"2022-06-30T09:33:19","modified_gmt":"2022-06-30T12:33:19","slug":"nota-de-pesar-pelo-falecimento-do-professor-renato-artur-schwab","status":"publish","type":"post","link":"https:\/\/sinpes.org.br\/site\/nota-de-pesar-pelo-falecimento-do-professor-renato-artur-schwab\/","title":{"rendered":"Nota de pesar pelo falecimento do professor Renato Artur Schwab"},"content":{"rendered":"<p>O Sindicato dos Professores de Ensino Superior de Curitiba e Regi\u00e3o Metropolitana \u2013 Sinpes vem a p\u00fablico manifestar solidariedade \u00e0 fam\u00edlia e aos amigos do professor Renato Artur Schwab, falecido nesta ter\u00e7a-feira 28\/06\/2022 aos 73 anos de idade.<\/p>\n<p>Renato deixa esposa, a professora Eliane Schwab, com quem foi casado por 55 anos e as filhas, Maria Eduarda, Maria Let\u00edcia e Maria Luiza. O professor Renato era advogado e foi docente do curso de Direito da Pontif\u00edcia Universidade Cat\u00f3lica do Paran\u00e1 (PUC-PR) onde lecionou as disciplinas de Direito Constitucional e Ci\u00eancia Pol\u00edtica, al\u00e9m de prestar importante contribui\u00e7\u00e3o em atividades de cunho social desempenhadas no campus avan\u00e7ado de Guaraque\u00e7aba. Deu suas primeiras aulas na ent\u00e3o Universidade Cat\u00f3lica do Paran\u00e1, l\u00e1 permaneceu por mais de 25 anos.<\/p>\n<p>Detentor de um estilo leve e bem humorado de lecionar e de incrementar o debate de ideias, era tamb\u00e9m cr\u00edtico mordaz da prolifera\u00e7\u00e3o de cursos de Direito privados instalados sem atender padr\u00f5es m\u00ednimos de qualidade e de excel\u00eancia. Renato ao final do S\u00e9culo XX e alvorecer do S\u00e9culo XXI fazia parte da banda s\u00e9ria da comunidade jur\u00eddica que reunia esfor\u00e7os voltados para barrar a prolifera\u00e7\u00e3o dos Cursos de Direito, que se exacerbaria lamentavelmente na d\u00e9cada seguinte.<\/p>\n<p>Como repres\u00e1lia contra pronunciamentos cr\u00edticos feitos contra a prolifera\u00e7\u00e3o de vagas no Campus de S\u00e3o Jos\u00e9 dos Pinhais foi privado de suas aulas e das atividades que desempenhava na cidade de Guaraque\u00e7aba, incidente solucionado somente depois da interven\u00e7\u00e3o da Justi\u00e7a do Trabalho.<\/p>\n<p>O tempo encarregou-se de provar que Schwab estava coberto de raz\u00e3o! A turma de calouros em que ocorreu o incidente que acarretou seu afastamento fez quest\u00e3o de homenage\u00e1-lo por ocasi\u00e3o de sua formatura, redimindo-se assim das acusa\u00e7\u00f5es infundadas sofridas pelo docente.<\/p>\n<p>E a Pontif\u00edcia Universidade Cat\u00f3lica do Paran\u00e1 acabou fechando o Campus de S\u00e3o Jos\u00e9 dos Pinhais, pomo da disc\u00f3rdia do injusto afastamento.<\/p>\n<p>O professor Renato foi tamb\u00e9m membro da Diretoria do Sinpes nas gest\u00f5es 2001\/2003 e 2003\/2006 atuando sempre com denodo e combatividade em favor dos professores do ensino superior. Era ass\u00edduo frequentador das reuni\u00f5es de Diretoria que se realizavam naquela \u00e9poca \u00e0s 22h30min, depois de encerradas as atividades docentes noturnas enfrentadas pela maioria de seus integrantes.<\/p>\n<p>O sepultamento do professor Renato Artur Schwab acontecer\u00e1 \u00e0s 15h desta quinta-feira, 30 de junho de 2022, na Capela do Cemit\u00e9rio Parque Igua\u00e7u.<\/p>\n<p><strong>Diretoria do Sinpes <\/strong><\/p>\n<!-- AddThis Advanced Settings generic via filter on the_content --><!-- AddThis Share Buttons generic via filter on the_content -->","protected":false},"excerpt":{"rendered":"<p>O Sindicato dos Professores de Ensino Superior de Curitiba e Regi\u00e3o Metropolitana \u2013 Sinpes vem a p\u00fablico manifestar solidariedade \u00e0 fam\u00edlia e aos amigos do professor Renato Artur Schwab, falecido nesta ter\u00e7a-feira 28\/06\/2022 aos 73 anos de idade. Renato deixa esposa, a professora Eliane Schwab, com quem foi casado por 55 anos e as filhas, [&hellip;]<!-- AddThis Advanced Settings generic via filter on wp_trim_excerpt --><!-- AddThis Share Buttons generic via filter on wp_trim_excerpt --><\/p>\n","protected":false},"author":3,"featured_media":0,"comment_status":"closed","ping_status":"open","sticky":false,"template":"","format":"standard","meta":{"footnotes":""},"categories":[7,18,13,2],"tags":[720,823,650,648,822,821,61],"class_list":["post-4000","post","type-post","status-publish","format-standard","hentry","category-arquivo-de-noticias","category-destaque","category-home","category-puc","tag-direito","tag-direito-puc","tag-diretoria-do-sinpes","tag-nota-de-pesar","tag-professor-da-puc","tag-professor-renato","tag-puc"],"_links":{"self":[{"href":"https:\/\/sinpes.org.br\/site\/wp-json\/wp\/v2\/posts\/4000","targetHints":{"allow":["GET"]}}],"collection":[{"href":"https:\/\/sinpes.org.br\/site\/wp-json\/wp\/v2\/posts"}],"about":[{"href":"https:\/\/sinpes.org.br\/site\/wp-json\/wp\/v2\/types\/post"}],"author":[{"embeddable":true,"href":"https:\/\/sinpes.org.br\/site\/wp-json\/wp\/v2\/users\/3"}],"replies":[{"embeddable":true,"href":"https:\/\/sinpes.org.br\/site\/wp-json\/wp\/v2\/comments?post=4000"}],"version-history":[{"count":3,"href":"https:\/\/sinpes.org.br\/site\/wp-json\/wp\/v2\/posts\/4000\/revisions"}],"predecessor-version":[{"id":4003,"href":"https:\/\/sinpes.org.br\/site\/wp-json\/wp\/v2\/posts\/4000\/revisions\/4003"}],"wp:attachment":[{"href":"https:\/\/sinpes.org.br\/site\/wp-json\/wp\/v2\/media?parent=4000"}],"wp:term":[{"taxonomy":"category","embeddable":true,"href":"https:\/\/sinpes.org.br\/site\/wp-json\/wp\/v2\/categories?post=4000"},{"taxonomy":"post_tag","embeddable":true,"href":"https:\/\/sinpes.org.br\/site\/wp-json\/wp\/v2\/tags?post=4000"}],"curies":[{"name":"wp","href":"https:\/\/api.w.org\/{rel}","templated":true}]}}