{"id":40,"date":"2014-01-23T22:50:42","date_gmt":"2014-01-24T00:50:42","guid":{"rendered":"http:\/\/sinpes.org.br\/site\/?p=40"},"modified":"2015-10-29T16:17:55","modified_gmt":"2015-10-29T18:17:55","slug":"convocacao-aos-professores-da-espirita","status":"publish","type":"post","link":"https:\/\/sinpes.org.br\/site\/convocacao-aos-professores-da-espirita\/","title":{"rendered":"Convoca\u00e7\u00e3o aos professores da esp\u00edrita"},"content":{"rendered":"<blockquote>\n<p class=\"style7\" style=\"text-align: justify;\" align=\"center\">Prezado Professor:<\/p>\n<p style=\"text-align: justify;\">Em face da inten\u00e7\u00e3o divulgada pelas Faculdades Esp\u00edrita, de reduzir drasticamente o n\u00famero de seus professores e paralisar boa parte dos seus cursos de gradua\u00e7\u00e3o, o Sinpes convocou os professores que se encontravam lecionando na institui\u00e7\u00e3o ao final do ano passado, para uma reuni\u00e3o a ser realizada no Hotel Deville, na Rua Comendador Ara\u00fajo, 99, \u00e0s 14h30min do dia 24.01.2013, para discuss\u00e3o das estrat\u00e9gias a serem adotadas para a negocia\u00e7\u00e3o coletiva que deve preceder eventual despedida coletiva.<\/p>\n<p style=\"text-align: justify;\">Dentre as diversas alternativas pass\u00edveis de serem analisadas est\u00e3o a promo\u00e7\u00e3o pelo Sinpes, da liquida\u00e7\u00e3o da institui\u00e7\u00e3o de ensino em face de sua not\u00f3ria insolv\u00eancia, com o pagamento parcial proporcional dos in\u00fameros cr\u00e9ditos existentes dos credores trabalhistas, assim como eventual acordo para as a\u00e7\u00f5es ajuizadas pelo Sinpes por for\u00e7a do n\u00e3o recolhimento do FGTS, n\u00e3o quita\u00e7\u00e3o de gratifica\u00e7\u00e3o de f\u00e9rias e pagamento atrasado dos sal\u00e1rios dos professores, com a utiliza\u00e7\u00e3o da venda dos bens remanescentes para tal desiderato.<\/p>\n<p style=\"text-align: justify;\">Como se v\u00ea, a discuss\u00e3o interessa tamb\u00e9m aos professores que n\u00e3o mais l\u00e1 se encontram lecionando nas Faculdades Esp\u00edrita, mas tem pend\u00eancias trabalhistas para com a institui\u00e7\u00e3o diretamente atrav\u00e9s de a\u00e7\u00f5es ajuizadas por advogados contratados diretamente pelo professor ou indiretamente nas a\u00e7\u00f5es ajuizadas pelo Sinpes como substituto processual. Da\u00ed porque o sindicato estende o convite para participar das reuni\u00f5es a todos os docentes interessados.<\/p>\n<p style=\"text-align: justify;\">A reuni\u00e3o n\u00e3o ter\u00e1 efeito deliberativo, visto que n\u00e3o se trata de assembleia geral. Servir\u00e1, entretanto, para que os professores interessados meditem e fa\u00e7am sugest\u00e3o sobre as alternativas poss\u00edveis para a solu\u00e7\u00e3o das pend\u00eancias, influenciando nas negocia\u00e7\u00f5es a serem conduzidas pelo Sinpes.<\/p>\n<p style=\"text-align: justify;\">Considerando que muitas cabe\u00e7as pensam melhor que algumas e que os direitos de todos os professores devem ser preservados, sua participa\u00e7\u00e3o na reuni\u00e3o \u00e9 importante.<\/p>\n<p style=\"text-align: justify;\">Sauda\u00e7\u00f5es Sindicais!<\/p>\n<p style=\"text-align: justify;\">Valdyr Perrini<br \/>\nVice-Presidente do Sinpes<\/p>\n<\/blockquote>\n<!-- AddThis Advanced Settings generic via filter on the_content --><!-- AddThis Share Buttons generic via filter on the_content -->","protected":false},"excerpt":{"rendered":"<p>Prezado Professor: Em face da inten\u00e7\u00e3o divulgada pelas Faculdades Esp\u00edrita, de reduzir drasticamente o n\u00famero de seus professores e paralisar boa parte dos seus cursos de gradua\u00e7\u00e3o, o Sinpes convocou os professores que se encontravam lecionando na institui\u00e7\u00e3o ao final do ano passado, para uma reuni\u00e3o a ser realizada no Hotel Deville, na Rua Comendador [&hellip;]<!-- AddThis Advanced Settings generic via filter on wp_trim_excerpt --><!-- AddThis Share Buttons generic via filter on wp_trim_excerpt --><\/p>\n","protected":false},"author":2,"featured_media":0,"comment_status":"closed","ping_status":"open","sticky":false,"template":"","format":"standard","meta":{"footnotes":""},"categories":[3],"tags":[80,44,22],"class_list":["post-40","post","type-post","status-publish","format-standard","hentry","category-espirita","tag-convocacao","tag-espirita","tag-professores"],"_links":{"self":[{"href":"https:\/\/sinpes.org.br\/site\/wp-json\/wp\/v2\/posts\/40","targetHints":{"allow":["GET"]}}],"collection":[{"href":"https:\/\/sinpes.org.br\/site\/wp-json\/wp\/v2\/posts"}],"about":[{"href":"https:\/\/sinpes.org.br\/site\/wp-json\/wp\/v2\/types\/post"}],"author":[{"embeddable":true,"href":"https:\/\/sinpes.org.br\/site\/wp-json\/wp\/v2\/users\/2"}],"replies":[{"embeddable":true,"href":"https:\/\/sinpes.org.br\/site\/wp-json\/wp\/v2\/comments?post=40"}],"version-history":[{"count":1,"href":"https:\/\/sinpes.org.br\/site\/wp-json\/wp\/v2\/posts\/40\/revisions"}],"predecessor-version":[{"id":41,"href":"https:\/\/sinpes.org.br\/site\/wp-json\/wp\/v2\/posts\/40\/revisions\/41"}],"wp:attachment":[{"href":"https:\/\/sinpes.org.br\/site\/wp-json\/wp\/v2\/media?parent=40"}],"wp:term":[{"taxonomy":"category","embeddable":true,"href":"https:\/\/sinpes.org.br\/site\/wp-json\/wp\/v2\/categories?post=40"},{"taxonomy":"post_tag","embeddable":true,"href":"https:\/\/sinpes.org.br\/site\/wp-json\/wp\/v2\/tags?post=40"}],"curies":[{"name":"wp","href":"https:\/\/api.w.org\/{rel}","templated":true}]}}