{"id":3963,"date":"2022-06-08T14:14:25","date_gmt":"2022-06-08T17:14:25","guid":{"rendered":"https:\/\/sinpes.org.br\/site\/?p=3963"},"modified":"2022-06-09T09:37:28","modified_gmt":"2022-06-09T12:37:28","slug":"campanha-conjunta-dos-sindicatos-que-representam-trabalhadores-da-educacao-privada-do-parana","status":"publish","type":"post","link":"https:\/\/sinpes.org.br\/site\/campanha-conjunta-dos-sindicatos-que-representam-trabalhadores-da-educacao-privada-do-parana\/","title":{"rendered":"Campanha conjunta dos sindicatos que representam trabalhadores da educa\u00e7\u00e3o privada do Paran\u00e1"},"content":{"rendered":"<p>No \u00faltimo dia 23 de maio teve in\u00edcio em toda Curitiba e Regi\u00e3o Metropolitana uma campanha conjunta entre entidades sindicais que representam mais de 30 mil trabalhadores da educa\u00e7\u00e3o privada do estado do Paran\u00e1. Caminh\u00f5es de som, distribui\u00e7\u00e3o de milhares de panfletos informativos e a\u00e7\u00f5es de m\u00eddia tiveram como objetivo convocar professores, professoras e auxiliares de administra\u00e7\u00e3o escolar para Assembleia Virtual realizada no \u00faltimo dia 31\/05.<\/p>\n<p>As a\u00e7\u00f5es, promovidas pelo Sindicato dos Auxiliares de Administra\u00e7\u00e3o Escolar do Paran\u00e1 (SAAEPAR), pelo Sindicato dos Professores no Estado do Paran\u00e1 (SINPROPAR) e pelo Sindicato dos Professores do Ensino Superior de Curitiba e da Regi\u00e3o Metropolitana (SINPES) tiveram como objetivos denunciar a situa\u00e7\u00e3o vivida pelos trabalhadores da educa\u00e7\u00e3o privada, que tiveram perdas salarias significativas nos \u00faltimos anos, para assim \u00a0buscar, junto ao Sindicato dos Estabelecimentos Particulares de Ensino no Estado do Paran\u00e1 (SINEPE) que representa as institui\u00e7\u00f5es de ensino fundamental, m\u00e9dio e superior, remunera\u00e7\u00e3o digna a essas categorias. Juntos, os tr\u00eas sindicatos representam cerca de 32 mil empregados.<\/p>\n<p>A iniciativa \u00e9 hist\u00f3rica, j\u00e1 que a \u00faltima vez que os grupos que comp\u00f5em essas entidades atuaram em conjunto no enfrentamento por melhores condi\u00e7\u00f5es de trabalho e de remunera\u00e7\u00e3o ocorreu por ocasi\u00e3o da bem sucedida greve geral dos trabalhadores da educa\u00e7\u00e3o de 1989.<\/p>\n<p>Toda mobiliza\u00e7\u00e3o empreendida nos \u00faltimos dias atraiu centenas de professores, auxiliares de administra\u00e7\u00e3o escolar e tamb\u00e9m pais de alunos \u00e0 Assembleia que aconteceu na tarde do dia 31. Nela, foi destacada a situa\u00e7\u00e3o prec\u00e1ria na qual vivem hoje esses trabalhadores frente a uma infla\u00e7\u00e3o acumulada de 22,28% &#8211; entre mar\u00e7o de 2019 e fevereiro de 2022 \u2013 e com uma oferta de reajuste que desconsidera um abono salarial anteriormente prometido pelos empregadores.<\/p>\n<p>Na Assembleia virtual, prestigiada por expressivo n\u00famero de interessados, os participantes posicionaram-se pelo prosseguimento da campanha de mobiliza\u00e7\u00e3o e para que as entidades sindicais promovam mais a\u00e7\u00f5es de conscientiza\u00e7\u00e3o sobre a luta dos trabalhadores para alunos, pais e comunidade.<\/p>\n<p>Veja no link a seguir os resultados da assembleia a vota\u00e7\u00e3o no \u00e2mbito de cada uma das categorias representadas:\u00a0 <a href=\"https:\/\/sinpes.org.br\/site\/wp-content\/uploads\/2022\/06\/Resultado-votacao-Assembleia-conjunta.pdf\">Resultado vota\u00e7\u00e3o Assembleia conjunta<\/a><\/p>\n<p>Ap\u00f3s contato com representante do sindicato dos empregadores nessa sexta-feira, dia 10 de junho de 2022, as entidades sindicais envolvidas na campanha salarial deliberar\u00e3o acerca das pr\u00f3ximas medidas a serem tomadas.<\/p>\n<p><strong>Perdas e oferta de reajuste insatisfat\u00f3ria <\/strong><\/p>\n<p>A nova campanha\u00a0surgiu em face da intransig\u00eancia e da insensibilidade do SINEPE que se recusa a incorporar no sal\u00e1rio abono salarial de 6,22% ajustado entre as partes para pagamento entre mar\u00e7o de 2021 e fevereiro de 2022. O sindicato patronal tampouco se disp\u00f4s a continuar a pagar esse abono provisoriamente at\u00e9 que se concluam as negocia\u00e7\u00f5es da Conven\u00e7\u00e3o Coletiva de Trabalho 2022\/2023, o que representa uma in\u00e9dita redu\u00e7\u00e3o nominal dos sal\u00e1rios desses profissionais, justamente quando a infla\u00e7\u00e3o anual acumulada atinge dois d\u00edgitos.<\/p>\n<p>Entre mar\u00e7o de 2019 e fevereiro de 2022, para uma infla\u00e7\u00e3o acumulada de 22,28%, \u00edndice que orientou o reajuste das mensalidades escolares de boa parte das institui\u00e7\u00f5es de ensino, o SINEPE ofereceu minguados 8% (sendo 3% abono) para os professores do ensino Infantil, Fundamental, M\u00e9dio e Superior representados pelo SINPROPAR e para os Auxiliares de Administra\u00e7\u00e3o Escolar (SAAEPAR) e insignificantes 9,11% para os professores do Ensino Superior representados pelo SINPES.<\/p>\n<p>Essa frente de luta, formada por entidades sindicais que representam trabalhadores e trabalhadoras do ensino privado de Curitiba, Regi\u00e3o Metropolitana e outras cidades do Paran\u00e1, vai continuar divulgando amplamente as dificuldades e perdas salariais que professores e professoras e auxiliares de administra\u00e7\u00e3o escolar sofreram nos \u00faltimos anos e incentivando a ado\u00e7\u00e3o de medidas que conven\u00e7am os empregadores a repensarem sua postura.<\/p>\n<p>No \u00e2mbito de representatividade do Sinpropar e do Saaepar, por exemplo, os professores encontram-se a tr\u00eas anos sem receber qualquer reajuste salarial para ajudar as escolas a sobreviverem nos tempos dif\u00edceis da pandemia. Retornadas as atividades presenciais, a reposi\u00e7\u00e3o integral dos \u00edndices inflacion\u00e1rios \u00e9 imprescind\u00edvel para que os profissionais da educa\u00e7\u00e3o recuperem seu poder de compras.<\/p>\n<!-- AddThis Advanced Settings generic via filter on the_content --><!-- AddThis Share Buttons generic via filter on the_content -->","protected":false},"excerpt":{"rendered":"<p>No \u00faltimo dia 23 de maio teve in\u00edcio em toda Curitiba e Regi\u00e3o Metropolitana uma campanha conjunta entre entidades sindicais que representam mais de 30 mil trabalhadores da educa\u00e7\u00e3o privada do estado do Paran\u00e1. Caminh\u00f5es de som, distribui\u00e7\u00e3o de milhares de panfletos informativos e a\u00e7\u00f5es de m\u00eddia tiveram como objetivo convocar professores, professoras e auxiliares [&hellip;]<!-- AddThis Advanced Settings generic via filter on wp_trim_excerpt --><!-- AddThis Share Buttons generic via filter on wp_trim_excerpt --><\/p>\n","protected":false},"author":3,"featured_media":0,"comment_status":"closed","ping_status":"open","sticky":false,"template":"","format":"standard","meta":{"footnotes":""},"categories":[7,478,18,13],"tags":[811,809,814,71,805,62,164],"class_list":["post-3963","post","type-post","status-publish","format-standard","hentry","category-arquivo-de-noticias","category-coronavirus-e-direitos-dos-professores","category-destaque","category-home","tag-assembleia-conjunta","tag-campanha-conjunta","tag-luta-conjunta","tag-reajuste-salarial","tag-saaepar","tag-sinpes","tag-sinpropar"],"_links":{"self":[{"href":"https:\/\/sinpes.org.br\/site\/wp-json\/wp\/v2\/posts\/3963","targetHints":{"allow":["GET"]}}],"collection":[{"href":"https:\/\/sinpes.org.br\/site\/wp-json\/wp\/v2\/posts"}],"about":[{"href":"https:\/\/sinpes.org.br\/site\/wp-json\/wp\/v2\/types\/post"}],"author":[{"embeddable":true,"href":"https:\/\/sinpes.org.br\/site\/wp-json\/wp\/v2\/users\/3"}],"replies":[{"embeddable":true,"href":"https:\/\/sinpes.org.br\/site\/wp-json\/wp\/v2\/comments?post=3963"}],"version-history":[{"count":3,"href":"https:\/\/sinpes.org.br\/site\/wp-json\/wp\/v2\/posts\/3963\/revisions"}],"predecessor-version":[{"id":3968,"href":"https:\/\/sinpes.org.br\/site\/wp-json\/wp\/v2\/posts\/3963\/revisions\/3968"}],"wp:attachment":[{"href":"https:\/\/sinpes.org.br\/site\/wp-json\/wp\/v2\/media?parent=3963"}],"wp:term":[{"taxonomy":"category","embeddable":true,"href":"https:\/\/sinpes.org.br\/site\/wp-json\/wp\/v2\/categories?post=3963"},{"taxonomy":"post_tag","embeddable":true,"href":"https:\/\/sinpes.org.br\/site\/wp-json\/wp\/v2\/tags?post=3963"}],"curies":[{"name":"wp","href":"https:\/\/api.w.org\/{rel}","templated":true}]}}