{"id":3957,"date":"2022-06-01T09:13:08","date_gmt":"2022-06-01T12:13:08","guid":{"rendered":"https:\/\/sinpes.org.br\/site\/?p=3957"},"modified":"2022-06-01T10:37:19","modified_gmt":"2022-06-01T13:37:19","slug":"votacao-da-assembleia-conjunta-dos-trabalhadores-as-do-ensino-privado","status":"publish","type":"post","link":"https:\/\/sinpes.org.br\/site\/votacao-da-assembleia-conjunta-dos-trabalhadores-as-do-ensino-privado\/","title":{"rendered":"Vota\u00e7\u00e3o da Assembleia conjunta dos trabalhadores\/as do ensino privado"},"content":{"rendered":"<p><strong>01\/06\/2022<\/strong><\/p>\n<p>Abaixo segue o link para que professores e professoras do ensino superior privado votem nas a\u00e7\u00f5es propostas na Assembleia conjunta entre Saaepar, Sinpropar e Sinpes que acorreu na tarde desta ter\u00e7a-feira 31\/05\/2022.<\/p>\n<p>As a\u00e7\u00f5es t\u00eam como objetivo manter a frente de luta para um reajuste salarial condigno a trabalhadores e trabalhadoras da educa\u00e7\u00e3o privada do estado do Paran\u00e1. A vota\u00e7\u00e3o se estende at\u00e9 as 23h59 desta quinta-feira 02\/06\/2022.<\/p>\n<p><strong>Link para a vota\u00e7\u00e3o:<\/strong>\u00a0<a href=\"https:\/\/forms.gle\/gNWQ4ys4hmumLz6P9\">https:\/\/forms.gle\/gNWQ4ys4hmumLz6P9<\/a><\/p>\n<!-- AddThis Advanced Settings generic via filter on the_content --><!-- AddThis Share Buttons generic via filter on the_content -->","protected":false},"excerpt":{"rendered":"<p>01\/06\/2022 Abaixo segue o link para que professores e professoras do ensino superior privado votem nas a\u00e7\u00f5es propostas na Assembleia conjunta entre Saaepar, Sinpropar e Sinpes que acorreu na tarde desta ter\u00e7a-feira 31\/05\/2022. As a\u00e7\u00f5es t\u00eam como objetivo manter a frente de luta para um reajuste salarial condigno a trabalhadores e trabalhadoras da educa\u00e7\u00e3o privada [&hellip;]<!-- AddThis Advanced Settings generic via filter on wp_trim_excerpt --><!-- AddThis Share Buttons generic via filter on wp_trim_excerpt --><\/p>\n","protected":false},"author":3,"featured_media":0,"comment_status":"closed","ping_status":"open","sticky":false,"template":"","format":"standard","meta":{"footnotes":""},"categories":[7,478,18,13],"tags":[305,809,810,805,62,164,813],"class_list":["post-3957","post","type-post","status-publish","format-standard","hentry","category-arquivo-de-noticias","category-coronavirus-e-direitos-dos-professores","category-destaque","category-home","tag-assembleia","tag-campanha-conjunta","tag-frente-ampla-de-luta","tag-saaepar","tag-sinpes","tag-sinpropar","tag-trabalhadores-da-educacao"],"_links":{"self":[{"href":"https:\/\/sinpes.org.br\/site\/wp-json\/wp\/v2\/posts\/3957","targetHints":{"allow":["GET"]}}],"collection":[{"href":"https:\/\/sinpes.org.br\/site\/wp-json\/wp\/v2\/posts"}],"about":[{"href":"https:\/\/sinpes.org.br\/site\/wp-json\/wp\/v2\/types\/post"}],"author":[{"embeddable":true,"href":"https:\/\/sinpes.org.br\/site\/wp-json\/wp\/v2\/users\/3"}],"replies":[{"embeddable":true,"href":"https:\/\/sinpes.org.br\/site\/wp-json\/wp\/v2\/comments?post=3957"}],"version-history":[{"count":2,"href":"https:\/\/sinpes.org.br\/site\/wp-json\/wp\/v2\/posts\/3957\/revisions"}],"predecessor-version":[{"id":3959,"href":"https:\/\/sinpes.org.br\/site\/wp-json\/wp\/v2\/posts\/3957\/revisions\/3959"}],"wp:attachment":[{"href":"https:\/\/sinpes.org.br\/site\/wp-json\/wp\/v2\/media?parent=3957"}],"wp:term":[{"taxonomy":"category","embeddable":true,"href":"https:\/\/sinpes.org.br\/site\/wp-json\/wp\/v2\/categories?post=3957"},{"taxonomy":"post_tag","embeddable":true,"href":"https:\/\/sinpes.org.br\/site\/wp-json\/wp\/v2\/tags?post=3957"}],"curies":[{"name":"wp","href":"https:\/\/api.w.org\/{rel}","templated":true}]}}