{"id":3951,"date":"2022-05-31T10:42:09","date_gmt":"2022-05-31T13:42:09","guid":{"rendered":"https:\/\/sinpes.org.br\/site\/?p=3951"},"modified":"2022-05-31T10:42:09","modified_gmt":"2022-05-31T13:42:09","slug":"link-para-assembleia-conjunta-entre-saaepar-sinpropar-e-sinpes","status":"publish","type":"post","link":"https:\/\/sinpes.org.br\/site\/link-para-assembleia-conjunta-entre-saaepar-sinpropar-e-sinpes\/","title":{"rendered":"Link para Assembleia conjunta entre Saaepar, Sinpropar e Sinpes"},"content":{"rendered":"<p><strong>31\/05\/2022<\/strong><\/p>\n<p>\u00c0s 17h30 desta ter\u00e7a-feira (31\/05) acontece a Assembleia online conjunta entre as entidades sindicais que representam mais de 30 mil trabalhadores da educa\u00e7\u00e3o privada do Paran\u00e1.<\/p>\n<p>A a\u00e7\u00e3o \u00e9 promovida pelo Sindicato dos Auxiliares de Administra\u00e7\u00e3o Escolar do Paran\u00e1 (SAAEPAR), pelo Sindicato dos Professores no Estado do Paran\u00e1 (SINPROPAR) e pelo Sindicato dos Professores do Ensino Superior de Curitiba e da Regi\u00e3o Metropolitana (SINPES). As entidades engajaram-se para fomentar uma campanha salarial unificada na busca por remunera\u00e7\u00e3o digna aos trabalhadores da rede privada de ensino. Juntos, os sindicatos representam cerca de 32 mil empregados.<\/p>\n<p><strong>A Assembleia conjunta volta-se para debater com professores e auxiliares de administra\u00e7\u00e3o escolar estrat\u00e9gias de luta para persuadir as institui\u00e7\u00f5es de ensino a conceder um reajuste mais justo aos trabalhadores da categoria. <\/strong><\/p>\n<p><strong>O evento acontecer\u00e1 a partir das 17h30 do dia 31\/05\/2022 pela plataforma Zoom e pode ser acessada no link abaixo:<\/strong><\/p>\n<p><a href=\"https:\/\/us06web.zoom.us\/j\/83535579340\">https:\/\/us06web.zoom.us\/j\/83535579340<\/a><\/p>\n<!-- AddThis Advanced Settings generic via filter on the_content --><!-- AddThis Share Buttons generic via filter on the_content -->","protected":false},"excerpt":{"rendered":"<p>31\/05\/2022 \u00c0s 17h30 desta ter\u00e7a-feira (31\/05) acontece a Assembleia online conjunta entre as entidades sindicais que representam mais de 30 mil trabalhadores da educa\u00e7\u00e3o privada do Paran\u00e1. A a\u00e7\u00e3o \u00e9 promovida pelo Sindicato dos Auxiliares de Administra\u00e7\u00e3o Escolar do Paran\u00e1 (SAAEPAR), pelo Sindicato dos Professores no Estado do Paran\u00e1 (SINPROPAR) e pelo Sindicato dos Professores [&hellip;]<!-- AddThis Advanced Settings generic via filter on wp_trim_excerpt --><!-- AddThis Share Buttons generic via filter on wp_trim_excerpt --><\/p>\n","protected":false},"author":3,"featured_media":0,"comment_status":"closed","ping_status":"open","sticky":false,"template":"","format":"standard","meta":{"footnotes":""},"categories":[7,478,18,13],"tags":[305,811,812,71,805,62,164],"class_list":["post-3951","post","type-post","status-publish","format-standard","hentry","category-arquivo-de-noticias","category-coronavirus-e-direitos-dos-professores","category-destaque","category-home","tag-assembleia","tag-assembleia-conjunta","tag-frente-de-luta","tag-reajuste-salarial","tag-saaepar","tag-sinpes","tag-sinpropar"],"_links":{"self":[{"href":"https:\/\/sinpes.org.br\/site\/wp-json\/wp\/v2\/posts\/3951","targetHints":{"allow":["GET"]}}],"collection":[{"href":"https:\/\/sinpes.org.br\/site\/wp-json\/wp\/v2\/posts"}],"about":[{"href":"https:\/\/sinpes.org.br\/site\/wp-json\/wp\/v2\/types\/post"}],"author":[{"embeddable":true,"href":"https:\/\/sinpes.org.br\/site\/wp-json\/wp\/v2\/users\/3"}],"replies":[{"embeddable":true,"href":"https:\/\/sinpes.org.br\/site\/wp-json\/wp\/v2\/comments?post=3951"}],"version-history":[{"count":1,"href":"https:\/\/sinpes.org.br\/site\/wp-json\/wp\/v2\/posts\/3951\/revisions"}],"predecessor-version":[{"id":3952,"href":"https:\/\/sinpes.org.br\/site\/wp-json\/wp\/v2\/posts\/3951\/revisions\/3952"}],"wp:attachment":[{"href":"https:\/\/sinpes.org.br\/site\/wp-json\/wp\/v2\/media?parent=3951"}],"wp:term":[{"taxonomy":"category","embeddable":true,"href":"https:\/\/sinpes.org.br\/site\/wp-json\/wp\/v2\/categories?post=3951"},{"taxonomy":"post_tag","embeddable":true,"href":"https:\/\/sinpes.org.br\/site\/wp-json\/wp\/v2\/tags?post=3951"}],"curies":[{"name":"wp","href":"https:\/\/api.w.org\/{rel}","templated":true}]}}