{"id":3936,"date":"2022-05-24T15:35:35","date_gmt":"2022-05-24T18:35:35","guid":{"rendered":"https:\/\/sinpes.org.br\/site\/?p=3936"},"modified":"2022-05-24T16:57:59","modified_gmt":"2022-05-24T19:57:59","slug":"sindicatos-se-unem-em-grande-campanha-por-remuneracao-digna-a-mais-de-30-mil-trabalhadores-da-educacao-privada","status":"publish","type":"post","link":"https:\/\/sinpes.org.br\/site\/sindicatos-se-unem-em-grande-campanha-por-remuneracao-digna-a-mais-de-30-mil-trabalhadores-da-educacao-privada\/","title":{"rendered":"Sindicatos se unem em grande campanha por remunera\u00e7\u00e3o digna a mais de 30 mil trabalhadores da educa\u00e7\u00e3o privada"},"content":{"rendered":"<p><strong>24\/05\/2022<\/strong><\/p>\n<p>Nesta segunda-feira (23), teve in\u00edcio em toda Curitiba e Regi\u00e3o Metropolitana uma campanha conjunta entre entidades sindicais que representam mais de 30 mil trabalhadores da educa\u00e7\u00e3o privada do estado do Paran\u00e1. Caminh\u00f5es de som, distribui\u00e7\u00e3o de milhares de panfletos informativos e a\u00e7\u00f5es de m\u00eddia t\u00eam como objetivo convocar professores, professoras e auxiliares de administra\u00e7\u00e3o escolar para Assembleia Virtual que ser\u00e1 realizada no dia 31\/05.<\/p>\n<p>A a\u00e7\u00e3o \u00e9 promovida pelo Sindicato dos Auxiliares de Administra\u00e7\u00e3o Escolar do Paran\u00e1 (SAAEPAR), pelo Sindicato dos Professores no Estado do Paran\u00e1 (SINPROPAR) e pelo Sindicato dos Professores do Ensino Superior de Curitiba e da Regi\u00e3o Metropolitana (SINPES). As entidades engajaram-se para fomentar uma campanha salarial unificada na busca por remunera\u00e7\u00e3o digna aos trabalhadores da rede privada de ensino. Juntos, os sindicatos representam cerca de 32 mil empregados.<\/p>\n<p>A iniciativa \u00e9 hist\u00f3rica, j\u00e1 que a \u00faltima vez que os grupos que comp\u00f5em essas entidades atuaram em conjunto no enfrentamento por melhores condi\u00e7\u00f5es de trabalho e de remunera\u00e7\u00e3o ocorreu por ocasi\u00e3o da bem sucedida greve geral dos trabalhadores da educa\u00e7\u00e3o de 1989.<\/p>\n<p>A nova campanha\u00a0surgiu em face da intransig\u00eancia e da insensibilidade do SINEPE &#8211; Sindicato dos Estabelecimentos Particulares de Ensino no Estado do Paran\u00e1 \u2013 que representa as institui\u00e7\u00f5es de ensino fundamental, m\u00e9dio e superior, que se recusa a incorporar no sal\u00e1rio abono salarial de 6,22% ajustado entre as partes para pagamento entre mar\u00e7o de 2021 e fevereiro de 2022. O sindicato patronal tampouco se disp\u00f4s a continuar a pagar esse abono provisoriamente at\u00e9 que se concluam as negocia\u00e7\u00f5es da Conven\u00e7\u00e3o Coletiva de Trabalho 2022\/2023, o que representa uma in\u00e9dita redu\u00e7\u00e3o nominal dos sal\u00e1rios desses profissionais, justamente quando a infla\u00e7\u00e3o anual acumulada atinge dois d\u00edgitos.<\/p>\n<p>Entre mar\u00e7o de 2019 e fevereiro de 2022, para uma infla\u00e7\u00e3o acumulada de 22,28%, \u00edndice que orientou o reajuste das mensalidades escolares de boa parte das institui\u00e7\u00f5es de ensino, o SINEPE ofereceu minguados 8% (sendo 3% abono) para os professores do ensino Infantil, Fundamental, M\u00e9dio e Superior representados pelo SINPROPAR e para os Auxiliares de Administra\u00e7\u00e3o Escolar (SAAEPAR) e de 9,11% para os professores do Ensino Superior representados pelo SINPES.<\/p>\n<p>Essa frente de luta, formada por entidades sindicais que representam trabalhadores e trabalhadoras do ensino privado de Curitiba, Regi\u00e3o Metropolitana e outras cidades do Paran\u00e1, vai atuar divulgando amplamente as dificuldades e perdas salariais que professores e professoras e auxiliares de administra\u00e7\u00e3o escolar sofreram nos \u00faltimos anos e incentivando a ado\u00e7\u00e3o de medidas que conven\u00e7am os empregadores a repensarem sua postura. No \u00e2mbito de representatividade do Sinpropar e do Saaepar, por exemplo, os professores encontram-se a tr\u00eas anos sem receber qualquer reajuste salarial para ajudar as escolas a sobreviverem nos tempos dif\u00edceis da pandemia. Retornadas as atividades presenciais, a reposi\u00e7\u00e3o integral dos \u00edndices inflacion\u00e1rios \u00e9 imprescind\u00edvel para que os profissionais da educa\u00e7\u00e3o recuperem seu poder de compras.<\/p>\n<p><strong>A Assembleia conjunta volta-se para debater com professores e auxiliares de administra\u00e7\u00e3o escolar estrat\u00e9gias de luta para persuadir as institui\u00e7\u00f5es de ensino a conceder um reajuste mais justo aos trabalhadores da categoria. Acontecer\u00e1 a partir das 17h30 do dia 31\/05\/2022 pela plataforma Zoom e pode ser acessada no link abaixo: <\/strong><\/p>\n<p><a href=\"https:\/\/us06web.zoom.us\/j\/83535579340\">https:\/\/us06web.zoom.us\/j\/83535579340<\/a><\/p>\n<p>O Sinpes solicitou uma nota de esclarecimento ao Sinepe sobre os fatos trazidos neste texto e ela ser\u00e1 anexada ao mesmo quando nos for enviada.<\/p>\n<!-- AddThis Advanced Settings generic via filter on the_content --><!-- AddThis Share Buttons generic via filter on the_content -->","protected":false},"excerpt":{"rendered":"<p>24\/05\/2022 Nesta segunda-feira (23), teve in\u00edcio em toda Curitiba e Regi\u00e3o Metropolitana uma campanha conjunta entre entidades sindicais que representam mais de 30 mil trabalhadores da educa\u00e7\u00e3o privada do estado do Paran\u00e1. Caminh\u00f5es de som, distribui\u00e7\u00e3o de milhares de panfletos informativos e a\u00e7\u00f5es de m\u00eddia t\u00eam como objetivo convocar professores, professoras e auxiliares de administra\u00e7\u00e3o [&hellip;]<!-- AddThis Advanced Settings generic via filter on wp_trim_excerpt --><!-- AddThis Share Buttons generic via filter on wp_trim_excerpt --><\/p>\n","protected":false},"author":3,"featured_media":0,"comment_status":"closed","ping_status":"open","sticky":false,"template":"","format":"standard","meta":{"footnotes":""},"categories":[7,478,18,13],"tags":[809,810,805,62,164],"class_list":["post-3936","post","type-post","status-publish","format-standard","hentry","category-arquivo-de-noticias","category-coronavirus-e-direitos-dos-professores","category-destaque","category-home","tag-campanha-conjunta","tag-frente-ampla-de-luta","tag-saaepar","tag-sinpes","tag-sinpropar"],"_links":{"self":[{"href":"https:\/\/sinpes.org.br\/site\/wp-json\/wp\/v2\/posts\/3936","targetHints":{"allow":["GET"]}}],"collection":[{"href":"https:\/\/sinpes.org.br\/site\/wp-json\/wp\/v2\/posts"}],"about":[{"href":"https:\/\/sinpes.org.br\/site\/wp-json\/wp\/v2\/types\/post"}],"author":[{"embeddable":true,"href":"https:\/\/sinpes.org.br\/site\/wp-json\/wp\/v2\/users\/3"}],"replies":[{"embeddable":true,"href":"https:\/\/sinpes.org.br\/site\/wp-json\/wp\/v2\/comments?post=3936"}],"version-history":[{"count":2,"href":"https:\/\/sinpes.org.br\/site\/wp-json\/wp\/v2\/posts\/3936\/revisions"}],"predecessor-version":[{"id":3938,"href":"https:\/\/sinpes.org.br\/site\/wp-json\/wp\/v2\/posts\/3936\/revisions\/3938"}],"wp:attachment":[{"href":"https:\/\/sinpes.org.br\/site\/wp-json\/wp\/v2\/media?parent=3936"}],"wp:term":[{"taxonomy":"category","embeddable":true,"href":"https:\/\/sinpes.org.br\/site\/wp-json\/wp\/v2\/categories?post=3936"},{"taxonomy":"post_tag","embeddable":true,"href":"https:\/\/sinpes.org.br\/site\/wp-json\/wp\/v2\/tags?post=3936"}],"curies":[{"name":"wp","href":"https:\/\/api.w.org\/{rel}","templated":true}]}}