{"id":3914,"date":"2022-05-02T10:03:38","date_gmt":"2022-05-02T13:03:38","guid":{"rendered":"https:\/\/sinpes.org.br\/site\/?p=3914"},"modified":"2022-05-02T10:03:38","modified_gmt":"2022-05-02T13:03:38","slug":"instransigencia-e-insensibilidade-dos-patroes-gera-frente-unica-sindical-para-pressionar-por-reajuste-condigno-a-professores-as-e-auxiliares-de-administracao-escolar","status":"publish","type":"post","link":"https:\/\/sinpes.org.br\/site\/instransigencia-e-insensibilidade-dos-patroes-gera-frente-unica-sindical-para-pressionar-por-reajuste-condigno-a-professores-as-e-auxiliares-de-administracao-escolar\/","title":{"rendered":"Instransig\u00eancia e insensibilidade dos patr\u00f5es gera frente \u00fanica sindical para pressionar por reajuste condigno a professores\/as e auxiliares de administra\u00e7\u00e3o escolar"},"content":{"rendered":"<p><strong>02\/05\/2022<\/strong><\/p>\n<p><a href=\"https:\/\/sinpes.org.br\/site\/wp-content\/uploads\/2022\/05\/copia.jpeg\"><img loading=\"lazy\" decoding=\"async\" class=\"aligncenter wp-image-3916 \" src=\"https:\/\/sinpes.org.br\/site\/wp-content\/uploads\/2022\/05\/copia.jpeg\" alt=\"\" width=\"680\" height=\"464\" srcset=\"https:\/\/sinpes.org.br\/site\/wp-content\/uploads\/2022\/05\/copia.jpeg 768w, https:\/\/sinpes.org.br\/site\/wp-content\/uploads\/2022\/05\/copia-300x205.jpeg 300w, https:\/\/sinpes.org.br\/site\/wp-content\/uploads\/2022\/05\/copia-295x200.jpeg 295w\" sizes=\"auto, (max-width: 680px) 100vw, 680px\" \/><\/a><\/p>\n<p>Na foto:<\/p>\n<p><strong>Da esquerda para a Direita Claudinei Alves, Presidente do SAAEPAR, Valdyr Perrini, Presidente do SINPES, Luiz Cl\u00e1udio Camargo, Secret\u00e1rio do SINPROPAR, Adriana Eliza Mazza, Tesoureira do SINPROPAR, Edson Massaro Postalli, assessor jur\u00eddico do SINPROPAR, Lineu Ferreira Ribas, Presidente do SINPROPAR e Ant\u00f4nio Alpendere da Silva, Presidente da FETEPAR. <\/strong><\/p>\n<p>&nbsp;<\/p>\n<p>O Sindicato dos Professores de Ensino Superior de Curitiba e Regi\u00e3o Metropolitana (SINPES), o Sindicato dos Professores no Estado do Paran\u00e1 (SINPROPAR) \u00a0e o Sindicato dos Estabelecimentos Particulares de Ensino no Estado do Paran\u00e1 (SINEPE), no \u00e2mbito de suas representatividades, respaldados por suas assembleias gerais, concordaram em ajustar o reajuste salarial devido para o ano de 2021 mediante abono a ser quitado entre mar\u00e7o de 2021 e fevereiro de 2022.<\/p>\n<p>Essa sistem\u00e1tica foi admitida de forma excepcional pelos professores\/as do ensino fundamental, m\u00e9dio e superior e pelos auxiliares de adminstra\u00e7\u00e3o em todos os n\u00edveis, sensibilizados com a dif\u00edcil situa\u00e7\u00e3o econ\u00f4mica enfrentada pelas institui\u00e7\u00f5es de ensino superior em face da pandemia, sob o compromisso de que se tratava de circunst\u00e2ncia transit\u00f3ria.<\/p>\n<p>Passadas essa dificuldades, com o retorno das atividades presenciais a todo o vapor, esperava-se a imediata e autom\u00e1tica incorpora\u00e7\u00e3o ao sal\u00e1rio do abono praticado, evitando-se assim a potencialmente explosiva redu\u00e7\u00e3o nominal de remunera\u00e7\u00e3o praticada de forma leviana pelas empregadoras em un\u00edssono.<\/p>\n<p>Ledo engano!<\/p>\n<p>As institui\u00e7\u00f5es de ensino superior n\u00e3o promoveram a incorpora\u00e7\u00e3o ao sal\u00e1rio do abono, como mandava o bom senso. Tampouco dispuseram-se a continuar, pelo menos, pagando o valor correspondente provisoriamente sob a forma de abono, at\u00e9 que se conclu\u00edssem as negocia\u00e7\u00f5es da CCT 2022\/2023.<\/p>\n<p>O resultado desta conduta leviana \u00e9 que esse ano as negocia\u00e7\u00f5es coletivas que normalmente exigem algum tempo para serem conclu\u00eddas ocorrem envoltas em situa\u00e7\u00e3o explosiva para todos os profissionais que labutam no \u00e2mbito do ensino privado.<\/p>\n<p>Al\u00e9m de terem seu poder econ\u00f4mico mitigado por espiral inflacion\u00e1ria em ascens\u00e3o que ultrapassa a marca dos dois d\u00edgitos, ainda s\u00e3o compelidos a conviverem com situa\u00e7\u00e3o inusitada e aflitiva, repesentada por absurda redu\u00e7\u00e3o nominal de sua remunera\u00e7\u00e3o.<\/p>\n<p>Diante da total falta de empatia dos dirigentes do Sinepe, os Presidentes do Sindicato dos Professores no Estado do Paran\u00e1 \u00a0(SINPROPAR), da Federa\u00e7\u00e3o dos Trabalhadores em Educa\u00e7\u00e3o do Paran\u00e1 (Fetepar), do Sindicato dos Auxiliares de Administra\u00e7\u00e3o Escolar do Paran\u00e1 (SAAEPAR) e do Sindicato dos Professores do Ensino Superior de Curitiba e da Regi\u00e3o Metropolitana (SINPES) reuniram-se para alinhavar estrat\u00e9gias comuns de press\u00e3o voltadas para um reajuste salarial condigno de todos os que trabalham no \u00e2mbito da Educa\u00e7\u00e3o Privada.<\/p>\n<p>Trata-se de uma iniciativa hist\u00f3rica.<\/p>\n<p>A \u00faltima vez que os grupos que comp\u00f5em essas cinco entidades atuaram em conjunto no enfrentamento por melhores condi\u00e7\u00f5es de trabalho e de remunera\u00e7\u00e3o ocorreu por ocasi\u00e3o da bem sucedida greve de 1989, gestada nas salas de professores da ent\u00e3o Universidade Cat\u00f3lica do Paran\u00e1. O movimento espalhou-se como rastilho de p\u00f3lvora por todas as institui\u00e7\u00f5es particulares de ensino de Curitiba e da Regi\u00e3o Metropolitana.<\/p>\n<p>Eram tempos de infla\u00e7\u00e3o ainda mais exacerbada.<\/p>\n<p>Mas tamb\u00e9m de muita esperan\u00e7a e confian\u00e7a nas institui\u00e7\u00f5es democr\u00e1ticas, no Estado de Direito e nas conquistas sociais cristalizadas com o ent\u00e3o recente advento da Constitui\u00e7\u00e3o Cidad\u00e3.<\/p>\n<p>Oxal\u00e1 essa reuni\u00e3o de esfor\u00e7os para o atingimento desse importante objetivo comum seja o pren\u00fancio dos novos tempos que se avizinham, com renova\u00e7\u00e3o das esperan\u00e7as e da convic\u00e7\u00e3o por dias menos sombrios para os trabalhadores em geral e da educa\u00e7\u00e3o em particular.<\/p>\n<p><strong>O SINPES entrou em contato com o SINEPE pedindo uma nota de esclarecimento sobre o fatos trazidos neste texto. Mas at\u00e9 a publica\u00e7\u00e3o do mesmo o sindicato patronal n\u00e3o tinha respondido.<\/strong><\/p>\n<!-- AddThis Advanced Settings generic via filter on the_content --><!-- AddThis Share Buttons generic via filter on the_content -->","protected":false},"excerpt":{"rendered":"<p>02\/05\/2022 Na foto: Da esquerda para a Direita Claudinei Alves, Presidente do SAAEPAR, Valdyr Perrini, Presidente do SINPES, Luiz Cl\u00e1udio Camargo, Secret\u00e1rio do SINPROPAR, Adriana Eliza Mazza, Tesoureira do SINPROPAR, Edson Massaro Postalli, assessor jur\u00eddico do SINPROPAR, Lineu Ferreira Ribas, Presidente do SINPROPAR e Ant\u00f4nio Alpendere da Silva, Presidente da FETEPAR. &nbsp; O Sindicato dos [&hellip;]<!-- AddThis Advanced Settings generic via filter on wp_trim_excerpt --><!-- AddThis Share Buttons generic via filter on wp_trim_excerpt --><\/p>\n","protected":false},"author":3,"featured_media":0,"comment_status":"closed","ping_status":"open","sticky":false,"template":"","format":"standard","meta":{"footnotes":""},"categories":[7,478,18,13],"tags":[331,392,804,802,803,761,805,371,68,62,164],"class_list":["post-3914","post","type-post","status-publish","format-standard","hentry","category-arquivo-de-noticias","category-coronavirus-e-direitos-dos-professores","category-destaque","category-home","tag-cct","tag-convencao-coletiva","tag-fetepar","tag-frente-sindical","tag-protestos","tag-reajuste","tag-saaepar","tag-salarios","tag-sinepe","tag-sinpes","tag-sinpropar"],"_links":{"self":[{"href":"https:\/\/sinpes.org.br\/site\/wp-json\/wp\/v2\/posts\/3914","targetHints":{"allow":["GET"]}}],"collection":[{"href":"https:\/\/sinpes.org.br\/site\/wp-json\/wp\/v2\/posts"}],"about":[{"href":"https:\/\/sinpes.org.br\/site\/wp-json\/wp\/v2\/types\/post"}],"author":[{"embeddable":true,"href":"https:\/\/sinpes.org.br\/site\/wp-json\/wp\/v2\/users\/3"}],"replies":[{"embeddable":true,"href":"https:\/\/sinpes.org.br\/site\/wp-json\/wp\/v2\/comments?post=3914"}],"version-history":[{"count":1,"href":"https:\/\/sinpes.org.br\/site\/wp-json\/wp\/v2\/posts\/3914\/revisions"}],"predecessor-version":[{"id":3917,"href":"https:\/\/sinpes.org.br\/site\/wp-json\/wp\/v2\/posts\/3914\/revisions\/3917"}],"wp:attachment":[{"href":"https:\/\/sinpes.org.br\/site\/wp-json\/wp\/v2\/media?parent=3914"}],"wp:term":[{"taxonomy":"category","embeddable":true,"href":"https:\/\/sinpes.org.br\/site\/wp-json\/wp\/v2\/categories?post=3914"},{"taxonomy":"post_tag","embeddable":true,"href":"https:\/\/sinpes.org.br\/site\/wp-json\/wp\/v2\/tags?post=3914"}],"curies":[{"name":"wp","href":"https:\/\/api.w.org\/{rel}","templated":true}]}}