{"id":3908,"date":"2022-04-27T09:35:41","date_gmt":"2022-04-27T12:35:41","guid":{"rendered":"https:\/\/sinpes.org.br\/site\/?p=3908"},"modified":"2025-06-26T14:22:01","modified_gmt":"2025-06-26T17:22:01","slug":"acordo-tuiuti","status":"publish","type":"post","link":"https:\/\/sinpes.org.br\/site\/acordo-tuiuti\/","title":{"rendered":"Acordo Tuiuti"},"content":{"rendered":"<p><b>Acordo Sal\u00e1rios 2025\/2029 &#8211; Autos <strong>000611-12-2010.5.09.0006<\/strong><\/b><\/p>\n<p>Vers\u00e3o PDF:<\/p>\n<p><a href=\"https:\/\/sinpes.org.br\/site\/wp-content\/uploads\/2022\/04\/Acordo-Salarios-2025-2029.pdf\">Acordo Sal\u00e1rios 2025-2029<\/a><\/p>\n<p>Vers\u00e3o WORD:<\/p>\n<p><a href=\"https:\/\/sinpes.org.br\/site\/wp-content\/uploads\/2022\/04\/Acordo-Salarios-2025-2029.docx\">Acordo Sal\u00e1rios 2025-2029<\/a><\/p>\n<p><strong>Anexos Acordo Sal\u00e1rios 2025\/2029<\/strong><\/p>\n<p><a href=\"https:\/\/sinpes.org.br\/site\/wp-content\/uploads\/2022\/04\/Anexo-I-Acordo-Salarios-2025-2029.pdf\">Anexo I &#8211; Acordo Sal\u00e1rios 2025-2029<\/a><\/p>\n<p><a href=\"https:\/\/sinpes.org.br\/site\/wp-content\/uploads\/2022\/04\/Anexo-II-Acordo-Salarios-2025-2029.pdf\">Anexo II &#8211; Acordo Sal\u00e1rios 2025-2029<\/a><\/p>\n<p><a href=\"https:\/\/sinpes.org.br\/site\/wp-content\/uploads\/2022\/04\/Anexo-III-Acordo-Salarios-2025-2029.pdf\">Anexo III &#8211; Acordo Sal\u00e1rios 2025-2029<\/a><\/p>\n<p>&nbsp;<\/p>\n<p><strong>Acordo Coletivo 2023\/2025<\/strong><\/p>\n<p>Vers\u00e3o PDF:<\/p>\n<p><a href=\"https:\/\/sinpes.org.br\/site\/wp-content\/uploads\/2022\/04\/Acordo-Coletivo-2023-2025.pdf\">Acordo Coletivo 2023-2025<\/a><\/p>\n<p>Vers\u00e3o WORD:<\/p>\n<p><a href=\"https:\/\/sinpes.org.br\/site\/wp-content\/uploads\/2022\/04\/Acordo-Coletivo-2023-2025.docx\">Acordo Coletivo 2023-2025<\/a><\/p>\n<p>&nbsp;<\/p>\n<p><strong>Acordo F\u00e9rias 2022\/2023<\/strong><\/p>\n<p>Vers\u00e3o PDF:<\/p>\n<p><a href=\"https:\/\/sinpes.org.br\/site\/wp-content\/uploads\/2022\/04\/Acordo-Coletivo-Ferias-2022-2023.pdf\">Acordo Coletivo Ferias- 2022 -2023<\/a><\/p>\n<p>Vers\u00e3o WORD:<\/p>\n<p><a href=\"https:\/\/sinpes.org.br\/site\/wp-content\/uploads\/2022\/04\/Acordo-Coletivo-Ferias-2022-2023.docx\">Acordo Coletivo F\u00e9rias 2022-2023<\/a><\/p>\n<p>&nbsp;<\/p>\n<p><strong>Acordo Parcelamento de F\u00e9rias e Gratifica\u00e7\u00e3o de F\u00e9rias 2022\/2023<\/strong><\/p>\n<p>Vers\u00e3o PDF:<\/p>\n<p><a href=\"https:\/\/sinpes.org.br\/site\/wp-content\/uploads\/2022\/04\/Acordo-Parcelamento-de-Ferias-e-Gratificacao-de-Ferias-2022-2023.pdf\">Acordo Parcelamento de F\u00e9rias e Gratifica\u00e7\u00e3o de F\u00e9rias 2022-2023<\/a><\/p>\n<p>Vers\u00e3o WORD:<\/p>\n<p><a href=\"https:\/\/sinpes.org.br\/site\/wp-content\/uploads\/2022\/04\/Acordo-Parcelamento-de-Ferias-e-Gratificacao-de-Ferias-2022-2023.doc\">Acordo Parcelamento de F\u00e9rias e Gratifica\u00e7\u00e3o de F\u00e9rias 2022-2023<\/a><\/p>\n<p>&nbsp;<\/p>\n<p><strong>Acordo Multa Convencional Atraso de Sal\u00e1rios 2021\/2022 &#8211; Autos 0000611-12.2010.5.09.0006<\/strong><\/p>\n<p>Vers\u00e3o PDF:<\/p>\n<p><a href=\"https:\/\/sinpes.org.br\/site\/wp-content\/uploads\/2022\/04\/Acordo-Multa-Convencional-Atraso-de-Salarios-2022.pdf\">Acordo Multa Convencional Atraso de Sal\u00e1rios 2022<\/a><\/p>\n<p>Vers\u00e3o WORD:<\/p>\n<p><a href=\"https:\/\/sinpes.org.br\/site\/wp-content\/uploads\/2022\/04\/Acordo-Multa-Convencional-Atraso-de-Salarios-2022.docx\">Acordo Multa Convencional Atraso de Sal\u00e1rios 2022<\/a><\/p>\n<p>&nbsp;<\/p>\n<p><strong>Acordo F\u00e9rias 2021\/2022<\/strong><\/p>\n<p>Vers\u00e3o PDF:<\/p>\n<p><a href=\"https:\/\/sinpes.org.br\/site\/wp-content\/uploads\/2022\/04\/Acordo-Coletivo-Ferias-2021-2022.docx\">Acordo Coletivo F\u00e9rias 2021-2022<\/a><\/p>\n<p>Vers\u00e3o WORD:<\/p>\n<p><a href=\"https:\/\/sinpes.org.br\/site\/wp-content\/uploads\/2022\/04\/Acordo-Coletivo-Ferias-2021-2022-1.docx\">Acordo Coletivo F\u00e9rias 2021-2022<\/a><\/p>\n<p>&nbsp;<\/p>\n<p><strong>Acordo F\u00e9rias 2020\u00a0<\/strong><\/p>\n<p>Vers\u00e3o PDF:<\/p>\n<p><a href=\"https:\/\/sinpes.org.br\/site\/wp-content\/uploads\/2022\/04\/Acordo-Coletivo-Ferias-2020-1.pdf\">Acordo Coletivo F\u00e9rias 2020<\/a><\/p>\n<p>Vers\u00e3o WORD:<\/p>\n<p><a href=\"https:\/\/sinpes.org.br\/site\/wp-content\/uploads\/2022\/04\/Acordo-Coletivo-Ferias-2020.docx\">Acordo Coletivo F\u00e9rias 2020<\/a><\/p>\n<p>&nbsp;<\/p>\n<p>&nbsp;<\/p>\n<p><strong>Acordo F\u00e9rias e Gratifica\u00e7\u00e3o de F\u00e9rias 2019 &#8211; Autos: 19.098-2011-014-09-00-3<\/strong><\/p>\n<p>Vers\u00e3o PDF:<\/p>\n<p><a href=\"https:\/\/sinpes.org.br\/site\/wp-content\/uploads\/2022\/04\/Acordo-Ferias-e-Gratificacao-de-Ferias-2019-1.pdf\">Acordo F\u00e9rias e Gratifica\u00e7\u00e3o de F\u00e9rias 2019<\/a><\/p>\n<p>&nbsp;<\/p>\n<p>&nbsp;<\/p>\n<p><strong>Acordo FGTS 2018 &#8211; Autos: 01201-2004-006-09-00-5<\/strong><\/p>\n<p>Vers\u00e3o PDF:<\/p>\n<p><a href=\"https:\/\/sinpes.org.br\/site\/wp-content\/uploads\/2022\/04\/Acordo-FGTS-2018.pdf\">Acordo FGTS 2018<\/a><\/p>\n<p>&nbsp;<\/p>\n<p>&nbsp;<\/p>\n<!-- AddThis Advanced Settings generic via filter on the_content --><!-- AddThis Share Buttons generic via filter on the_content -->","protected":false},"excerpt":{"rendered":"<p>Acordo Sal\u00e1rios 2025\/2029 &#8211; Autos 000611-12-2010.5.09.0006 Vers\u00e3o PDF: Acordo Sal\u00e1rios 2025-2029 Vers\u00e3o WORD: Acordo Sal\u00e1rios 2025-2029 Anexos Acordo Sal\u00e1rios 2025\/2029 Anexo I &#8211; Acordo Sal\u00e1rios 2025-2029 Anexo II &#8211; Acordo Sal\u00e1rios 2025-2029 Anexo III &#8211; Acordo Sal\u00e1rios 2025-2029 &nbsp; Acordo Coletivo 2023\/2025 Vers\u00e3o PDF: Acordo Coletivo 2023-2025 Vers\u00e3o WORD: Acordo Coletivo 2023-2025 &nbsp; Acordo F\u00e9rias [&hellip;]<!-- AddThis Advanced Settings generic via filter on wp_trim_excerpt --><!-- AddThis Share Buttons generic via filter on wp_trim_excerpt --><\/p>\n","protected":false},"author":3,"featured_media":0,"comment_status":"closed","ping_status":"open","sticky":false,"template":"","format":"standard","meta":{"footnotes":""},"categories":[16],"tags":[],"class_list":["post-3908","post","type-post","status-publish","format-standard","hentry","category-acordos-puc"],"_links":{"self":[{"href":"https:\/\/sinpes.org.br\/site\/wp-json\/wp\/v2\/posts\/3908","targetHints":{"allow":["GET"]}}],"collection":[{"href":"https:\/\/sinpes.org.br\/site\/wp-json\/wp\/v2\/posts"}],"about":[{"href":"https:\/\/sinpes.org.br\/site\/wp-json\/wp\/v2\/types\/post"}],"author":[{"embeddable":true,"href":"https:\/\/sinpes.org.br\/site\/wp-json\/wp\/v2\/users\/3"}],"replies":[{"embeddable":true,"href":"https:\/\/sinpes.org.br\/site\/wp-json\/wp\/v2\/comments?post=3908"}],"version-history":[{"count":10,"href":"https:\/\/sinpes.org.br\/site\/wp-json\/wp\/v2\/posts\/3908\/revisions"}],"predecessor-version":[{"id":5229,"href":"https:\/\/sinpes.org.br\/site\/wp-json\/wp\/v2\/posts\/3908\/revisions\/5229"}],"wp:attachment":[{"href":"https:\/\/sinpes.org.br\/site\/wp-json\/wp\/v2\/media?parent=3908"}],"wp:term":[{"taxonomy":"category","embeddable":true,"href":"https:\/\/sinpes.org.br\/site\/wp-json\/wp\/v2\/categories?post=3908"},{"taxonomy":"post_tag","embeddable":true,"href":"https:\/\/sinpes.org.br\/site\/wp-json\/wp\/v2\/tags?post=3908"}],"curies":[{"name":"wp","href":"https:\/\/api.w.org\/{rel}","templated":true}]}}