{"id":3885,"date":"2022-03-22T13:37:18","date_gmt":"2022-03-22T16:37:18","guid":{"rendered":"https:\/\/sinpes.org.br\/site\/?p=3885"},"modified":"2022-03-22T13:37:18","modified_gmt":"2022-03-22T16:37:18","slug":"sinpes-e-a-favor-da-obrigatoriedade-do-uso-de-mascaras-em-salas-de-aula","status":"publish","type":"post","link":"https:\/\/sinpes.org.br\/site\/sinpes-e-a-favor-da-obrigatoriedade-do-uso-de-mascaras-em-salas-de-aula\/","title":{"rendered":"Sinpes \u00e9 a favor da obrigatoriedade do uso de m\u00e1scaras em salas de aula"},"content":{"rendered":"<p><strong>22\/03\/2022<\/strong><\/p>\n<p>No \u00faltimo dia 18, durante entrevista \u00e0 R\u00e1dio CBN-Curitiba, o governador Ratinho J\u00fanior afirmou que a desobriga\u00e7\u00e3o do uso de m\u00e1scaras em ambientes fechados pode acontecer at\u00e9 o final do m\u00eas de mar\u00e7o em todo o Paran\u00e1. A obrigatoriedade do uso em locais abertos j\u00e1 foi extinta pelo governador por meio de decreto publicado no \u00faltimo dia 16.<\/p>\n<p>Na vis\u00e3o do Sindicato dos Professores de Ensino Superior de Curitiba e Regi\u00e3o Metropolitana \u2013 SINPES desobrigar o uso de m\u00e1scaras em ambientes fechados \u00e9 prematuro e pode custar a sa\u00fade e a vida de muitas pessoas.<\/p>\n<p>No ensino superior privado de Curitiba e Regi\u00e3o Metropolitana, por exemplo, milhares de estudantes e cerca de cinco mil professores e professoras voltaram \u00e0s salas de aula no \u00faltimo m\u00eas de fevereiro. Em muitas institui\u00e7\u00f5es de ensino superior, como \u00e9 de conhecimento do Sinpes, h\u00e1 turmas com mais de 40 alunos\/as. Desobrigar o uso de m\u00e1scaras nestes ambientes, a exemplo de outros como o transporte p\u00fablico, pode, como diversos especialistas (e alguns governadores) t\u00eam afirmado, levar a uma explos\u00e3o de casos, colocando em risco grande parte da popula\u00e7\u00e3o. \u00c9 importante lembrar tamb\u00e9m que a Covid-19 ainda mata centenas de pessoas por dia no Brasil. Ao todo, morreram mais de 656 mil pessoas no pa\u00eds em decorr\u00eancia da doen\u00e7a.<\/p>\n<p>Um dos argumentos do governo do estado \u2013 e da prefeitura de Curitiba que tamb\u00e9m aboliu a obrigatoriedade do uso de m\u00e1scaras em ambientes abertos \u2013 s\u00e3o os altos \u00edndices de vacina\u00e7\u00e3o. Mas a capital paranaense n\u00e3o \u00e9 uma ilha e est\u00e1 cercada por cidades da Regi\u00e3o Metropolitana que t\u00eam taxas vacinais diferentes. E nem todo mundo est\u00e1 completamente vacinado contra a covid: menos da metade das pessoas com menos de 50 anos no Brasil tomaram a terceira dose.<\/p>\n<p>Entre os dias 31\/01 e 04\/02\/2022 o Sinpes realizou uma consulta online com a comunidade acad\u00eamica do ensino superior privado de Curitiba e Regi\u00e3o Metropolitana. O objetivo da pesquisa foi questionar professores\/as, alunos\/as e outros trabalhadores\/as das institui\u00e7\u00f5es de ensino superior sobre a obrigatoriedade do Passaporte da Vacina para o retorno das aulas presenciais. Embora a grande maioria aprove a exig\u00eancia do passaporte, na pr\u00e1tica n\u00e3o se t\u00eam not\u00edcia do mesmo ter sido solicitado por nenhuma das institui\u00e7\u00f5es de ensino particulares de Curitiba e da Regi\u00e3o Metropolitana.<\/p>\n<p>O sindicato ainda questionou os participantes sobre quantos estavam completamente imunizados\/as contra a Covid-19. Apenas 42,5% do total respondeu que tinha tomado as duas doses da vacina contra a Covid-19 mais a dose de refor\u00e7o; 29% respondeu que tomou as duas doses; 25% apenas uma dose e 2,5% n\u00e3o se vacinou.<\/p>\n<p>Al\u00e9m disso, h\u00e1 diversas preocupa\u00e7\u00f5es em torno da subvariante da \u00f4micron (BA.2) e da variante \u201cdeltacron\u201d (apelido dado \u00e0 nova linhagem AY.4\/BA.1) e do aumento de infec\u00e7\u00f5es em localidades da \u00c1sia e da Europa, como Hong Kong, China, Alemanha, Fran\u00e7a e Reino Unido.<\/p>\n<p>Portanto, o Sinpes vem a p\u00fablico manifestar sua preocupa\u00e7\u00e3o com o fim da obrigatoriedade do uso de m\u00e1scaras em ambientes fechados. Para o sindicato, os cuidados para se evitar o cont\u00e1gio pelo Coronav\u00edrus devem continuar e o uso de m\u00e1scaras se faz ainda indispens\u00e1vel.<\/p>\n<!-- AddThis Advanced Settings generic via filter on the_content --><!-- AddThis Share Buttons generic via filter on the_content -->","protected":false},"excerpt":{"rendered":"<p>22\/03\/2022 No \u00faltimo dia 18, durante entrevista \u00e0 R\u00e1dio CBN-Curitiba, o governador Ratinho J\u00fanior afirmou que a desobriga\u00e7\u00e3o do uso de m\u00e1scaras em ambientes fechados pode acontecer at\u00e9 o final do m\u00eas de mar\u00e7o em todo o Paran\u00e1. A obrigatoriedade do uso em locais abertos j\u00e1 foi extinta pelo governador por meio de decreto publicado [&hellip;]<!-- AddThis Advanced Settings generic via filter on wp_trim_excerpt --><!-- AddThis Share Buttons generic via filter on wp_trim_excerpt --><\/p>\n","protected":false},"author":3,"featured_media":0,"comment_status":"closed","ping_status":"open","sticky":false,"template":"","format":"standard","meta":{"footnotes":""},"categories":[7,478,18,13],"tags":[456,462,798,799,472,683],"class_list":["post-3885","post","type-post","status-publish","format-standard","hentry","category-arquivo-de-noticias","category-coronavirus-e-direitos-dos-professores","category-destaque","category-home","tag-coronavirus","tag-covid-19","tag-mascaras","tag-obrigatoriedade-das-mascaras","tag-pandemia","tag-vacina"],"_links":{"self":[{"href":"https:\/\/sinpes.org.br\/site\/wp-json\/wp\/v2\/posts\/3885","targetHints":{"allow":["GET"]}}],"collection":[{"href":"https:\/\/sinpes.org.br\/site\/wp-json\/wp\/v2\/posts"}],"about":[{"href":"https:\/\/sinpes.org.br\/site\/wp-json\/wp\/v2\/types\/post"}],"author":[{"embeddable":true,"href":"https:\/\/sinpes.org.br\/site\/wp-json\/wp\/v2\/users\/3"}],"replies":[{"embeddable":true,"href":"https:\/\/sinpes.org.br\/site\/wp-json\/wp\/v2\/comments?post=3885"}],"version-history":[{"count":1,"href":"https:\/\/sinpes.org.br\/site\/wp-json\/wp\/v2\/posts\/3885\/revisions"}],"predecessor-version":[{"id":3886,"href":"https:\/\/sinpes.org.br\/site\/wp-json\/wp\/v2\/posts\/3885\/revisions\/3886"}],"wp:attachment":[{"href":"https:\/\/sinpes.org.br\/site\/wp-json\/wp\/v2\/media?parent=3885"}],"wp:term":[{"taxonomy":"category","embeddable":true,"href":"https:\/\/sinpes.org.br\/site\/wp-json\/wp\/v2\/categories?post=3885"},{"taxonomy":"post_tag","embeddable":true,"href":"https:\/\/sinpes.org.br\/site\/wp-json\/wp\/v2\/tags?post=3885"}],"curies":[{"name":"wp","href":"https:\/\/api.w.org\/{rel}","templated":true}]}}