{"id":3862,"date":"2022-02-18T18:57:09","date_gmt":"2022-02-18T21:57:09","guid":{"rendered":"https:\/\/sinpes.org.br\/site\/?p=3862"},"modified":"2022-04-12T14:03:20","modified_gmt":"2022-04-12T17:03:20","slug":"anima-desanima-os-professores","status":"publish","type":"post","link":"https:\/\/sinpes.org.br\/site\/anima-desanima-os-professores\/","title":{"rendered":"\u00c2NIMA DESANIMA OS PROFESSORES"},"content":{"rendered":"<p><strong>18\/02\/2022<\/strong><\/p>\n<p>Sob o pretexto de uma mera altera\u00e7\u00e3o em um dos polos da rela\u00e7\u00e3o de emprego, decorrente da aquisi\u00e7\u00e3o da Unicuritiba e da Sociesc pelo grupo \u00c2nima, os professores que lecionam no \u00e2mbito dessas institui\u00e7\u00f5es de ensino foram surpreendidos com um pol\u00eamico Termo Aditivo aos seus contratos de trabalho.<\/p>\n<p>A jurisprud\u00eancia trabalhista predominante realmente entende que a presta\u00e7\u00e3o de servi\u00e7os para mais de uma empresa do grupo econ\u00f4mico n\u00e3o gera multiplicidade de v\u00ednculos, salvo ajuste em contr\u00e1rio! Tamb\u00e9m est\u00e1 dentro do entendimento predominante a possibilidade de cada um dos integrantes do grupo dar ordens aos empregados no \u00e2mbito do poder patronal.<\/p>\n<p>Todavia, o termo aditivo apresentado aos professores vai bem mais al\u00e9m. E por ser gen\u00e9rico, n\u00e3o atenta para as peculiaridades regionais dos professores que lecionam na base territorial do Sinpes.<\/p>\n<p>\u201cAutoriza\u201d mudan\u00e7a de turno e redu\u00e7\u00e3o arbitr\u00e1ria de carga hor\u00e1ria dos professores, ao arrepio do artigo 468 da CLT e da conven\u00e7\u00e3o coletiva de trabalho vigente em Curitiba e Regi\u00e3o Metropolitana.<\/p>\n<p>Vai longe demais na obriga\u00e7\u00e3o de sigilo, como se o professor n\u00e3o pudesse nem relatar ao seu advogado as ilicitudes perpetradas pela empregadora.<\/p>\n<p>Confere lament\u00e1vel cheque em branco ao empregador na medida em que o professor de antem\u00e3o \u201cconcorda\u201d com todas as normas e regulamentos patronais, inclusive o famigerado C\u00f3digos de \u00c9tica (documento quase sempre elaborado sem a observ\u00e2ncia dos direitos e garantias individuais estabelecidos pelo artigo 5\u00ba da Constitui\u00e7\u00e3o Federal).<\/p>\n<p>Dada a gravidade do teor deste termo aditivo, dirigentes do Sinpes reunir-se-\u00e3o com integrantes do grupo \u00c2nima na pr\u00f3xima quarta-feira, oportunidade em que tentar\u00e3o ponderar acerca da inconveni\u00eancia dos termos deste termo aditivo, sustentando que o mesmo deve ser substitu\u00eddo por um documento simples, objetivo e transparente, que apenas registre a altera\u00e7\u00e3o subjetiva do empregador.<\/p>\n<p>At\u00e9 l\u00e1 o Sinpes sugere que o documento n\u00e3o seja ainda assinado por nenhum professor visto que poder\u00e1 ter importantes altera\u00e7\u00f5es no seu conte\u00fado se prevalecer o bom senso.<\/p>\n<p>Mais orienta\u00e7\u00f5es ser\u00e3o veiculadas nas redes sociais do Sinpes e no s\u00edtio eletr\u00f4nico do sindicato na quarta-feira, dia 23.02.2022.<\/p>\n<p>Um bom fim de semana a todos!<\/p>\n<p>Diretoria do Sinpes<\/p>\n<!-- AddThis Advanced Settings generic via filter on the_content --><!-- AddThis Share Buttons generic via filter on the_content -->","protected":false},"excerpt":{"rendered":"<p>18\/02\/2022 Sob o pretexto de uma mera altera\u00e7\u00e3o em um dos polos da rela\u00e7\u00e3o de emprego, decorrente da aquisi\u00e7\u00e3o da Unicuritiba e da Sociesc pelo grupo \u00c2nima, os professores que lecionam no \u00e2mbito dessas institui\u00e7\u00f5es de ensino foram surpreendidos com um pol\u00eamico Termo Aditivo aos seus contratos de trabalho. A jurisprud\u00eancia trabalhista predominante realmente entende [&hellip;]<!-- AddThis Advanced Settings generic via filter on wp_trim_excerpt --><!-- AddThis Share Buttons generic via filter on wp_trim_excerpt --><\/p>\n","protected":false},"author":3,"featured_media":0,"comment_status":"closed","ping_status":"open","sticky":false,"template":"","format":"standard","meta":{"footnotes":""},"categories":[7,478,18,13],"tags":[716,702,521,369],"class_list":["post-3862","post","type-post","status-publish","format-standard","hentry","category-arquivo-de-noticias","category-coronavirus-e-direitos-dos-professores","category-destaque","category-home","tag-anima","tag-contrato-de-trabalho","tag-professores-unicuritiba","tag-unicuritiba"],"_links":{"self":[{"href":"https:\/\/sinpes.org.br\/site\/wp-json\/wp\/v2\/posts\/3862","targetHints":{"allow":["GET"]}}],"collection":[{"href":"https:\/\/sinpes.org.br\/site\/wp-json\/wp\/v2\/posts"}],"about":[{"href":"https:\/\/sinpes.org.br\/site\/wp-json\/wp\/v2\/types\/post"}],"author":[{"embeddable":true,"href":"https:\/\/sinpes.org.br\/site\/wp-json\/wp\/v2\/users\/3"}],"replies":[{"embeddable":true,"href":"https:\/\/sinpes.org.br\/site\/wp-json\/wp\/v2\/comments?post=3862"}],"version-history":[{"count":2,"href":"https:\/\/sinpes.org.br\/site\/wp-json\/wp\/v2\/posts\/3862\/revisions"}],"predecessor-version":[{"id":3893,"href":"https:\/\/sinpes.org.br\/site\/wp-json\/wp\/v2\/posts\/3862\/revisions\/3893"}],"wp:attachment":[{"href":"https:\/\/sinpes.org.br\/site\/wp-json\/wp\/v2\/media?parent=3862"}],"wp:term":[{"taxonomy":"category","embeddable":true,"href":"https:\/\/sinpes.org.br\/site\/wp-json\/wp\/v2\/categories?post=3862"},{"taxonomy":"post_tag","embeddable":true,"href":"https:\/\/sinpes.org.br\/site\/wp-json\/wp\/v2\/tags?post=3862"}],"curies":[{"name":"wp","href":"https:\/\/api.w.org\/{rel}","templated":true}]}}