{"id":3857,"date":"2022-02-08T11:17:05","date_gmt":"2022-02-08T14:17:05","guid":{"rendered":"https:\/\/sinpes.org.br\/site\/?p=3857"},"modified":"2022-04-12T14:03:52","modified_gmt":"2022-04-12T17:03:52","slug":"comunidade-academica-de-curitiba-e-regiao-e-a-favor-do-passaporte-da-vacina-para-a-volta-das-aulas-presenciais-mostra-levantamento-do-sinpes","status":"publish","type":"post","link":"https:\/\/sinpes.org.br\/site\/comunidade-academica-de-curitiba-e-regiao-e-a-favor-do-passaporte-da-vacina-para-a-volta-das-aulas-presenciais-mostra-levantamento-do-sinpes\/","title":{"rendered":"Comunidade acad\u00eamica de Curitiba e Regi\u00e3o \u00e9 a favor do Passaporte da Vacina para a volta das aulas presenciais, mostra levantamento do Sinpes"},"content":{"rendered":"<p><strong>08\/02\/2022<\/strong><\/p>\n<p>Entre os dias 31\/01 e 04\/02\/2022 o Sindicato dos Professores do Ensino Superior de Curitiba e Regi\u00e3o Metropolitana \u2013 SINPES realizou uma consulta online com a comunidade acad\u00eamica do ensino superior privado de Curitiba e Regi\u00e3o Metropolitana. O objetivo da pesquisa foi questionar professores\/as, alunos\/as e outros trabalhadores\/as das institui\u00e7\u00f5es de ensino superior sobre a obrigatoriedade do Passaporte da Vacina para o retorno das aulas presenciais.<\/p>\n<p>O sindicato ainda questionou os participantes sobre quantos estavam completamente imunizados\/as contra a Covid-19; sobre a exig\u00eancia de testes de detec\u00e7\u00e3o do Coronav\u00edrus para aqueles\/as que n\u00e3o se vacinaram possam retornar \u00e0s universidades; se gostariam que houvesse a op\u00e7\u00e3o de continuar com o ensino remoto (online) quando as aulas presenciais voltarem, entre outras. Participaram estudantes, docentes\/as e demais trabalhadores de sete institui\u00e7\u00f5es de ensino superior privado de Curitiba e Regi\u00e3o Metropolitana.<\/p>\n<p>E o resultado mostrou que a maior parte dos participantes \u00e9 favor\u00e1vel \u00e0 exig\u00eancia do Passaporte da Vacina para aqueles\/as que retornar\u00e3o \u00e0s universidades: 66,3% foram a favor e 33,7% contra. Al\u00e9m do Passaporte, quem respondeu ao question\u00e1rio tamb\u00e9m se mostrou, em sua maioria, a favor da exig\u00eancia de testes de detec\u00e7\u00e3o do Coronav\u00edrus para aqueles\/as que n\u00e3o se vacinaram possam retornar \u00e0s universidades: 64,5 % se disseram a favor da medida e 35,5 % contra.<\/p>\n<p>Quando questionados se \u201cse sente seguro (a) para retornar \u00e0s aulas presenciais?\u201d 74,9% disse n\u00e3o se sentir seguro e 25,1% revelou que se sente segura na volta \u00e0s universidades.<\/p>\n<p>A maioria das institui\u00e7\u00f5es voltar\u00e1 ao ensino presencial, \u00e9 o que mostrou a pesquisa: 71,6% dos participantes disseram que onde estudam ou trabalham as aulas ser\u00e3o presenciais; 21,3% responderam que as aulas ser\u00e3o presenciais e remotas e 7,1% disse que as aulas ser\u00e3o online. E a maior parte dos participantes respondeu que gostaria que houvesse a op\u00e7\u00e3o de continuar com o ensino remoto (online) quando as aulas presenciais voltarem: 81,8% frente a 12,2% que respondeu que n\u00e3o.<\/p>\n<p>O Sinpes tamb\u00e9m questionou a quantidade de vacinas que os participantes haviam tomado. Apenas 42,5% do total respondeu que tinha tomado as duas doses da vacina contra a Covid-19 mais a dose de refor\u00e7o; 29% respondeu que tomou as duas doses; 25% apenas uma dose e 2,5% n\u00e3o se vacinou.<\/p>\n<p>Para o presidente do Sinpes, professor Valdyr Perrini, o resultado da pesquisa atesta que o Sinpes, ao sustentar a necessidade de ser exigido passaporte de vacina\u00e7\u00e3o para que os integrantes das comunidades acad\u00eamicas atuem presencialmente, ostenta sensibilidade em rela\u00e7\u00e3o aos anseios da maioria dos professores\/as das institui\u00e7\u00f5es de ensino superior, representando est\u00edmulo e legitimidade para que a institui\u00e7\u00e3o sindical continue a atuar nesse sentido.<\/p>\n<p>&nbsp;<\/p>\n<!-- AddThis Advanced Settings generic via filter on the_content --><!-- AddThis Share Buttons generic via filter on the_content -->","protected":false},"excerpt":{"rendered":"<p>08\/02\/2022 Entre os dias 31\/01 e 04\/02\/2022 o Sindicato dos Professores do Ensino Superior de Curitiba e Regi\u00e3o Metropolitana \u2013 SINPES realizou uma consulta online com a comunidade acad\u00eamica do ensino superior privado de Curitiba e Regi\u00e3o Metropolitana. O objetivo da pesquisa foi questionar professores\/as, alunos\/as e outros trabalhadores\/as das institui\u00e7\u00f5es de ensino superior sobre [&hellip;]<!-- AddThis Advanced Settings generic via filter on wp_trim_excerpt --><!-- AddThis Share Buttons generic via filter on wp_trim_excerpt --><\/p>\n","protected":false},"author":3,"featured_media":0,"comment_status":"closed","ping_status":"open","sticky":false,"template":"","format":"standard","meta":{"footnotes":""},"categories":[7,478,18,13],"tags":[640,786,779,638,789,683,566],"class_list":["post-3857","post","type-post","status-publish","format-standard","hentry","category-arquivo-de-noticias","category-coronavirus-e-direitos-dos-professores","category-destaque","category-home","tag-aulas-presenciais","tag-consulta","tag-passaporte-da-vacina","tag-pesquisa","tag-questionario","tag-vacina","tag-volta-as-aulas"],"_links":{"self":[{"href":"https:\/\/sinpes.org.br\/site\/wp-json\/wp\/v2\/posts\/3857","targetHints":{"allow":["GET"]}}],"collection":[{"href":"https:\/\/sinpes.org.br\/site\/wp-json\/wp\/v2\/posts"}],"about":[{"href":"https:\/\/sinpes.org.br\/site\/wp-json\/wp\/v2\/types\/post"}],"author":[{"embeddable":true,"href":"https:\/\/sinpes.org.br\/site\/wp-json\/wp\/v2\/users\/3"}],"replies":[{"embeddable":true,"href":"https:\/\/sinpes.org.br\/site\/wp-json\/wp\/v2\/comments?post=3857"}],"version-history":[{"count":2,"href":"https:\/\/sinpes.org.br\/site\/wp-json\/wp\/v2\/posts\/3857\/revisions"}],"predecessor-version":[{"id":3894,"href":"https:\/\/sinpes.org.br\/site\/wp-json\/wp\/v2\/posts\/3857\/revisions\/3894"}],"wp:attachment":[{"href":"https:\/\/sinpes.org.br\/site\/wp-json\/wp\/v2\/media?parent=3857"}],"wp:term":[{"taxonomy":"category","embeddable":true,"href":"https:\/\/sinpes.org.br\/site\/wp-json\/wp\/v2\/categories?post=3857"},{"taxonomy":"post_tag","embeddable":true,"href":"https:\/\/sinpes.org.br\/site\/wp-json\/wp\/v2\/tags?post=3857"}],"curies":[{"name":"wp","href":"https:\/\/api.w.org\/{rel}","templated":true}]}}