{"id":3835,"date":"2022-01-14T09:49:16","date_gmt":"2022-01-14T12:49:16","guid":{"rendered":"https:\/\/sinpes.org.br\/site\/?p=3835"},"modified":"2022-01-14T09:49:16","modified_gmt":"2022-01-14T12:49:16","slug":"sinpes-e-a-favor-do-passaporte-da-vacina-para-retorno-as-aulas-presenciais","status":"publish","type":"post","link":"https:\/\/sinpes.org.br\/site\/sinpes-e-a-favor-do-passaporte-da-vacina-para-retorno-as-aulas-presenciais\/","title":{"rendered":"Sinpes \u00e9 a favor do Passaporte da Vacina para retorno \u00e0s aulas presenciais"},"content":{"rendered":"<p>Diante do aumento no n\u00famero de infectados por Covid-19 no Paran\u00e1, que registrava 9.492 novos casos e sete novas mortes segundo a Secretaria Estadual de Sa\u00fade (Sesa) na \u00faltima ter\u00e7a-feira (11), e frente \u00e0 confirma\u00e7\u00e3o do primeiro caso da Variante \u00d4micron no estado nesta quarta-feira (12), o Sindicato dos Professores de Ensino Superior de Curitiba e Regi\u00e3o Metropolitana \u2013 SINPES vem a p\u00fablico destacar sua posi\u00e7\u00e3o a favor da exig\u00eancia de passaporte de vacina (documento f\u00edsico ou digital que comprova a imuniza\u00e7\u00e3o) para o retorno das aulas presenciais em institui\u00e7\u00f5es de ensino superior privado de Curitiba e Regi\u00e3o Metropolitana.<\/p>\n<p>Milhares de estudantes e cerca de cinco mil docentes voltam \u00e0s aulas no ensino superior privado de Curitiba e Regi\u00e3o Metropolitana no m\u00eas de fevereiro. Desde o in\u00edcio da vacina\u00e7\u00e3o contra o Coronav\u00edrus o Sinpes destacou sua posi\u00e7\u00e3o de que as aulas presenciais s\u00f3 deveriam voltar depois da imuniza\u00e7\u00e3o completa de professores\/as, demais trabalhadores\/as da educa\u00e7\u00e3o superior e estudantes. O sindicato lutou para que que estes trabalhadores\/as fossem inclu\u00eddos nos grupos priorit\u00e1rios de vacina\u00e7\u00e3o. Para isso oficiou prefeituras e secretaria estadual de sa\u00fade, al\u00e9m de promover manifesta\u00e7\u00f5es por meio da imprensa, de inser\u00e7\u00f5es em r\u00e1dio e de caminh\u00e3o de som que percorreu pontos de vacina da capital paranaense.<\/p>\n<p>Nesse contexto n\u00e3o faz o menor sentido permitir o ingresso no ambiente presencial das institui\u00e7\u00f5es de ensino superior de negacionistas que colocam em risco a sa\u00fade coletiva.<\/p>\n<p>A vacina\u00e7\u00e3o \u00e9 a melhor forma de evitar mortes e sequelas graves decorrentes da Covid-19. Portanto, na vis\u00e3o do Sinpes, \u00e9 preciso haver conscientiza\u00e7\u00e3o por parte de trabalhadores\/as e alunos\/as do ensino superior quanto a import\u00e2ncia da imuniza\u00e7\u00e3o. Tamb\u00e9m \u00e9 necess\u00e1rio que institui\u00e7\u00f5es de ensino superior, com o objetivo de conter a dissemina\u00e7\u00e3o da doen\u00e7a (que teve alta de 600% no n\u00famero de contaminados nas \u00faltimas duas semanas) adotem todas as medidas sanit\u00e1rias para proteger estudantes e trabalhadores\/as e exijam o passaporte da vacina para o retorno \u00e0s aulas presenciais.<\/p>\n<p>&nbsp;<\/p>\n<!-- AddThis Advanced Settings generic via filter on the_content --><!-- AddThis Share Buttons generic via filter on the_content -->","protected":false},"excerpt":{"rendered":"<p>Diante do aumento no n\u00famero de infectados por Covid-19 no Paran\u00e1, que registrava 9.492 novos casos e sete novas mortes segundo a Secretaria Estadual de Sa\u00fade (Sesa) na \u00faltima ter\u00e7a-feira (11), e frente \u00e0 confirma\u00e7\u00e3o do primeiro caso da Variante \u00d4micron no estado nesta quarta-feira (12), o Sindicato dos Professores de Ensino Superior de Curitiba [&hellip;]<!-- AddThis Advanced Settings generic via filter on wp_trim_excerpt --><!-- AddThis Share Buttons generic via filter on wp_trim_excerpt --><\/p>\n","protected":false},"author":3,"featured_media":0,"comment_status":"closed","ping_status":"open","sticky":false,"template":"","format":"standard","meta":{"footnotes":""},"categories":[7,478,18,13],"tags":[640,456,777,472,779,778,683,636,566],"class_list":["post-3835","post","type-post","status-publish","format-standard","hentry","category-arquivo-de-noticias","category-coronavirus-e-direitos-dos-professores","category-destaque","category-home","tag-aulas-presenciais","tag-coronavirus","tag-covid","tag-pandemia","tag-passaporte-da-vacina","tag-saude","tag-vacina","tag-vacinacao","tag-volta-as-aulas"],"_links":{"self":[{"href":"https:\/\/sinpes.org.br\/site\/wp-json\/wp\/v2\/posts\/3835","targetHints":{"allow":["GET"]}}],"collection":[{"href":"https:\/\/sinpes.org.br\/site\/wp-json\/wp\/v2\/posts"}],"about":[{"href":"https:\/\/sinpes.org.br\/site\/wp-json\/wp\/v2\/types\/post"}],"author":[{"embeddable":true,"href":"https:\/\/sinpes.org.br\/site\/wp-json\/wp\/v2\/users\/3"}],"replies":[{"embeddable":true,"href":"https:\/\/sinpes.org.br\/site\/wp-json\/wp\/v2\/comments?post=3835"}],"version-history":[{"count":1,"href":"https:\/\/sinpes.org.br\/site\/wp-json\/wp\/v2\/posts\/3835\/revisions"}],"predecessor-version":[{"id":3836,"href":"https:\/\/sinpes.org.br\/site\/wp-json\/wp\/v2\/posts\/3835\/revisions\/3836"}],"wp:attachment":[{"href":"https:\/\/sinpes.org.br\/site\/wp-json\/wp\/v2\/media?parent=3835"}],"wp:term":[{"taxonomy":"category","embeddable":true,"href":"https:\/\/sinpes.org.br\/site\/wp-json\/wp\/v2\/categories?post=3835"},{"taxonomy":"post_tag","embeddable":true,"href":"https:\/\/sinpes.org.br\/site\/wp-json\/wp\/v2\/tags?post=3835"}],"curies":[{"name":"wp","href":"https:\/\/api.w.org\/{rel}","templated":true}]}}