{"id":3807,"date":"2021-12-14T11:48:21","date_gmt":"2021-12-14T14:48:21","guid":{"rendered":"https:\/\/sinpes.org.br\/site\/?p=3807"},"modified":"2021-12-14T12:06:31","modified_gmt":"2021-12-14T15:06:31","slug":"sinpes-e-apc-fecham-acordo-no-processo-da-pos-graduacao-lato-senso","status":"publish","type":"post","link":"https:\/\/sinpes.org.br\/site\/sinpes-e-apc-fecham-acordo-no-processo-da-pos-graduacao-lato-senso\/","title":{"rendered":"Sinpes e APC Fecham Acordo no Processo da P\u00f3s-Gradua\u00e7\u00e3o Lato Senso"},"content":{"rendered":"<p style=\"text-align: justify;\">Ap\u00f3s in\u00fameros avan\u00e7os e retrocessos o Sinpes e a Associa\u00e7\u00e3o Paranaense de Cultura, premidos pelo calend\u00e1rio, finalmente conseguiram chegar a um denominador comum para por fim \u00e0 pend\u00eancia relativa aos reflexos das parcelas pagas pelos servi\u00e7os realizados nos cursos de Especializa\u00e7\u00e3o.<!--more--><\/p>\n<p style=\"text-align: justify;\">A PUC concordou em pagar valor correspondente a 57,8% dos c\u00e1lculos elaborados pelo Sinpes a todos os seus docentes, exceto Decanos, Pr\u00f3-Reitores, Vice-Reitor e Reitor que porventura tenham apresentado desist\u00eancias ou ren\u00fancias nos autos.<\/p>\n<p style=\"text-align: justify;\">Esses valores ser\u00e3o pagos em tr\u00eas presta\u00e7\u00f5es correspondentes a 35% (cada uma das duas primeiras) e a 30% (a \u00faltima) do valor total ajustado, exig\u00edveis em 20.01.2022, 20.06.2022 e 20.01.2023, conforme planilha abaixo em que se identificam o valor total devido, o valor negociado e o valor das presta\u00e7\u00f5es devidas a todos os professores beneficiados.<\/p>\n<p style=\"text-align: justify;\">O Sinpes entende que se trata de um excelente acordo levando-se em conta que:<br \/>\n&#8211; Ainda pende um recurso contra as decis\u00f5es que deferiram parcialmente os reflexos pretendidos que, se provido, absolveria a PUC do pagamento dos valores acordados;<br \/>\n&#8211; A transa\u00e7\u00e3o resolve o problema das ren\u00fancias e desist\u00eancias encaminhadas ao sindicato e protocoladas nesses e nos demais processos ajuizados pelo Sinpes, evitando uma longa e rumorosa batalha judicial cujos desdobramentos seriam imprevis\u00edveis, no m\u00ednimo postergando em muito o pagamento dos valores devidos, o que prejudicaria a todos, inclusive aqueles que n\u00e3o renunciaram;<br \/>\n&#8211; A PUC n\u00e3o questionou os crit\u00e9rios de c\u00e1lculo adotados pelo Sinpes com a observ\u00e2ncia dos crit\u00e9rios mais favor\u00e1veis aos professores, o que certamente ocorreria em caso de n\u00e3o celebra\u00e7\u00e3o de acordo, retardando a solu\u00e7\u00e3o da pend\u00eancia;<br \/>\n&#8211; Garante-se o direito de quem n\u00e3o quiser aderir ao que foi ajustado, preferindo postular o direito atrav\u00e9s de a\u00e7\u00e3o individual.<\/p>\n<p style=\"text-align: justify;\">Maiores esclarecimentos sobre as vantagens e desvantagens da celebra\u00e7\u00e3o do acordo nos termos ajustados entre as partes litigantes na assembleia geral virtual para a qual s\u00e3o convocados todos os interessados no pr\u00f3ximo dia 15.12.2022 \u00e0s 14h30min. O link ficar\u00e1 \u00e0 disposi\u00e7\u00e3o dos interessados no site e no Facebook do Sinpes a partir de 10h00min do dia 15.<\/p>\n<p style=\"text-align: justify;\">Entrar na reuni\u00e3o Zoom:<br \/>\nhttps:\/\/us06web.zoom.us\/j\/83653702416?pwd=L3Z2d0ozeHlycTMyUkhFcUhUb2lnUT09<br \/>\nID da reuni\u00e3o: 836 5370 2416<br \/>\nSenha de acesso: 621895<\/p>\n<p style=\"text-align: justify;\">Confira abaixo a extens\u00e3o do direito obtido para cada um dos beneficiados e o teor integral do acordo ajustado.<br \/>\nA Assembleia \u00e9 soberana e foi convocada para ratificar ou n\u00e3o os termos do ajuste obtido a duras penas entre as partes!<\/p>\n<p style=\"text-align: justify;\">Todos \u00e0 assembleia!<\/p>\n<p>&nbsp;<\/p>\n<hr>\n<p>&nbsp;<\/p>\n<p style=\"text-align: justify;\"><strong>COLENDO TRIBUNAL SUPERIOR DO TRABALHO<\/strong><\/p>\n<p style=\"text-align: justify;\"><strong>Excelent\u00edssimo Senhor Doutor Ministro Relator Hugo Carlos Scheuermann<\/strong><\/p>\n<p style=\"text-align: justify;\"><strong>Autos 0002098-40.2017.5.09.0016<\/strong><\/p>\n<p style=\"text-align: justify;\"><strong>Autor:<\/strong> <strong>Sindicato dos Professores do Ensino Superior de Curitiba e da Regi\u00e3o Metropolitana<\/strong><\/p>\n<p style=\"text-align: justify;\"><strong>R\u00e9u: Associa\u00e7\u00e3o Paranaense de Cultura &#8211; APC<\/strong><\/p>\n<p style=\"text-align: justify;\"><strong>&nbsp;<\/strong><\/p>\n<p style=\"text-align: justify;\"><strong>&nbsp;<\/strong><\/p>\n<p style=\"text-align: justify;\"><strong>&nbsp;<\/strong><\/p>\n<p style=\"text-align: justify;\"><strong>ASSOCIA\u00c7\u00c3O PARANAENSE DE CULTURA APC e SINDICATO DOS PROFESSORES DO ENSINO SUPERIOR DE CURITIBA<\/strong> <strong>E DA REGI\u00c3O METROPOLITANA,<\/strong> j\u00e1 qualificados nos autos de reclamat\u00f3ria trabalhista em ep\u00edgrafe, por seus procuradores infra-assinados, v\u00eam perante Vossa Excel\u00eancia<strong>, noticiar a celebra\u00e7\u00e3o de ACORDO JUDICIAL.<\/strong><\/p>\n<p style=\"text-align: justify;\">Desde j\u00e1 as partes requerem a remessa dos referidos autos para a vara de origem a fim de possibilitar a homologa\u00e7\u00e3o desta concilia\u00e7\u00e3o nos seguintes termos.<\/p>\n<p style=\"text-align: justify;\"><strong>&nbsp;<\/strong><\/p>\n<ol style=\"text-align: justify;\">\n<li>A fim de efetuar a quita\u00e7\u00e3o integral do presente processo, a reclamada<strong> pagar\u00e1 a <u>import\u00e2ncia l\u00edquida (livre de imposto de renda e de contribui\u00e7\u00e3o previdenci\u00e1ria)<\/u> de R$ 20.175.000,00 (vinte milh\u00f5es, cento e setenta e cinco mil reais) <\/strong><strong>em 03 (tr\u00eas) parcelas fixas da seguinte forma:<\/strong><\/li>\n<\/ol>\n<p style=\"text-align: justify;\"><strong>&nbsp;<\/strong><\/p>\n<ol style=\"text-align: justify;\" start=\"7\">\n<li><strong>1\u00aa parcela, <\/strong><u>a ser paga no dia 20\/01\/2022<\/u><strong>, <\/strong>no valor de R$ 7.060.000,00 (sete milh\u00f5es e sessenta mil reais), sem juros nem corre\u00e7\u00e3o monet\u00e1ria, sendo R$ 6.300.000,00 (seis milh\u00f5es e trezentos mil reais) a serem distribu\u00eddos proporcionalmente aos professores substitu\u00eddos de acordo com o Anexo I, livres de contribui\u00e7\u00f5es fiscais e previdenci\u00e1rias e R$ 760.000,00 (setecentos e sessenta mil reais) a t\u00edtulo de honor\u00e1rios advocat\u00edcios);<\/li>\n<\/ol>\n<ol style=\"text-align: justify;\" start=\"7\">\n<li><strong>2\u00aa parcela, <\/strong><u>a ser paga no dia 20\/06\/2022<\/u>, no valor de R$ 7.060.000,00 (sete milh\u00f5es e sessenta mil reais), tamb\u00e9m sem juros nem corre\u00e7\u00e3o monet\u00e1ria, sendo R$ 6.300.000,00 (seis milh\u00f5es e trezentos mil reais) livres de contribui\u00e7\u00f5es fiscais e previdenci\u00e1rias a serem distribu\u00eddos proporcionalmente aos professores substitu\u00eddos de acordo com o Anexo I e R$ 760.000,00 (setecentos e sessenta mil reais) a t\u00edtulo de honor\u00e1rios advocat\u00edcios;<\/li>\n<\/ol>\n<ol style=\"text-align: justify;\" start=\"6\">\n<li><strong>3\u00aa parcela,<\/strong> <u>a ser paga no dia 20\/01\/2023<\/u>, no valor de R$ 6.055.000,00 (seis milh\u00f5es e cinquenta e cinco mil reais), sem juros nem corre\u00e7\u00e3o monet\u00e1ria, sendo R$ 5.400.000,00 (cinco milh\u00f5es e quatrocentos mil reais) livres de contribui\u00e7\u00f5es fiscais e previdenci\u00e1rias, a serem distribu\u00eddos proporcionalmente aos professores substitu\u00eddos de acordo com o Anexo I e R$ 655.000,00 (seiscentos e cinquenta e cinco mil reais) a t\u00edtulo de honor\u00e1rios advocat\u00edcios.<\/li>\n<\/ol>\n<p style=\"text-align: justify;\"><strong>1.1<\/strong>. Os pagamentos ser\u00e3o realizados mediante dep\u00f3sito em conta corrente de titularidade do escrit\u00f3rio que patrocina a parte autora:<\/p>\n<ul style=\"text-align: justify;\">\n<li>Titular: Escrit\u00f3rio de Advocacia Fonseca e Agostini Advogados Associados;<\/li>\n<li>CNPJ: 03154586\/0001-37<\/li>\n<li>Conta corrente: n\u00ba 529-0<\/li>\n<li>Opera\u00e7\u00e3o 03 (pessoa jur\u00eddica)<\/li>\n<li>Ag\u00eancia: 0891<\/li>\n<li>Caixa Econ\u00f4mica Federal<\/li>\n<li>E-mail: denise@fonsecaeagostini.com.br<\/li>\n<li>Telefone: 41 3232-3295<\/li>\n<\/ul>\n<p style=\"text-align: justify;\"><strong>&nbsp;<\/strong><\/p>\n<ol style=\"text-align: justify;\" start=\"2\">\n<li>A distribui\u00e7\u00e3o e repasse dos valores aos substitu\u00eddos de acordo com o estabelecido pelo Anexo I e nos termos da cl\u00e1usula primeira ficar\u00e1 sob a responsabilidade exclusiva do Sindicato autor.<\/li>\n<\/ol>\n<p style=\"text-align: justify;\"><strong>&nbsp;&nbsp;&nbsp;&nbsp;&nbsp;&nbsp;&nbsp;&nbsp;&nbsp;&nbsp;&nbsp;&nbsp;&nbsp;&nbsp;&nbsp; <\/strong><\/p>\n<ol style=\"text-align: justify;\" start=\"3\">\n<li>Com o pagamento integral do valor supramencionado, a parte autora assim como os substitu\u00eddos constantes do Anexo I, individualmente, atrav\u00e9s de manifesta\u00e7\u00e3o em assembleia geral, d\u00e3o plena, irrestrita, geral e irrevog\u00e1vel quita\u00e7\u00e3o ao objeto da a\u00e7\u00e3o e dos valores recebidos da reclamada, sobretudo para que nada mais seja reclamado, a qualquer tempo e em qualquer inst\u00e2ncia ou Tribunal, a t\u00edtulo dos direitos postulados na presente a\u00e7\u00e3o nos Cursos de P\u00f3s-Gradua\u00e7\u00e3o <em>Lato Sensu<\/em> (Especializa\u00e7\u00e3o), assim entendidos quaisquer reflexos decorrentes da integra\u00e7\u00e3o nos sal\u00e1rios de parcelas recebidas em contrapresta\u00e7\u00e3o a atividades realizadas no \u00e2mbito da P\u00f3s-Gradua\u00e7\u00e3o <em>Lato Sensu<\/em> (Especializa\u00e7\u00e3o) sejam atividades ministradas na pr\u00f3pria institui\u00e7\u00e3o, sejam cursos ministrados <em>in company,<\/em> incluindo atividades nas Especializa\u00e7\u00f5es <em>Stricto Sensu<\/em> nas modalidades DINTER e MINTER, da reclamada e parceiros institucionais bem como eventual repara\u00e7\u00e3o de danos morais e\/ou materiais em raz\u00e3o de alegado inadimplemento dos direitos postulados na presente a\u00e7\u00e3o seja em a\u00e7\u00e3o individual, a\u00e7\u00e3o coletiva e\/ou a\u00e7\u00e3o civil p\u00fablica.<\/li>\n<\/ol>\n<p style=\"text-align: justify;\"><strong>3.1. <\/strong>Os substitu\u00eddos que n\u00e3o pretenderem aderir ao presente acordo, tencionando prosseguir com suas a\u00e7\u00f5es individuais ou na presente a\u00e7\u00e3o, abrindo m\u00e3o do presente ajuste, ter\u00e3o prazo at\u00e9 12.01.2022 para se manifestarem junto ao SINPES mediante telegrama com c\u00f3pia confirmat\u00f3ria de inteiro teor e aviso de recebimento, nesse sentido, comprometendo-se o SINPES a divulgar essa possibilidade no seu s\u00edtio oficial e no <em>facebook<\/em> a partir da data da aprova\u00e7\u00e3o do acordo em assembleia.<\/p>\n<p style=\"text-align: justify;\"><strong>3.2.<\/strong> Os valores referentes aos substitu\u00eddos que porventura n\u00e3o aderirem ao presente acordo ser\u00e3o abatidos do montante total devido pela reclamada, ajustado de acordo com a cl\u00e1usula primeira, em R$ 18.000.000,00 (dezoito milh\u00f5es de reais) e proporcionalmente em cada uma das presta\u00e7\u00f5es ali referidas, ficando certo que n\u00e3o haver\u00e1 qualquer abatimento no que se refere aos honor\u00e1rios ajustados.<\/p>\n<p style=\"text-align: justify;\"><strong>3.3.<\/strong> Compromete-se o Sindicato autor a informar nos autos aqueles professores a que se refere o item <strong>3.1<\/strong> at\u00e9 15\/01\/2022, para que a empregadora providencie os pagamentos devidos com o abatimento ali ajustado. O sil\u00eancio da parte autora at\u00e9 a data aprazada quer significar que nenhum substitu\u00eddo exerceu seu direito de manifestar-se no sentido de sua exclus\u00e3o do presente ajuste.<\/p>\n<p style=\"text-align: justify;\"><strong>&nbsp;<\/strong><\/p>\n<ol style=\"text-align: justify;\" start=\"4\">\n<li>Por for\u00e7a do presente acordo e se considerando que ainda n\u00e3o houve tr\u00e2nsito em julgado<a href=\"#_ftn1\" name=\"_ftnref1\">[1]<\/a>, pactua-se que a integralidade do valor a ser pago corresponde a parcela de natureza indenizat\u00f3ria (Danos Morais), n\u00e3o integrando sobre tal valor, portanto, quaisquer valores relacionados \u00e0s contribui\u00e7\u00f5es fiscais e previdenci\u00e1rias.<\/li>\n<\/ol>\n<p style=\"text-align: justify;\"><strong>4.1.<\/strong> Subsidiariamente, caso n\u00e3o seja aceita a discrimina\u00e7\u00e3o dos valores conforme acima especificado, o que n\u00e3o se espera em absoluto, requer-se desde j\u00e1 seja a reclamada intimada para apresentar nova discrimina\u00e7\u00e3o de verbas.<\/p>\n<p style=\"text-align: justify;\"><strong>&nbsp;<\/strong><\/p>\n<p style=\"text-align: justify;\"><strong>4.2.<\/strong> Ainda a t\u00edtulo argumentativo, por tratar-se a reclamada de entidade filantr\u00f3pica, cujos documentos comprobat\u00f3rios atualizados juntam-se com o presente termo de acordo, requer-se seja reconhecida sua <strong>isen\u00e7\u00e3o previdenci\u00e1ria<\/strong>, com a consequente exclus\u00e3o de eventuais recolhimentos previdenci\u00e1rios sobre os valores por ela pagos \u00e0 cota do empregado.<\/p>\n<p style=\"text-align: justify;\"><strong>&nbsp;<\/strong><\/p>\n<p style=\"text-align: justify;\"><strong>4.3.<\/strong> Declaram as partes que a discrimina\u00e7\u00e3o de valores acima apresentada se destina exclusivamente \u00e0 finalidade legal de discrimina\u00e7\u00e3o de parcelas que comp\u00f5e o acordo (indenizat\u00f3rias), ou seja, sem que com isso se reconhe\u00e7a o m\u00e9rito da pretens\u00e3o e, por consequ\u00eancia, a viola\u00e7\u00e3o pela reclamada de quaisquer direitos postulados.<\/p>\n<p style=\"text-align: justify;\"><strong>&nbsp;<\/strong><\/p>\n<ol style=\"text-align: justify;\" start=\"5\">\n<li>Em caso de inadimplemento de obriga\u00e7\u00e3o de pagar, incidir\u00e1 cl\u00e1usula penal de 30% (trinta por cento) sobre o valor da parcela n\u00e3o paga pela r\u00e9. As partes ajustam toler\u00e2ncia de 5 (cinco) dias \u00fateis, somente caracterizando-se inadimplemento em caso de atraso igual ou superior a 6 (seis) dias \u00fateis, portanto, contados das datas de vencimento de cada parcela.<strong><br \/>\n<\/strong><\/li>\n<\/ol>\n<p style=\"text-align: justify;\"><strong>&nbsp;<\/strong><\/p>\n<ol style=\"text-align: justify;\" start=\"6\">\n<li>No sil\u00eancio da parte autora, pelo prazo de 15 (quinze) dias \u00fateis a contar da data aprazada para o pagamento da \u00faltima parcela, presumir-se-\u00e1 que o acordo foi integralmente adimplido.<\/li>\n<\/ol>\n<p style=\"text-align: justify;\"><strong>6.1<\/strong>. Esclarecem-se as partes que a obriga\u00e7\u00e3o de pagamento da Reclamada contemplada na cl\u00e1usula primeira encerra-se imediatamente ap\u00f3s o dep\u00f3sito em conta corrente de titularidade do escrit\u00f3rio que patrocina a parte autora. Ou seja, n\u00e3o h\u00e1 o que se falar em descumprimento do acordo ou incid\u00eancia de cl\u00e1usula penal pela r\u00e9 em rela\u00e7\u00e3o aos repasses a serem feitos pelo autor aos respectivos trabalhadores substitu\u00eddos.<\/p>\n<p style=\"text-align: justify;\"><strong>6.2.<\/strong> A quita\u00e7\u00e3o geral outorgada se estende inclusive em rela\u00e7\u00e3o a processos individuais relativamente ao objeto constante do acordo firmado e, ainda, em eventuais outras a\u00e7\u00f5es coletivas propostas pelo Sindicato autor e\/ou pelo Minist\u00e9rio P\u00fablico do Trabalho em face dos direitos postulados na presente a\u00e7\u00e3o nos Cursos de P\u00f3s-Gradua\u00e7\u00e3o <em>Lato Sensu<\/em> (Especializa\u00e7\u00e3o), assim entendidos quaisquer reflexos decorrentes da integra\u00e7\u00e3o nos sal\u00e1rios de parcelas recebidas em contrapresta\u00e7\u00e3o a atividades realizadas no \u00e2mbito da P\u00f3s-Gradua\u00e7\u00e3o <em>Lato Sensu<\/em> (Especializa\u00e7\u00e3o) sejam atividades ministradas na pr\u00f3pria institui\u00e7\u00e3o, sejam cursos ministrados <em>in company,<\/em> incluindo atividades nas Especializa\u00e7\u00f5es <em>Stricto-Sensu<\/em> nas modalidades DINTER e MINTER, da reclamada e parceiros institucionais bem como eventual repara\u00e7\u00e3o de danos morais e\/ou materiais em raz\u00e3o de alegado inadimplemento dos direitos postulados na presente a\u00e7\u00e3o seja em a\u00e7\u00e3o individual, a\u00e7\u00e3o coletiva e\/ou a\u00e7\u00e3o civil p\u00fablica.<\/p>\n<p style=\"text-align: justify;\"><strong>6.3.<\/strong> Os termos do presente ajuste foram aprovados em assembleia geral da categoria conforme termo de convoca\u00e7\u00e3o e ata de assembleia anexos.<\/p>\n<ol style=\"text-align: justify;\" start=\"7\">\n<li>Em face do ajustado, e ap\u00f3s regular homologa\u00e7\u00e3o da aven\u00e7a, as partes expressamente desistem das pretens\u00f5es formuladas nos seus recursos ainda em tr\u00e2mite.<\/li>\n<\/ol>\n<ol style=\"text-align: justify;\" start=\"8\">\n<li>As partes reputam sem qualquer efeito as manifesta\u00e7\u00f5es recebidas pelo SINPES e protocoladas nesses e em outros autos patrocinados pelo SINPES na qualidade de substituto processual, externando inten\u00e7\u00e3o dos substitu\u00eddos no sentido de renunciar a direitos ou desistir de a\u00e7\u00f5es patrocinadas pelo SINPES at\u00e9 a presente data, com exce\u00e7\u00e3o daquelas subscritas por professores exercentes, na data da elabora\u00e7\u00e3o da ren\u00fancia, dos seguintes cargos:<\/li>\n<\/ol>\n<p style=\"text-align: justify;\">I \u2013 Decanos das Escolas de Belas Artes, Direito, Educa\u00e7\u00e3o e Humanidades, Ci\u00eancias da Vida e Medicina, Neg\u00f3cios, Polit\u00e9cnica e Educa\u00e7\u00e3o Personalizada;<\/p>\n<p style=\"text-align: justify;\">II \u2013 Pr\u00f3-Reitores de Planejamento e Estrat\u00e9gia, Pesquisa, P\u00f3s-Gradua\u00e7\u00e3o e Inova\u00e7\u00e3o, Desenvolvimento Educacional, Opera\u00e7\u00f5es Acad\u00eamicas, Miss\u00e3o, Identidade e Extens\u00e3o, Marketing e Opera\u00e7\u00f5es de Neg\u00f3cios;<\/p>\n<p style=\"text-align: justify;\">III \u2013 Vice-Reitor;<\/p>\n<p style=\"text-align: justify;\">IV \u2013 Reitor.<\/p>\n<p style=\"text-align: justify;\"><strong>8.1.<\/strong> As partes ressalvam a prerrogativa de discutir judicialmente a validade de eventuais ren\u00fancias protocoladas ap\u00f3s a presente data no que se refere aos demais processos patrocinados pelo SINPES na qualidade de substituto processual, ficando ajustado que por for\u00e7a do presente ajuste em rela\u00e7\u00e3o aos presentes autos n\u00e3o ser\u00e3o consideradas quaisquer ren\u00fancias que n\u00e3o sejam as aduzidas no <em>caput <\/em>da presente cl\u00e1usula.<\/p>\n<p style=\"text-align: justify;\"><strong>8.2.<\/strong> O SINPES compromete-se a desistir de den\u00fancia formulada no Minist\u00e9rio P\u00fablico do Trabalho a respeito das ren\u00fancias e desist\u00eancias aduzidas no <em>caput <\/em>da presente cl\u00e1usula, servindo o presente acordo devidamente homologado como instrumento suficiente para evidenciar essa desist\u00eancia, a ser juntado no MPT por qualquer das partes. Declara ainda que reputa como equivocado os fatos narrados na den\u00fancia os quais imputou crime a Reclamada e aos seus Empregados.<\/p>\n<p style=\"text-align: justify;\"><strong>8.3<\/strong><strong>.<\/strong> &nbsp;Em face do ajustado no <em>caput <\/em>da presente cl\u00e1usula o Sinpes se compromete a n\u00e3o propor representa\u00e7\u00e3o disciplinar contra qualquer empregado do quadro jur\u00eddico da Reclamada e em especial ao advogado interno daquela, Dr. Lucas Am\u00e9rico Jurado, em face de supostas irregularidades por ele praticadas que tenham chegado ao conhecimento do Sindicato at\u00e9 a presente data.<\/p>\n<p style=\"text-align: justify;\"><strong>&nbsp;<\/strong><\/p>\n<ol style=\"text-align: justify;\" start=\"9\">\n<li>Requerem as partes a dispensa do pagamento das custas processuais em prol do acordo ou, subsidiariamente, com fulcro no art. 789, \u00a7 6\u00ba, da CLT, que as custas processuais sejam suportadas em partes iguais, <em>pro rata<\/em>, pelos litigantes, propugnando, desde j\u00e1, pela dispensa das mesmas em prol da parte autora.<\/li>\n<\/ol>\n<p style=\"text-align: justify;\"><strong>9.1.<\/strong> Ainda, caso n\u00e3o dispensadas as custas, requer-se seja observado o disposto no art. 789, CLT c\/c no art. 4\u00ba da IN 41\/18 do TST pelo qual, \u201co art. 789, <em>caput,<\/em> da CLT aplica-se nas decis\u00f5es que fixem custas proferidas a partir da entrada em vigor da Lei n\u00ba 13.467\/2017\u201d. <strong>Desta forma o valor das custas deve ser limitado ao teto m\u00e1ximo de 4 vezes o limite m\u00e1ximo dos benef\u00edcios do Regime Geral de Previd\u00eancia Social.<\/strong><\/p>\n<p style=\"text-align: justify;\"><strong>9.2.<\/strong> Em havendo arbitramento de custas para a reclamada, sem preju\u00edzo do requerimento de limita\u00e7\u00e3o da cl\u00e1usula \u201c8.1\u201d, <strong>requerem sejam deduzidos os valores j\u00e1 recolhidos no processo quando da interposi\u00e7\u00e3o de recursos.<\/strong><\/p>\n<p style=\"text-align: justify;\"><strong>&nbsp;<\/strong><\/p>\n<p style=\"text-align: justify;\">9.3. Pago os valores acordados, os dep\u00f3sitos recursais feitos pela reclamada nos presentes autos ser\u00e3o liberados em favor da empregadora.<\/p>\n<ol style=\"text-align: justify;\" start=\"10\">\n<li>Os procuradores abaixo assinados declaram sob as penas da lei, que possuem poderes espec\u00edficos para acordarem pelas partes.<\/li>\n<\/ol>\n<p style=\"text-align: justify;\"><strong>&nbsp;<\/strong><\/p>\n<ol style=\"text-align: justify;\" start=\"11\">\n<li>Cada parte \u00e9 respons\u00e1vel pelo pagamento dos honor\u00e1rios advocat\u00edcios contratados de seus advogados constitu\u00eddos.<\/li>\n<\/ol>\n<p style=\"text-align: justify;\"><strong>&nbsp;<\/strong><\/p>\n<ol style=\"text-align: justify;\" start=\"12\">\n<li>Em face do exposto, requerem as partes digne-se Vossa Excel\u00eancia homologar o presente acordo, para que surta os seus efeitos jur\u00eddicos e legais, nos precisos termos do artigo 831, par\u00e1grafo \u00fanico da Consolida\u00e7\u00e3o das Leis do Trabalho, extinguindo-se o presente feito com julgamento de m\u00e9rito, abrangendo a presente quita\u00e7\u00e3o eventuais valores reconhecidos ou que venham a ser reconhecidos em a\u00e7\u00f5es judiciais j\u00e1 propostas ou ainda que venham a ser propostas por substituto processual, seja Minist\u00e9rio P\u00fablico do Trabalho ou Entidade Sindical, bem como a qualquer outra rela\u00e7\u00e3o jur\u00eddica havida entre as partes para nada e nunca mais ser reclamado, judicial ou extrajudicialmente, especialmente quanto a todo e qualquer outro direito relativo \u00e0 P\u00f3s Gradua\u00e7\u00e3o da reclamada. Por via de consequ\u00eancia, pedem o arquivamento dos autos.<\/li>\n<\/ol>\n<p style=\"text-align: justify;\"><strong>&nbsp;<\/strong><\/p>\n<ol style=\"text-align: justify;\" start=\"13\">\n<li>Caso n\u00e3o homologado o presente acordo nos exatos termos ora pactuados, requerem as partes a manuten\u00e7\u00e3o da tramita\u00e7\u00e3o processual da demanda em ep\u00edgrafe nos seus exatos termos, at\u00e9 que sejam esgotados todos os recursos cab\u00edveis seguindo seus tr\u00e2mites legais regulares e sem qualquer preju\u00edzo \u00e0s partes envolvidas.<\/li>\n<\/ol>\n<p style=\"text-align: justify;\">E assim, por estarem justos e acordados, requerem as partes <strong><u>a homologa\u00e7\u00e3o do presente acordo,<\/u><\/strong> em seus estritos termos, para que surta os efeitos legais e jur\u00eddicos, extinguindo-se os processos com resolu\u00e7\u00e3o de m\u00e9rito, nos termos do que disp\u00f5e o art. 487, \u201cb\u201d, do CPC e art. 831, par\u00e1grafo \u00fanico da CLT.<\/p>\n<p style=\"text-align: justify;\">Nestes Termos,<\/p>\n<p style=\"text-align: justify;\">Pede Deferimento<\/p>\n<p style=\"text-align: justify;\">Curitiba, 18 de outubro de 2021.<\/p>\n<p style=\"text-align: justify;\"><strong>Denise Agostini&nbsp;&nbsp;&nbsp;&nbsp;&nbsp;&nbsp;&nbsp;&nbsp;&nbsp;&nbsp;&nbsp;&nbsp;&nbsp;&nbsp;&nbsp;&nbsp;&nbsp;&nbsp;&nbsp;&nbsp;&nbsp;&nbsp;&nbsp;&nbsp;&nbsp;&nbsp;&nbsp;&nbsp;&nbsp;&nbsp;&nbsp;&nbsp;&nbsp;&nbsp;&nbsp;&nbsp; &nbsp;&nbsp;&nbsp;&nbsp;&nbsp;&nbsp;&nbsp;&nbsp; &nbsp;&nbsp;&nbsp;&nbsp;&nbsp;&nbsp;&nbsp;&nbsp;&nbsp;&nbsp;&nbsp;&nbsp;&nbsp;&nbsp;&nbsp; S\u00e9rgio Luiz da Rocha Pombo<\/strong><\/p>\n<p style=\"text-align: justify;\">OAB\/PR 17.344&nbsp;&nbsp;&nbsp;&nbsp;&nbsp;&nbsp;&nbsp;&nbsp;&nbsp;&nbsp;&nbsp;&nbsp;&nbsp;&nbsp;&nbsp;&nbsp;&nbsp;&nbsp;&nbsp;&nbsp;&nbsp;&nbsp;&nbsp;&nbsp;&nbsp;&nbsp;&nbsp;&nbsp;&nbsp;&nbsp;&nbsp;&nbsp;&nbsp;&nbsp;&nbsp;&nbsp;&nbsp;&nbsp;&nbsp;&nbsp;&nbsp;&nbsp;&nbsp;&nbsp;&nbsp;&nbsp;&nbsp;&nbsp;&nbsp;&nbsp;&nbsp; &nbsp;&nbsp;&nbsp;&nbsp;&nbsp;&nbsp;&nbsp;&nbsp;&nbsp;&nbsp;&nbsp; &nbsp;&nbsp;&nbsp;&nbsp;&nbsp;&nbsp;&nbsp;&nbsp;&nbsp;&nbsp;&nbsp;&nbsp;&nbsp;&nbsp;&nbsp; OAB\/PR 18.933<\/p>\n<p style=\"text-align: justify;\"><strong>Valdyr Perrini&nbsp;&nbsp;&nbsp;&nbsp;&nbsp;&nbsp;&nbsp;&nbsp;&nbsp;&nbsp;&nbsp;&nbsp;&nbsp;&nbsp;&nbsp;&nbsp;&nbsp;&nbsp;&nbsp;&nbsp;&nbsp;&nbsp;&nbsp;&nbsp;&nbsp;&nbsp;&nbsp;&nbsp;&nbsp;&nbsp;&nbsp;&nbsp;&nbsp;&nbsp;&nbsp;&nbsp;&nbsp;&nbsp;&nbsp;&nbsp;&nbsp;&nbsp;&nbsp;&nbsp;&nbsp;&nbsp;&nbsp;&nbsp;&nbsp;&nbsp;&nbsp;&nbsp;&nbsp;&nbsp;&nbsp;&nbsp;&nbsp;&nbsp;&nbsp;&nbsp;&nbsp;&nbsp;&nbsp;&nbsp;&nbsp; &nbsp;&nbsp;&nbsp;&nbsp;&nbsp;&nbsp;&nbsp;&nbsp;&nbsp;&nbsp;&nbsp;&nbsp;&nbsp;&nbsp;&nbsp; Lucas Am\u00e9rico Jurado<\/strong><\/p>\n<p style=\"text-align: justify;\">Presidente do SINPES&nbsp;&nbsp;&nbsp;&nbsp;&nbsp;&nbsp;&nbsp;&nbsp;&nbsp;&nbsp;&nbsp;&nbsp;&nbsp;&nbsp;&nbsp;&nbsp;&nbsp;&nbsp; &nbsp;&nbsp;&nbsp;&nbsp;&nbsp;&nbsp;&nbsp;&nbsp; &nbsp;&nbsp;&nbsp;&nbsp;&nbsp;&nbsp;&nbsp;&nbsp;&nbsp;&nbsp;&nbsp;&nbsp;&nbsp;&nbsp;&nbsp;&nbsp;&nbsp;&nbsp;&nbsp;&nbsp;&nbsp;&nbsp;&nbsp;&nbsp;&nbsp;&nbsp;&nbsp;&nbsp;&nbsp;&nbsp;&nbsp;&nbsp;&nbsp;&nbsp;&nbsp;&nbsp;&nbsp; Associa\u00e7\u00e3o Paranaense de Cultura<\/p>\n<p>&nbsp;<\/p>\n<p>&nbsp;<\/p>\n<p style=\"text-align: justify;\"><a href=\"#_ftnref1\" name=\"_ftn1\">[1]<\/a> <strong>TRT. 9\u00aa Regi\u00e3o: S\u00daMULA 13<\/strong>. CONTRIBUI\u00c7\u00d5ES PREVIDENCI\u00c1RIAS.&nbsp; ACORDO ANTES DO TR\u00c2NSITO EM JULGADO. LIMITA\u00c7\u00c3O AO PEDIDO INICIAL. Na fase de conhecimento, o acordo judicial homologado pode abranger todos os direitos decorrentes da rela\u00e7\u00e3o jur\u00eddica de direito material, inclusive pedidos n\u00e3o formulados na peti\u00e7\u00e3o inicial (CPC, art. 475 &#8211; N, III).<\/p>\n<p style=\"text-align: justify;\">[1] <strong>AGU: <\/strong><strong>S\u00daMULA No- 67, DE 3 DE DEZEMBRO DE 2012<\/strong><\/p>\n<p style=\"text-align: justify;\">O ADVOGADO-GERAL DA UNI\u00c3O, no uso das atribui\u00e7\u00f5es que lhe confere o art. 4\u00ba, inciso XII, e tendo em vista o disposto nos arts. 28, inciso II, e 43, caput e \u00a7 1\u00ba, da Lei Complementar n\u00ba 73, de 10 de fevereiro de 1993, no art. 38, \u00a7 1\u00ba, inciso II, da Medida Provis\u00f3ria n\u00ba 2.229-43, de 6 de setembro de 2001, no art. 17-A, inciso II, da Lei n\u00ba 9.650, de 27 de maio de 1998, e nos arts. 2\u00ba e 3\u00ba do Decreto n\u00ba 2.346, de 10 de outubro de 1997, bem como o contido no Ato Regimental\/AGU n\u00ba 1, de 02 de julho de 2008, e tendo em vista o contido no Processo Administrativo N\u00ba 00407.009641\/2009-21, <u>resolve<\/u>:<\/p>\n<p style=\"text-align: justify;\">&#8220;Na Reclama\u00e7\u00e3o Trabalhista, at\u00e9 o tr\u00e2nsito em julgado, as partes s\u00e3o livres para discriminar a natureza das verbas objeto do acordo judicial para efeito do c\u00e1lculo da contribui\u00e7\u00e3o previdenci\u00e1ria, mesmo que tais valores n\u00e3o correspondam aos pedidos ou \u00e0 propor\u00e7\u00e3o das verbas salariais constantes da peti\u00e7\u00e3o inicial.&#8221;<\/p>\n<p style=\"text-align: justify;\">(&#8230;) LU\u00cdS IN\u00c1CIO LUCENA ADAMS<\/p>\n<p style=\"text-align: justify;\">[1]&nbsp; SDI-I TST (<em>contrario sensu)<\/em>: OJ 376. CONTRIBUI\u00c7\u00c3O PREVIDENCI\u00c1RIA. ACORDO HOMOLOGADO EM JU\u00cdZO AP\u00d3S O TR\u00c2NSITO EM JULGADO DA SENTEN\u00c7A CONDENAT\u00d3RIA. INCID\u00caNCIA SOBRE O VALOR HOMOLOGADO.<\/p>\n<p style=\"text-align: justify;\">\u00c9 devida a contribui\u00e7\u00e3o previdenci\u00e1ria sobre o valor do acordo celebrado e homologado <u>ap\u00f3s o tr\u00e2nsito em julgado de decis\u00e3o judicial, respeitada a proporcionalidade de valores entre as parcelas de natureza salarial e indenizat\u00f3ria deferidas na decis\u00e3o condenat\u00f3ria<\/u> e as parcelas objeto do acordo.<\/p>\n<p><a class=\"fasc-button fasc-size-medium fasc-type-glossy fasc-rounded-medium fasc-ico-before dashicons-admin-links\" style=\"background-color: #db1c29; color: #ffffff;\" target=\"_blank\" rel=\"noopener\" href=\"https:\/\/sinpes.org.br\/site\/wp-content\/uploads\/2021\/12\/calculo-PUC-2098-22.10.2021.pdf\">C\u00e1lculo PUC 2098 &#8211; 22\/10\/2021<\/a><\/p>\n<!-- AddThis Advanced Settings generic via filter on the_content --><!-- AddThis Share Buttons generic via filter on the_content -->","protected":false},"excerpt":{"rendered":"<p>Ap\u00f3s in\u00fameros avan\u00e7os e retrocessos o Sinpes e a Associa\u00e7\u00e3o Paranaense de Cultura, premidos pelo calend\u00e1rio, finalmente conseguiram chegar a um denominador comum para por fim \u00e0 pend\u00eancia relativa aos reflexos das parcelas pagas pelos servi\u00e7os realizados nos cursos de Especializa\u00e7\u00e3o.<!-- AddThis Advanced Settings generic via filter on wp_trim_excerpt --><!-- AddThis Share Buttons generic via filter on wp_trim_excerpt --><\/p>\n","protected":false},"author":2,"featured_media":3818,"comment_status":"closed","ping_status":"open","sticky":false,"template":"","format":"standard","meta":{"footnotes":""},"categories":[18,13],"tags":[],"class_list":["post-3807","post","type-post","status-publish","format-standard","has-post-thumbnail","hentry","category-destaque","category-home"],"_links":{"self":[{"href":"https:\/\/sinpes.org.br\/site\/wp-json\/wp\/v2\/posts\/3807","targetHints":{"allow":["GET"]}}],"collection":[{"href":"https:\/\/sinpes.org.br\/site\/wp-json\/wp\/v2\/posts"}],"about":[{"href":"https:\/\/sinpes.org.br\/site\/wp-json\/wp\/v2\/types\/post"}],"author":[{"embeddable":true,"href":"https:\/\/sinpes.org.br\/site\/wp-json\/wp\/v2\/users\/2"}],"replies":[{"embeddable":true,"href":"https:\/\/sinpes.org.br\/site\/wp-json\/wp\/v2\/comments?post=3807"}],"version-history":[{"count":7,"href":"https:\/\/sinpes.org.br\/site\/wp-json\/wp\/v2\/posts\/3807\/revisions"}],"predecessor-version":[{"id":3815,"href":"https:\/\/sinpes.org.br\/site\/wp-json\/wp\/v2\/posts\/3807\/revisions\/3815"}],"wp:featuredmedia":[{"embeddable":true,"href":"https:\/\/sinpes.org.br\/site\/wp-json\/wp\/v2\/media\/3818"}],"wp:attachment":[{"href":"https:\/\/sinpes.org.br\/site\/wp-json\/wp\/v2\/media?parent=3807"}],"wp:term":[{"taxonomy":"category","embeddable":true,"href":"https:\/\/sinpes.org.br\/site\/wp-json\/wp\/v2\/categories?post=3807"},{"taxonomy":"post_tag","embeddable":true,"href":"https:\/\/sinpes.org.br\/site\/wp-json\/wp\/v2\/tags?post=3807"}],"curies":[{"name":"wp","href":"https:\/\/api.w.org\/{rel}","templated":true}]}}