{"id":3799,"date":"2021-12-03T10:01:26","date_gmt":"2021-12-03T13:01:26","guid":{"rendered":"https:\/\/sinpes.org.br\/site\/?p=3799"},"modified":"2021-12-03T10:01:26","modified_gmt":"2021-12-03T13:01:26","slug":"uninter-demissao-de-orientadores-pode-afetar-tese-de-doutorandos-as","status":"publish","type":"post","link":"https:\/\/sinpes.org.br\/site\/uninter-demissao-de-orientadores-pode-afetar-tese-de-doutorandos-as\/","title":{"rendered":"Uninter \u2013 Demiss\u00e3o de orientadores pode afetar tese de doutorandos\/as"},"content":{"rendered":"<p>O Sinpes recebeu den\u00fancia de que o Centro Universit\u00e1rio Internacional &#8211; Uninter teria demitido nove professores\/as de seu Programa de Doutorado. Uma checagem do sindicato, entretanto, confirmou terem sido despedidos quatro docentes.<\/p>\n<p>Estes trabalhadores\/as perdem o emprego com o semestre em andamento, em um per\u00edodo em que certamente n\u00e3o conseguir\u00e3o recolocar-se no mercado de trabalho. Segundo apurado pelo os demitidos eram orientadores\/as de doutorandos\/as e suas sa\u00eddas certamente comprometer\u00e3o teses em andamento e consequentemente a excel\u00eancia do ensino se p\u00f3s-gradua\u00e7\u00e3o em sentido estrito.<\/p>\n<p>Not\u00edcias como a presente e a realidade cotidiana dos docentes da Uninter t\u00eam demonstrado que n\u00e3o \u00e9 bem assim!<\/p>\n<p>H\u00e1 tempos o Sinpes den\u00fancia demiss\u00f5es constantes no Uninter. Em meados de 2020 o sindicato revelou que docentes em diversos cursos tiveram corte em suas jornadas fora das hip\u00f3teses autorizadas pela conven\u00e7\u00e3o coletiva vigente. Alguns docentes teriam perdido metade das horas de trabalho.<\/p>\n<p>A situa\u00e7\u00e3o inclusive foi levada ao conhecimento do Minist\u00e9rio P\u00fablico do Trabalho, que instaurou processo investigativo sob o n\u00famero 108870.2020, de responsabilidade da Procuradora do Trabalho Vanessa Kasecker Bozza.<\/p>\n<p><strong>O Sindicato entrou em contato com o Uninter pedindo uma nota de esclarecimento sobre a den\u00fancia trazida por este texto, mas n\u00e3o recebeu resposta. <\/strong><\/p>\n<!-- AddThis Advanced Settings generic via filter on the_content --><!-- AddThis Share Buttons generic via filter on the_content -->","protected":false},"excerpt":{"rendered":"<p>O Sinpes recebeu den\u00fancia de que o Centro Universit\u00e1rio Internacional &#8211; Uninter teria demitido nove professores\/as de seu Programa de Doutorado. Uma checagem do sindicato, entretanto, confirmou terem sido despedidos quatro docentes. Estes trabalhadores\/as perdem o emprego com o semestre em andamento, em um per\u00edodo em que certamente n\u00e3o conseguir\u00e3o recolocar-se no mercado de trabalho. [&hellip;]<!-- AddThis Advanced Settings generic via filter on wp_trim_excerpt --><!-- AddThis Share Buttons generic via filter on wp_trim_excerpt --><\/p>\n","protected":false},"author":3,"featured_media":0,"comment_status":"closed","ping_status":"open","sticky":false,"template":"","format":"standard","meta":{"footnotes":""},"categories":[7,478,18,13],"tags":[366,544,413,519,775,469],"class_list":["post-3799","post","type-post","status-publish","format-standard","hentry","category-arquivo-de-noticias","category-coronavirus-e-direitos-dos-professores","category-destaque","category-home","tag-demissoes","tag-demissoes-uninter","tag-denuncia","tag-mpt","tag-professores-da-uninter","tag-uninter"],"_links":{"self":[{"href":"https:\/\/sinpes.org.br\/site\/wp-json\/wp\/v2\/posts\/3799","targetHints":{"allow":["GET"]}}],"collection":[{"href":"https:\/\/sinpes.org.br\/site\/wp-json\/wp\/v2\/posts"}],"about":[{"href":"https:\/\/sinpes.org.br\/site\/wp-json\/wp\/v2\/types\/post"}],"author":[{"embeddable":true,"href":"https:\/\/sinpes.org.br\/site\/wp-json\/wp\/v2\/users\/3"}],"replies":[{"embeddable":true,"href":"https:\/\/sinpes.org.br\/site\/wp-json\/wp\/v2\/comments?post=3799"}],"version-history":[{"count":1,"href":"https:\/\/sinpes.org.br\/site\/wp-json\/wp\/v2\/posts\/3799\/revisions"}],"predecessor-version":[{"id":3800,"href":"https:\/\/sinpes.org.br\/site\/wp-json\/wp\/v2\/posts\/3799\/revisions\/3800"}],"wp:attachment":[{"href":"https:\/\/sinpes.org.br\/site\/wp-json\/wp\/v2\/media?parent=3799"}],"wp:term":[{"taxonomy":"category","embeddable":true,"href":"https:\/\/sinpes.org.br\/site\/wp-json\/wp\/v2\/categories?post=3799"},{"taxonomy":"post_tag","embeddable":true,"href":"https:\/\/sinpes.org.br\/site\/wp-json\/wp\/v2\/tags?post=3799"}],"curies":[{"name":"wp","href":"https:\/\/api.w.org\/{rel}","templated":true}]}}