{"id":3797,"date":"2021-11-29T09:44:36","date_gmt":"2021-11-29T12:44:36","guid":{"rendered":"https:\/\/sinpes.org.br\/site\/?p=3797"},"modified":"2021-11-29T09:44:36","modified_gmt":"2021-11-29T12:44:36","slug":"sinpes-marca-presenca-na-posse-de-clemerson-cleve-na-academia-paranaense-de-letras","status":"publish","type":"post","link":"https:\/\/sinpes.org.br\/site\/sinpes-marca-presenca-na-posse-de-clemerson-cleve-na-academia-paranaense-de-letras\/","title":{"rendered":"SINPES MARCA PRESEN\u00c7A NA POSSE DE CLEMERSON CL\u00c8VE NA ACADEMIA PARANAENSE DE LETRAS"},"content":{"rendered":"<p>O Sinpes aproveitou a cerim\u00f4nia de diploma\u00e7\u00e3o do Professor Clemerson Merlin Cl\u00e8ve como mais novo integrante da Academia Paranaense de Letras para publicizar graves problemas que se arrastam no ambiente daquela institui\u00e7\u00e3o de ensino superior, clamando por uma r\u00e1pida solu\u00e7\u00e3o.<\/p>\n<p>A diploma\u00e7\u00e3o ocorreu \u00e0s 19h00min do dia 22 de novembro de 2021 no Audit\u00f3rio da Ordem dos Advogados do Brasil, Se\u00e7\u00e3o Paran\u00e1, contando com o prestigio das mais diversas autoridades do mundo jur\u00eddico e acad\u00eamico, tais como os Presidentes da OABPR, do TRT, do TJ e do IAP, assim como o Reitor da Universidade Federal do Paran\u00e1.<\/p>\n<p>Nos minutos que antecederam ao in\u00edcio da solenidade o caminh\u00e3o de som do Sinpes veiculou as seguintes considera\u00e7\u00f5es (conforme v\u00eddeo abaixo):<\/p>\n<p>\u201cNesse dia festivo em que o Professor Doutor Clemerson Merlin Cl\u00e8ve, propriet\u00e1rio e s\u00f3cio administrador do UNIBRASIL, uma das principais institui\u00e7\u00f5es de ensino superior da Regi\u00e3o Metropolitana de Curitiba, assume merecida vaga na nossa Academia Paranaense de Letras, justo galard\u00e3o que lhe foi atribu\u00eddo em face de sua intensa e fecunda produ\u00e7\u00e3o intelectual, o Sinpes, Sindicato dos Professores do Ensino Superior de Curitiba houve por bem marcar presen\u00e7a com a presente manifesta\u00e7\u00e3o, que tem dois objetivos primordiais.<\/p>\n<p>Em primeiro lugar parabenizar o novo Acad\u00eamico, que certamente honrar\u00e1 sua Cadeira n\u00famero 03, que tem como patrono Jesu\u00edno Marcondes de Oliveira e S\u00e1 e como \u00faltimo ocupante o Professor Ren\u00e9e Ariel Dotti.<\/p>\n<p>Em segundo lugar alertar o ilustre Professor Clemerson Merlin Cl\u00e8ve acerca da necessidade premente de envidar esfor\u00e7os para solucionar in\u00fameros graves problemas que vem enfrentando os professores do Unibrasil.<\/p>\n<p>Esses docentes tem amargado sucessivas despedidas coletivas sem que haja negocia\u00e7\u00e3o com o sindicato para minimizar os graves problemas sociais da\u00ed decorrentes. Sustentam Curso de P\u00f3s-Gradua\u00e7\u00e3o de excel\u00eancia em Direito sem que lhe sejam pagos os pisos salariais da categoria. Bem recentemente os coordenadores de curso de gradua\u00e7\u00e3o tiveram reduzindo pela metade os seus sal\u00e1rios em afronta ao estabelecido pelo artigo 468 da CLT.<\/p>\n<p>Tamb\u00e9m queremos aproveitar a oportunidade para dar conhecimento ao ilustre acad\u00eamico que ora toma posse que um dos mais combativos dirigentes sindicais do Sinpes que leciona no Unibrasil, professor Edson Stein, tem sofrido intensa persegui\u00e7\u00e3o nos \u00faltimos anos.<\/p>\n<p>\u00c9 v\u00edtima de indevidas redu\u00e7\u00f5es e at\u00e9 mesmo supress\u00f5es de sua carga hor\u00e1ria, o que o impede de continuar desenvolvendo com regularidade sua atividade sindical.<\/p>\n<p>O SINPES tem certeza de que a publiciza\u00e7\u00e3o destes fatos e a interven\u00e7\u00e3o do s\u00f3cio administrador do Unibrasil certamente colaborar\u00e1 para a solu\u00e7\u00e3o dos problemas com a preval\u00eancia do bom senso, normalizando-se as rela\u00e7\u00f5es entre o Sinpes e essa conceituada institui\u00e7\u00e3o de ensino superior, que t\u00eam sido conturbadas nos \u00faltimos tempos.\u201d<\/p>\n<p><strong>O Sindicato entrou em contato com o Unibrasil pedindo uma nota de esclarecimento sobre os fatos trazidos neste texto, mas n\u00e3o recebemos resposta.<\/strong><\/p>\n<div class=\"epyt-video-wrapper\"><iframe loading=\"lazy\"  style=\"display: block; margin: 0px auto;\"  id=\"_ytid_91394\"  width=\"480\" height=\"270\"  data-origwidth=\"480\" data-origheight=\"270\" src=\"https:\/\/www.youtube.com\/embed\/yC5SJi876mc?enablejsapi=1&#038;autoplay=1&#038;cc_load_policy=0&#038;cc_lang_pref=&#038;iv_load_policy=1&#038;loop=0&#038;rel=1&#038;fs=1&#038;playsinline=0&#038;autohide=2&#038;theme=dark&#038;color=red&#038;controls=1&#038;disablekb=0&#038;\" class=\"__youtube_prefs__  epyt-is-override  no-lazyload\" title=\"YouTube player\"  allow=\"fullscreen; accelerometer; autoplay; clipboard-write; encrypted-media; gyroscope; picture-in-picture; web-share\" referrerpolicy=\"strict-origin-when-cross-origin\" allowfullscreen data-no-lazy=\"1\" data-skipgform_ajax_framebjll=\"\"><\/iframe><\/div>\n<!-- AddThis Advanced Settings generic via filter on the_content --><!-- AddThis Share Buttons generic via filter on the_content -->","protected":false},"excerpt":{"rendered":"<p>O Sinpes aproveitou a cerim\u00f4nia de diploma\u00e7\u00e3o do Professor Clemerson Merlin Cl\u00e8ve como mais novo integrante da Academia Paranaense de Letras para publicizar graves problemas que se arrastam no ambiente daquela institui\u00e7\u00e3o de ensino superior, clamando por uma r\u00e1pida solu\u00e7\u00e3o. A diploma\u00e7\u00e3o ocorreu \u00e0s 19h00min do dia 22 de novembro de 2021 no Audit\u00f3rio da [&hellip;]<!-- AddThis Advanced Settings generic via filter on wp_trim_excerpt --><!-- AddThis Share Buttons generic via filter on wp_trim_excerpt --><\/p>\n","protected":false},"author":3,"featured_media":0,"comment_status":"closed","ping_status":"open","sticky":false,"template":"","format":"standard","meta":{"footnotes":""},"categories":[7,478,18,13,4],"tags":[773,712,708,767,774,108,714],"class_list":["post-3797","post","type-post","status-publish","format-standard","hentry","category-arquivo-de-noticias","category-coronavirus-e-direitos-dos-professores","category-destaque","category-home","category-unibrasil","tag-academia-paranaense-de-letras-juridicas","tag-antissindicalismo-unibrasil","tag-clemerson-cleve","tag-oab","tag-stein","tag-unibrasil","tag-wilson-xixo"],"_links":{"self":[{"href":"https:\/\/sinpes.org.br\/site\/wp-json\/wp\/v2\/posts\/3797","targetHints":{"allow":["GET"]}}],"collection":[{"href":"https:\/\/sinpes.org.br\/site\/wp-json\/wp\/v2\/posts"}],"about":[{"href":"https:\/\/sinpes.org.br\/site\/wp-json\/wp\/v2\/types\/post"}],"author":[{"embeddable":true,"href":"https:\/\/sinpes.org.br\/site\/wp-json\/wp\/v2\/users\/3"}],"replies":[{"embeddable":true,"href":"https:\/\/sinpes.org.br\/site\/wp-json\/wp\/v2\/comments?post=3797"}],"version-history":[{"count":1,"href":"https:\/\/sinpes.org.br\/site\/wp-json\/wp\/v2\/posts\/3797\/revisions"}],"predecessor-version":[{"id":3798,"href":"https:\/\/sinpes.org.br\/site\/wp-json\/wp\/v2\/posts\/3797\/revisions\/3798"}],"wp:attachment":[{"href":"https:\/\/sinpes.org.br\/site\/wp-json\/wp\/v2\/media?parent=3797"}],"wp:term":[{"taxonomy":"category","embeddable":true,"href":"https:\/\/sinpes.org.br\/site\/wp-json\/wp\/v2\/categories?post=3797"},{"taxonomy":"post_tag","embeddable":true,"href":"https:\/\/sinpes.org.br\/site\/wp-json\/wp\/v2\/tags?post=3797"}],"curies":[{"name":"wp","href":"https:\/\/api.w.org\/{rel}","templated":true}]}}