{"id":3782,"date":"2021-11-10T14:00:51","date_gmt":"2021-11-10T17:00:51","guid":{"rendered":"https:\/\/sinpes.org.br\/site\/?p=3782"},"modified":"2021-11-10T14:00:51","modified_gmt":"2021-11-10T17:00:51","slug":"vacinacao-a-luta-agora-e-contra-o-virus-do-negacionismo-ideologico","status":"publish","type":"post","link":"https:\/\/sinpes.org.br\/site\/vacinacao-a-luta-agora-e-contra-o-virus-do-negacionismo-ideologico\/","title":{"rendered":"Vacina\u00e7\u00e3o \u2013 A luta agora \u00e9 contra o \u201cv\u00edrus do negacionismo ideol\u00f3gico\u201d"},"content":{"rendered":"<p>Coerente com posicionamento adotado desde o in\u00edcio da dissemina\u00e7\u00e3o da Pandemia, no sentido de que somente deveriam retornar as atividades presenciais nas institui\u00e7\u00f5es de ensino superior depois de completada a vacina\u00e7\u00e3o de alunos\/as e professores\/as, o Sinpes sustenta que leg\u00edtima a exig\u00eancia de comprovante de vacina\u00e7\u00e3o contra o Covid-19 de estudantes, docentes, auxiliares de administra\u00e7\u00e3o escolar, gestores\/as e donos\/as das institui\u00e7\u00f5es para que possam frequentar o ambiente acad\u00eamico.<\/p>\n<p>Trata-se de exig\u00eancia que:<\/p>\n<p>&#8211; Prioriza o interesse coletivo em detrimento de question\u00e1vel liberdade individual impregnada de negacionismo ideol\u00f3gico incompat\u00edvel com o avan\u00e7o da ci\u00eancia do S\u00e9culo XXI;<\/p>\n<p>&#8211; E foi chancelada por decis\u00e3o prolatada pelo Supremo Tribunal Federal, quando foi cassada decis\u00e3o de Desembargador do Tribunal de Justi\u00e7a do Rio de Janeiro que surpreendentemente considerava a recusa em se vacinar como leg\u00edtima manifesta\u00e7\u00e3o da liberdade individual, o que inviabiliza qualquer norma governamental em sentido diverso.<\/p>\n<p>Mesmo que ainda reverbere entre os mais fan\u00e1ticos, o discurso anti-ci\u00eancia caiu por terra frente aos efeitos da vacina\u00e7\u00e3o em massa no Brasil e no Mundo. Dados do Minist\u00e9rio da Sa\u00fade mostram que a m\u00e9dia m\u00f3vel de \u00f3bitos por Covid-19 no pa\u00eds registrava, no dia 18 de outubro, uma queda de 87,3% em compara\u00e7\u00e3o com o pico da pandemia. Com tend\u00eancia de queda desde junho, o boletim de casos e \u00f3bitos mostrava ainda que o Brasil registrava a menor m\u00e9dia m\u00f3vel de mortes por Covid-19 do ano: 379,5.<\/p>\n<p>No dia em que o Brasil registrou a maior m\u00e9dia m\u00f3vel de \u00f3bitos pela doen\u00e7a, em 19 de abril, o \u00edndice correspondia a uma m\u00e9dia de 3 mil. A queda no m\u00eas de outubro tamb\u00e9m foi observada nas notifica\u00e7\u00f5es de novos casos de Covid-19. O boletim divulgado pelo Minist\u00e9rio da Sa\u00fade aponta que o Pa\u00eds registrou naquele m\u00eas a menor m\u00e9dia m\u00f3vel de novos casos do ano de 2021: 12,3 mil.<\/p>\n<p>Diante dos efeitos comprovados da vacina\u00e7\u00e3o, que preserva vidas, o Sinpes refor\u00e7a sua posi\u00e7\u00e3o: todos devem vacinar-se. Para isso \u00e9 preciso que se redobrem esfor\u00e7os no sentido da conscientiza\u00e7\u00e3o dos recalcitrantes. Institui\u00e7\u00f5es de Ensino Superior Privado precisam promover campanhas que destaquem a import\u00e2ncia da imuniza\u00e7\u00e3o e a exist\u00eancia do risco de contamina\u00e7\u00e3o por Coronav\u00edrus para aqueles\/as que n\u00e3o se vacinarem e tamb\u00e9m para os que trabalham com eles\/as.<\/p>\n<p>\u00c0queles\/as que apesar das evid\u00eancias e dos esfor\u00e7os dos setores mais l\u00facidos da sociedade na dire\u00e7\u00e3o da conscientiza\u00e7\u00e3o, contaminados pelo v\u00edrus do negacionismo ideol\u00f3gico, insistem em colocar a sua vida e a dos outros em risco devem permanecer afastados das atividades educacionais presenciais.<\/p>\n<!-- AddThis Advanced Settings generic via filter on the_content --><!-- AddThis Share Buttons generic via filter on the_content -->","protected":false},"excerpt":{"rendered":"<p>Coerente com posicionamento adotado desde o in\u00edcio da dissemina\u00e7\u00e3o da Pandemia, no sentido de que somente deveriam retornar as atividades presenciais nas institui\u00e7\u00f5es de ensino superior depois de completada a vacina\u00e7\u00e3o de alunos\/as e professores\/as, o Sinpes sustenta que leg\u00edtima a exig\u00eancia de comprovante de vacina\u00e7\u00e3o contra o Covid-19 de estudantes, docentes, auxiliares de administra\u00e7\u00e3o [&hellip;]<!-- AddThis Advanced Settings generic via filter on wp_trim_excerpt --><!-- AddThis Share Buttons generic via filter on wp_trim_excerpt --><\/p>\n","protected":false},"author":3,"featured_media":0,"comment_status":"closed","ping_status":"open","sticky":false,"template":"","format":"standard","meta":{"footnotes":""},"categories":[7,478,18,13],"tags":[640,456,462,472,22,683,643,566],"class_list":["post-3782","post","type-post","status-publish","format-standard","hentry","category-arquivo-de-noticias","category-coronavirus-e-direitos-dos-professores","category-destaque","category-home","tag-aulas-presenciais","tag-coronavirus","tag-covid-19","tag-pandemia","tag-professores","tag-vacina","tag-vacinacao-de-professores","tag-volta-as-aulas"],"_links":{"self":[{"href":"https:\/\/sinpes.org.br\/site\/wp-json\/wp\/v2\/posts\/3782","targetHints":{"allow":["GET"]}}],"collection":[{"href":"https:\/\/sinpes.org.br\/site\/wp-json\/wp\/v2\/posts"}],"about":[{"href":"https:\/\/sinpes.org.br\/site\/wp-json\/wp\/v2\/types\/post"}],"author":[{"embeddable":true,"href":"https:\/\/sinpes.org.br\/site\/wp-json\/wp\/v2\/users\/3"}],"replies":[{"embeddable":true,"href":"https:\/\/sinpes.org.br\/site\/wp-json\/wp\/v2\/comments?post=3782"}],"version-history":[{"count":1,"href":"https:\/\/sinpes.org.br\/site\/wp-json\/wp\/v2\/posts\/3782\/revisions"}],"predecessor-version":[{"id":3783,"href":"https:\/\/sinpes.org.br\/site\/wp-json\/wp\/v2\/posts\/3782\/revisions\/3783"}],"wp:attachment":[{"href":"https:\/\/sinpes.org.br\/site\/wp-json\/wp\/v2\/media?parent=3782"}],"wp:term":[{"taxonomy":"category","embeddable":true,"href":"https:\/\/sinpes.org.br\/site\/wp-json\/wp\/v2\/categories?post=3782"},{"taxonomy":"post_tag","embeddable":true,"href":"https:\/\/sinpes.org.br\/site\/wp-json\/wp\/v2\/tags?post=3782"}],"curies":[{"name":"wp","href":"https:\/\/api.w.org\/{rel}","templated":true}]}}