{"id":3771,"date":"2021-10-13T09:40:26","date_gmt":"2021-10-13T12:40:26","guid":{"rendered":"https:\/\/sinpes.org.br\/site\/?p=3771"},"modified":"2021-10-13T09:43:06","modified_gmt":"2021-10-13T12:43:06","slug":"professores-as-recebem-abono-negociado-pelo-sinpes","status":"publish","type":"post","link":"https:\/\/sinpes.org.br\/site\/professores-as-recebem-abono-negociado-pelo-sinpes\/","title":{"rendered":"Professores\/as recebem abono negociado pelo Sinpes"},"content":{"rendered":"<p>Todos os professores\/as do ensino superior de Curitiba e da Regi\u00e3o Metropolitana j\u00e1 devem ter come\u00e7ado a receber juntamente com os sal\u00e1rios do m\u00eas de agosto de 2021 o abono salarial negociado entre o Sinpes e o Sinepe, que faz parte das obriga\u00e7\u00f5es assumidas pelas institui\u00e7\u00f5es de ensino superior em face da nova Conven\u00e7\u00e3o Coletiva de Trabalho assinada pelas partes no m\u00eas de agosto.<\/p>\n<p>A CCT tem validade por 24 meses, at\u00e9 28.02.2023. Foram renovadas todas as cl\u00e1usulas sociais vigentes e garantido aos professores um abono salarial de 6,22% incidente sobre o valor dos sal\u00e1rios praticados em mar\u00e7o de 2020. O valor mensal deve ser multiplicado por 13 e pago em 7 parcelas iguais e sucessivas sempre no quinto dia \u00fatil de cada m\u00eas, a iniciar-se at\u00e9 o dia 09 de setembro de 2021 para os que trabalham em Curitiba e at\u00e9 o dia 08 de setembro de 2021 para os que prestam servi\u00e7os nas demais cidades da regi\u00e3o metropolitana. Tamb\u00e9m foi inserida a obrigatoriedade de os empregadores descontarem contribui\u00e7\u00e3o negocial equivalente a um dia de sal\u00e1rio do m\u00eas de novembro, a ser transferida para os cofres sindicais, garantido o direito de oposi\u00e7\u00e3o pelo prazo de dez dias, conforme j\u00e1 amplamente noticiado nas redes sociais pelo Sinpes.<\/p>\n<p>A t\u00edtulo de exemplo, segue simula\u00e7\u00e3o do abono sobre sal\u00e1rio.<\/p>\n<p><strong>Exemplo:<\/strong><\/p>\n<p>Sal\u00e1rio R$ 2.000,00 x 6,22% = 124,40<\/p>\n<p>R$ 124,40 x 13 = R$ 1.617,20<\/p>\n<p>R$ 1.617,20 \/ 7 vezes =<\/p>\n<p>R$ 231,02<\/p>\n<p>Assim, quem estava vinculado a uma IES&#8217;s, entre Mar\u00e7o de 2020 e Fevereiro de 2021, ter\u00e1 direito ao abono integral, ou seja 7 parcelas. Para quem entrou depois de Mar\u00e7o 2020, ou saiu antes de Fevereiro de 2021, ter\u00e1 direito a 1\/12 por m\u00eas trabalhado<\/p>\n<p>Em se tratando de abono, esse valor n\u00e3o integra o sal\u00e1rio para nenhum efeito legal, uma das exig\u00eancias patronais para concordarem com a reposi\u00e7\u00e3o da infla\u00e7\u00e3o representada pela evolu\u00e7\u00e3o do IPCA no per\u00edodo compreendido entre mar\u00e7o de 2020 e fevereiro de 2021 e com a manuten\u00e7\u00e3o das cl\u00e1usulas sociais por 24 meses. A proposta original do Sinepe renovava as cl\u00e1usulas sociais apenas e t\u00e3o somente por 12 meses.<\/p>\n<p>Aqueles professores que porventura ainda n\u00e3o tenham come\u00e7ado a receber o abono pactuado devem comunicar o Sinpes para que sejam tomadas as provid\u00eancias necess\u00e1rias para que as institui\u00e7\u00f5es de ensino superior inadimplentes cumpram o que foi negociado com a m\u00e1xima urg\u00eancia.<\/p>\n<!-- AddThis Advanced Settings generic via filter on the_content --><!-- AddThis Share Buttons generic via filter on the_content -->","protected":false},"excerpt":{"rendered":"<p>Todos os professores\/as do ensino superior de Curitiba e da Regi\u00e3o Metropolitana j\u00e1 devem ter come\u00e7ado a receber juntamente com os sal\u00e1rios do m\u00eas de agosto de 2021 o abono salarial negociado entre o Sinpes e o Sinepe, que faz parte das obriga\u00e7\u00f5es assumidas pelas institui\u00e7\u00f5es de ensino superior em face da nova Conven\u00e7\u00e3o Coletiva [&hellip;]<!-- AddThis Advanced Settings generic via filter on wp_trim_excerpt --><!-- AddThis Share Buttons generic via filter on wp_trim_excerpt --><\/p>\n","protected":false},"author":3,"featured_media":0,"comment_status":"closed","ping_status":"open","sticky":false,"template":"","format":"standard","meta":{"footnotes":""},"categories":[7,478,18,13],"tags":[759,760,331,762,761],"class_list":["post-3771","post","type-post","status-publish","format-standard","hentry","category-arquivo-de-noticias","category-coronavirus-e-direitos-dos-professores","category-destaque","category-home","tag-abono","tag-abono-salarial","tag-cct","tag-direitos-dos-professores-as","tag-reajuste"],"_links":{"self":[{"href":"https:\/\/sinpes.org.br\/site\/wp-json\/wp\/v2\/posts\/3771","targetHints":{"allow":["GET"]}}],"collection":[{"href":"https:\/\/sinpes.org.br\/site\/wp-json\/wp\/v2\/posts"}],"about":[{"href":"https:\/\/sinpes.org.br\/site\/wp-json\/wp\/v2\/types\/post"}],"author":[{"embeddable":true,"href":"https:\/\/sinpes.org.br\/site\/wp-json\/wp\/v2\/users\/3"}],"replies":[{"embeddable":true,"href":"https:\/\/sinpes.org.br\/site\/wp-json\/wp\/v2\/comments?post=3771"}],"version-history":[{"count":2,"href":"https:\/\/sinpes.org.br\/site\/wp-json\/wp\/v2\/posts\/3771\/revisions"}],"predecessor-version":[{"id":3773,"href":"https:\/\/sinpes.org.br\/site\/wp-json\/wp\/v2\/posts\/3771\/revisions\/3773"}],"wp:attachment":[{"href":"https:\/\/sinpes.org.br\/site\/wp-json\/wp\/v2\/media?parent=3771"}],"wp:term":[{"taxonomy":"category","embeddable":true,"href":"https:\/\/sinpes.org.br\/site\/wp-json\/wp\/v2\/categories?post=3771"},{"taxonomy":"post_tag","embeddable":true,"href":"https:\/\/sinpes.org.br\/site\/wp-json\/wp\/v2\/tags?post=3771"}],"curies":[{"name":"wp","href":"https:\/\/api.w.org\/{rel}","templated":true}]}}