{"id":3767,"date":"2021-09-29T10:50:23","date_gmt":"2021-09-29T13:50:23","guid":{"rendered":"https:\/\/sinpes.org.br\/site\/?p=3767"},"modified":"2021-09-29T10:50:23","modified_gmt":"2021-09-29T13:50:23","slug":"volta-as-aulas-no-unicuritiba-docentes-do-grupo-de-risco-poderao-permanecer-no-trabalho-remoto","status":"publish","type":"post","link":"https:\/\/sinpes.org.br\/site\/volta-as-aulas-no-unicuritiba-docentes-do-grupo-de-risco-poderao-permanecer-no-trabalho-remoto\/","title":{"rendered":"Volta \u00e0s aulas no Unicuritiba &#8211; Docentes do Grupo de Risco poder\u00e3o permanecer no trabalho remoto"},"content":{"rendered":"<p>O Sindicato dos Professores de Ensino Superior de Curitiba e Regi\u00e3o Metropolitana \u2013 SINPES recebeu informa\u00e7\u00f5es de que as institui\u00e7\u00f5es de ensino superior privado de Curitiba adquiridas pelo grupo Anima (UNICURITIBA e UNISOCIESC) pretendem aumentar a quantidade de aulas presenciais a partir do m\u00eas de outubro. O modelo de retorno segue a sistem\u00e1tica h\u00edbrida, j\u00e1 adotada por outras institui\u00e7\u00f5es de ensino superior sob veementes protestos do SINPES. As aulas presenciais ser\u00e3o tamb\u00e9m transmitidas <em>on line<\/em> para os alunos\/as que optarem por permanecer no ensino remoto.<\/p>\n<p>A proposta de retorno \u00e0s aulas presenciais do \u00c2nima \u00e9 acompanhada pelo documento denominado <strong>\u201cPROTOCOLO COM ORIENTA\u00c7\u00d5ES PARA O RETORNO PRESENCIAL DE EDUCADORES PERTENCENTES AO GRUPO DE RISCO PARA COVID-19\u201d<\/strong>. Nesse documento, os educadores\/as s\u00e3o reunidos em dois grupos, os que j\u00e1 conclu\u00edram o processo de vacina\u00e7\u00e3o e os que ainda n\u00e3o o conclu\u00edram. As informa\u00e7\u00f5es passadas pelo \u00c2nima s\u00e3o nebulosas. Aparentemente, o que se informa no documento \u00e9 que todos os professores do Grupo de Risco dever\u00e3o retornar \u00e0s aulas presenciais. Al\u00e9m disso, \u00e9 exigido desses professores que assinem declara\u00e7\u00e3o afirmando que \u00e9 deles o interesse em retornar \u00e0s aulas presenciais.<\/p>\n<p>Questionados pelo SINPES, a comunica\u00e7\u00e3o do \u00c2nima esclareceu que nos casos dos professores\/as do Grupo de Risco, havendo interesse desses educadores\/as em retornar \u00e0s aulas presenciais, ser\u00e1 exigido que se manifestem, por escrito, e que apresentem autoriza\u00e7\u00e3o m\u00e9dica para o retorno. Por\u00e9m, pretendendo esses mesmos professores\/as, por motivo de precau\u00e7\u00e3o com a sa\u00fade, no contexto da pandemia do COVID-19, permanecerem no modelo de ensino remoto, a Institui\u00e7\u00e3o tamb\u00e9m exige que apresentem recomenda\u00e7\u00e3o m\u00e9dica endossando a pretens\u00e3o.<\/p>\n<p>Diante da aus\u00eancia no documento original da possibilidade de op\u00e7\u00e3o pelo prosseguimento do trabalho remoto por parte daqueles professores\/as que pertencem a um grupo de risco ou ainda n\u00e3o tenham conclu\u00eddo seu processo de vacina\u00e7\u00e3o, o Sinpes orienta aqueles docentes que porventura se sentirem coagidos a retornar, a adotarem, por cautela, o seguinte procedimento:<\/p>\n<p>Subscrever documento em separado em que conste declara\u00e7\u00e3o unilateral com reconhecimento de firma em cart\u00f3rio (para comprova\u00e7\u00e3o da data da declara\u00e7\u00e3o e evidenciar a simultaneidade entre a coa\u00e7\u00e3o e a assinatura do documento \u201csugerido\u201d) com o seguinte teor:<\/p>\n<p><strong>\u201cPela presente declaro que me sinto coagido pelo Grupo Anima a manifestar meu desejo de retorno \u00e0s atividades presenciais, bem como assumir a responsabilidade por esse retorno. Por ser verdade firmo a presente.\u201d<\/strong><\/p>\n<p>O professor\/a dever\u00e1 guardar esse documento em local seguro e, em caso de eventual lit\u00edgio futuro que tenha por objeto a coa\u00e7\u00e3o sofrida, apresent\u00e1-lo em ju\u00edzo.<\/p>\n<p>O SINPES reitera sua posi\u00e7\u00e3o contr\u00e1ria ao retorno das aulas presenciais agora, quando restam menos de 40 dias \u00fateis para o t\u00e9rmino do semestre letivo. O Brasil ainda vive a pandemia e pouco mais de 40% de sua popula\u00e7\u00e3o foi vacinada com as duas doses. Entre a popula\u00e7\u00e3o imunizada apenas uma vez est\u00e3o in\u00fameros professores e a grande maioria dos alunos. Segundo o Mapa do Ensino Superior no Brasil de 2020, quase 60% dos estudantes do ensino superior t\u00eam entre 19 e 24 anos. Essa faixa et\u00e1ria ainda n\u00e3o ter\u00e1 recebido a segunda dose da vacina no in\u00edcio de outubro. Isso quer significar risco significativo e desnecess\u00e1rio para professores, alunos e demais funcion\u00e1rios. As consequ\u00eancias materiais e jur\u00eddicas desse comportamento discriminat\u00f3rio s\u00e3o evidentes. E refor\u00e7a sua posi\u00e7\u00e3o, enfatizada exaustivamente ao longo de toda a pandemia, de que professores e alunos devem voltar \u00e0s salas de aula apenas depois da segunda dose da vacina e passado o per\u00edodo de imuniza\u00e7\u00e3o completa, j\u00e1 que mesmo os vacinados com duas doses n\u00e3o se encontram definitivamente livres da doen\u00e7a e de suas terr\u00edveis consequ\u00eancias.<\/p>\n<p><strong>Segue abaixo na \u00edntegra nota encaminhada pela assessoria de imprensa do \u00c2nima sobre o protocolo de volta \u00e0s aulas:<\/strong><\/p>\n<p><em>&#8220;A \u00c2nima Educa\u00e7\u00e3o trabalhou em um plano consistente para o retorno seguro das aulas presenciais, mantendo o compromisso com a qualidade, seguran\u00e7a e bem-estar de toda sua comunidade acad\u00eamica. Al\u00e9m do treinamento realizado com toda a equipe, as Institui\u00e7\u00f5es contam com um protocolo de a\u00e7\u00f5es para aqueles que est\u00e3o retomando ao presencial, com o preenchimento de um question\u00e1rio online antes de qualquer necessidade de presen\u00e7a f\u00edsica nas unidades; aferi\u00e7\u00e3o de temperatura, uso obrigat\u00f3rio de m\u00e1scara; instala\u00e7\u00e3o de tapetes sanitizantes, totens e displays de \u00e1lcool em gel; ambientes abertos e ventilados e ampla sinaliza\u00e7\u00e3o dos protocolos, para manuten\u00e7\u00e3o do distanciamento social e controle da lota\u00e7\u00e3o dos espa\u00e7os. A \u00c2nima esclarece que para os docentes que possuem comorbidade e\/ou indica\u00e7\u00e3o m\u00e9dica com alguma restri\u00e7\u00e3o, a volta presencial n\u00e3o \u00e9 obrigat\u00f3ria e a Companhia avalia individualmente caso a caso este retorno.<\/em><\/p>\n<p><em>Vale ainda destacar que a retomada est\u00e1 sendo realizada de acordo com as normas gerais de preven\u00e7\u00e3o ao Covid-19 estabelecidas pela Organiza\u00e7\u00e3o Mundial da Sa\u00fade, seguindo tamb\u00e9m os moldes propostos pelo Governo do Estado do Paran\u00e1 e as regras estabelecidas por cada mun\u00edcipio. A \u00c2nima Educa\u00e7\u00e3o tamb\u00e9m mant\u00e9m o canal bem-estar sempre aberto e dispon\u00edvel para d\u00favidas e informa\u00e7\u00f5es. &#8220;<\/em><\/p>\n<p>&nbsp;<\/p>\n<!-- AddThis Advanced Settings generic via filter on the_content --><!-- AddThis Share Buttons generic via filter on the_content -->","protected":false},"excerpt":{"rendered":"<p>O Sindicato dos Professores de Ensino Superior de Curitiba e Regi\u00e3o Metropolitana \u2013 SINPES recebeu informa\u00e7\u00f5es de que as institui\u00e7\u00f5es de ensino superior privado de Curitiba adquiridas pelo grupo Anima (UNICURITIBA e UNISOCIESC) pretendem aumentar a quantidade de aulas presenciais a partir do m\u00eas de outubro. O modelo de retorno segue a sistem\u00e1tica h\u00edbrida, j\u00e1 [&hellip;]<!-- AddThis Advanced Settings generic via filter on wp_trim_excerpt --><!-- AddThis Share Buttons generic via filter on wp_trim_excerpt --><\/p>\n","protected":false},"author":3,"featured_media":0,"comment_status":"closed","ping_status":"open","sticky":false,"template":"","format":"standard","meta":{"footnotes":""},"categories":[7,478,18,13],"tags":[640,456,462,494,472,758,369,566],"class_list":["post-3767","post","type-post","status-publish","format-standard","hentry","category-arquivo-de-noticias","category-coronavirus-e-direitos-dos-professores","category-destaque","category-home","tag-aulas-presenciais","tag-coronavirus","tag-covid-19","tag-grupo-anima","tag-pandemia","tag-professores-as-do-unicuritiba","tag-unicuritiba","tag-volta-as-aulas"],"_links":{"self":[{"href":"https:\/\/sinpes.org.br\/site\/wp-json\/wp\/v2\/posts\/3767","targetHints":{"allow":["GET"]}}],"collection":[{"href":"https:\/\/sinpes.org.br\/site\/wp-json\/wp\/v2\/posts"}],"about":[{"href":"https:\/\/sinpes.org.br\/site\/wp-json\/wp\/v2\/types\/post"}],"author":[{"embeddable":true,"href":"https:\/\/sinpes.org.br\/site\/wp-json\/wp\/v2\/users\/3"}],"replies":[{"embeddable":true,"href":"https:\/\/sinpes.org.br\/site\/wp-json\/wp\/v2\/comments?post=3767"}],"version-history":[{"count":1,"href":"https:\/\/sinpes.org.br\/site\/wp-json\/wp\/v2\/posts\/3767\/revisions"}],"predecessor-version":[{"id":3768,"href":"https:\/\/sinpes.org.br\/site\/wp-json\/wp\/v2\/posts\/3767\/revisions\/3768"}],"wp:attachment":[{"href":"https:\/\/sinpes.org.br\/site\/wp-json\/wp\/v2\/media?parent=3767"}],"wp:term":[{"taxonomy":"category","embeddable":true,"href":"https:\/\/sinpes.org.br\/site\/wp-json\/wp\/v2\/categories?post=3767"},{"taxonomy":"post_tag","embeddable":true,"href":"https:\/\/sinpes.org.br\/site\/wp-json\/wp\/v2\/tags?post=3767"}],"curies":[{"name":"wp","href":"https:\/\/api.w.org\/{rel}","templated":true}]}}