{"id":3763,"date":"2021-09-28T14:34:09","date_gmt":"2021-09-28T17:34:09","guid":{"rendered":"https:\/\/sinpes.org.br\/site\/?p=3763"},"modified":"2021-09-28T14:49:16","modified_gmt":"2021-09-28T17:49:16","slug":"puc-respeitara-direitos-das-os-professoras-es-garantidos-em-acoes-vitoriosas-ajuizadas-pelo-sinpes","status":"publish","type":"post","link":"https:\/\/sinpes.org.br\/site\/puc-respeitara-direitos-das-os-professoras-es-garantidos-em-acoes-vitoriosas-ajuizadas-pelo-sinpes\/","title":{"rendered":"GRUPO MARISTA ACEITA POR FIM \u00c0S \u201cREN\u00daNCIAS\u201d QUE ESTAVAM ACONTECENDO NA PUCPR"},"content":{"rendered":"<p>Ap\u00f3s uma conversa franca e objetiva entre os diretores do Sinpes e o Diretor Corporativo de Recursos Humanos, Leandro Figueira Neto, ficou ajustada a retomada das negocia\u00e7\u00f5es entre o Sinpes e a Associa\u00e7\u00e3o Paranaense de Cultura, no que se refere ao processo em que a Justi\u00e7a do Trabalho reconheceu devidos os reflexos dos valores recebidos por professores\/as e coordenadores\/as nos cursos de Especializa\u00e7\u00e3o.<\/p>\n<p>O Grupo Marista comprometeu-se a n\u00e3o insistir nos efeitos materiais das desist\u00eancias e ren\u00fancias \u00e0s a\u00e7\u00f5es coletivas j\u00e1 assinadas ou que vierem a ser subscritas pelos professores, atendendo nesse particular ao anseio da grande maioria dos docentes. O Sinpes, em contrapartida, abre m\u00e3o das medidas de press\u00e3o j\u00e1 adotadas e anunciadas em rela\u00e7\u00e3o ao assunto.<\/p>\n<p>Com o compromisso assumido restabelece-se o bom relacionamento entre as partes litigantes com o objetivo de preservar um salutar clima organizacional entre professores e seus superiores hier\u00e1rquicos.<\/p>\n<p>Assim que as negocia\u00e7\u00f5es cheguem a um denominador comum o Sinpes consultar\u00e1 a categoria, por meio de assembleia geral virtual, acerca da pertin\u00eancia e oportunidade da celebra\u00e7\u00e3o de um acordo que possa agilizar o recebimento dos cr\u00e9ditos atinentes ao trabalho em p\u00f3s-gradua\u00e7\u00e3o <em>lato sensu<\/em> j\u00e1 reconhecidos pela Justi\u00e7a do Trabalho em tr\u00eas inst\u00e2ncias.<\/p>\n<p>Os votos dos professores\/as ser\u00e3o encaminhados por e-mail ao Sinpes, como tem ocorrido nas diversas assembleias virtuais realizadas nesses tempos de pandemia, preservando-se, assim, a publicidade dos mesmos e protegendo os professores de eventual press\u00e3o patronal.<\/p>\n<p>Para que enfim prevalecesse o bom senso foi de suma import\u00e2ncia o trabalho de equipe realizado por integrantes da Diretoria do Sinpes vinculados e n\u00e3o vinculados \u00e0 PUC, assim como por in\u00fameros professores\/as da PUCPR que se aliaram ao Sindicato ora nos trazendo elementos importantes na formula\u00e7\u00e3o de estrat\u00e9gias para nos contrapormos \u00e0 forma como os professores estavam sendo persuadidos a renunciar, ora nos encaminhando importantes sugest\u00f5es para enfrentar o inusitado desafio.<\/p>\n<!-- AddThis Advanced Settings generic via filter on the_content --><!-- AddThis Share Buttons generic via filter on the_content -->","protected":false},"excerpt":{"rendered":"<p>Ap\u00f3s uma conversa franca e objetiva entre os diretores do Sinpes e o Diretor Corporativo de Recursos Humanos, Leandro Figueira Neto, ficou ajustada a retomada das negocia\u00e7\u00f5es entre o Sinpes e a Associa\u00e7\u00e3o Paranaense de Cultura, no que se refere ao processo em que a Justi\u00e7a do Trabalho reconheceu devidos os reflexos dos valores recebidos [&hellip;]<!-- AddThis Advanced Settings generic via filter on wp_trim_excerpt --><!-- AddThis Share Buttons generic via filter on wp_trim_excerpt --><\/p>\n","protected":false},"author":3,"featured_media":0,"comment_status":"closed","ping_status":"open","sticky":false,"template":"","format":"standard","meta":{"footnotes":""},"categories":[7,478,18,13,2],"tags":[583,598,486,311,673,755,61,404,757],"class_list":["post-3763","post","type-post","status-publish","format-standard","hentry","category-arquivo-de-noticias","category-coronavirus-e-direitos-dos-professores","category-destaque","category-home","category-puc","tag-acoes-do-sindicato","tag-acoes-judiciais","tag-acordo-puc","tag-pos-graduacao","tag-processo-puc","tag-professores-e-professoras-da-puc","tag-puc","tag-sindicato","tag-vitoria-contra-a-puc"],"_links":{"self":[{"href":"https:\/\/sinpes.org.br\/site\/wp-json\/wp\/v2\/posts\/3763","targetHints":{"allow":["GET"]}}],"collection":[{"href":"https:\/\/sinpes.org.br\/site\/wp-json\/wp\/v2\/posts"}],"about":[{"href":"https:\/\/sinpes.org.br\/site\/wp-json\/wp\/v2\/types\/post"}],"author":[{"embeddable":true,"href":"https:\/\/sinpes.org.br\/site\/wp-json\/wp\/v2\/users\/3"}],"replies":[{"embeddable":true,"href":"https:\/\/sinpes.org.br\/site\/wp-json\/wp\/v2\/comments?post=3763"}],"version-history":[{"count":2,"href":"https:\/\/sinpes.org.br\/site\/wp-json\/wp\/v2\/posts\/3763\/revisions"}],"predecessor-version":[{"id":3766,"href":"https:\/\/sinpes.org.br\/site\/wp-json\/wp\/v2\/posts\/3763\/revisions\/3766"}],"wp:attachment":[{"href":"https:\/\/sinpes.org.br\/site\/wp-json\/wp\/v2\/media?parent=3763"}],"wp:term":[{"taxonomy":"category","embeddable":true,"href":"https:\/\/sinpes.org.br\/site\/wp-json\/wp\/v2\/categories?post=3763"},{"taxonomy":"post_tag","embeddable":true,"href":"https:\/\/sinpes.org.br\/site\/wp-json\/wp\/v2\/tags?post=3763"}],"curies":[{"name":"wp","href":"https:\/\/api.w.org\/{rel}","templated":true}]}}