{"id":3759,"date":"2021-09-24T09:30:01","date_gmt":"2021-09-24T12:30:01","guid":{"rendered":"https:\/\/sinpes.org.br\/site\/?p=3759"},"modified":"2022-04-12T14:08:21","modified_gmt":"2022-04-12T17:08:21","slug":"puc-obriga-docentes-a-voltar-para-as-salas-de-aula-ignorando-grupos-de-risco-e-a-nao-conclusao-da-vacinacao-dos-estudantes","status":"publish","type":"post","link":"https:\/\/sinpes.org.br\/site\/puc-obriga-docentes-a-voltar-para-as-salas-de-aula-ignorando-grupos-de-risco-e-a-nao-conclusao-da-vacinacao-dos-estudantes\/","title":{"rendered":"PUC obriga docentes a voltar para as salas de aula, ignorando grupos de risco e a n\u00e3o conclus\u00e3o da vacina\u00e7\u00e3o dos estudantes"},"content":{"rendered":"<p><strong>24\/09\/2021<\/strong><\/p>\n<p>O Sindicato dos Professores de Ensino Superior de Curitiba e Regi\u00e3o Metropolitana \u2013 SINPES recebeu den\u00fancia no sentido de que a PUCPR pretende aumentar a quantidade de aulas presenciais at\u00e9 o m\u00eas de outubro, exigindo o comparecimento at\u00e9 mesmo de professores e professoras integrantes de grupos de risco. A maioria dos professores\/as j\u00e1 recebeu a segunda dose do imunizante, por\u00e9m, entre alunos e alunas a vacina\u00e7\u00e3o apenas come\u00e7ou.<\/p>\n<p>Em documento repassado ao Sinpes, enviado aos alunos\/as por e-mail, a Pontif\u00edcia Universidade Cat\u00f3lica do Paran\u00e1 (PUC) informa o aumento das atividades presenciais a partir do m\u00eas de outubro.<\/p>\n<p>Conforme o comunicado <em>\u201cas aulas permanecer\u00e3o no modelo Hyflex implementado em 2021, por\u00e9m, com maior n\u00famero de atividades presenciais no campus. Nos pr\u00f3ximos dias, a Universidade far\u00e1 uma consulta com os estudantes sobre as perspectivas de um retorno presencial e \u00e9 importante que todos manifestem tamb\u00e9m suas considera\u00e7\u00f5es sobre o aumento das atividades presenciais com seus professores e coordenadores de curso<\/em>&#8230; os estudantes que n\u00e3o estiverem \u00e0 vontade ou se sentirem inseguros com o retorno da presencialidade n\u00e3o ser\u00e3o obrigados a participar das aulas no campus e n\u00e3o sofrer\u00e3o qualquer penalidade.\u201d<\/p>\n<p>O modelo de retorno segue a sistem\u00e1tica j\u00e1 adotada por outras institui\u00e7\u00f5es de ensino superior sob veementes protestos do Sinpes. Trata-se de um \u00fanico peso e duas medidas diferentes. Em rela\u00e7\u00e3o aos alunos\/as a PUCPR demonstra sensibilidade para com a natural inseguran\u00e7a daqueles que pertencem a grupos de risco ou que ainda n\u00e3o receberam a segunda dose de imuniza\u00e7\u00e3o. O mesmo n\u00e3o acontece com os professores\/as, que n\u00e3o ser\u00e3o ouvidos nem ter\u00e3o garantia de op\u00e7\u00e3o que n\u00e3o seja retornar ao trabalho presencial, quer se sintam seguros ou n\u00e3o.<\/p>\n<p>O Sinpes questiona por que as aulas presenciais devem voltar agora, quando restam menos de 40 dias \u00fateis para o t\u00e9rmino do semestre letivo? O Brasil ainda vive a pandemia e nem 40% de sua popula\u00e7\u00e3o foi vacinada com as duas doses. Entre a popula\u00e7\u00e3o imunizada apenas uma vez est\u00e1 a grande maioria dos estudantes. Segundo o Mapa do Ensino Superior no Brasil de 2020 quase 60% dos estudantes de n\u00edvel superior tem entre 19 e 24 anos. Essa faixa et\u00e1ria ainda n\u00e3o ter\u00e1 recebido a segunda dose da vacina no in\u00edcio de outubro. Isso quer significar risco significativo e desnecess\u00e1rio para professores\/as e alunos\/as. As consequ\u00eancias materiais e jur\u00eddicas desse comportamento discriminat\u00f3rio s\u00e3o evidentes, devendo a PUCPR ser responsabilizada pelas consequ\u00eancias decorrentes de eventual dissemina\u00e7\u00e3o da doen\u00e7a no ambiente acad\u00eamico entre docentes e auxiliares de administra\u00e7\u00e3o escolar.<\/p>\n<p>O Sinpes refor\u00e7a sua posi\u00e7\u00e3o, enfatizada exaustivamente ao longo de toda a pandemia, de que professores e alunos devem voltar \u00e0s salas de aula apenas depois da segunda dose da vacina e passado o per\u00edodo de imuniza\u00e7\u00e3o completa, j\u00e1 que mesmos os vacinados com duas doses n\u00e3o se encontram definitivamente livres da doen\u00e7a e de suas terr\u00edveis consequ\u00eancias.<\/p>\n<p>O Sinpes entrou em contato com a Assessoria de Imprensa da PUC PR pedindo esclarecimentos sobre os fatos trazidos neste texto. Mas n\u00e3o obteve resposta.<\/p>\n<!-- AddThis Advanced Settings generic via filter on the_content --><!-- AddThis Share Buttons generic via filter on the_content -->","protected":false},"excerpt":{"rendered":"<p>24\/09\/2021 O Sindicato dos Professores de Ensino Superior de Curitiba e Regi\u00e3o Metropolitana \u2013 SINPES recebeu den\u00fancia no sentido de que a PUCPR pretende aumentar a quantidade de aulas presenciais at\u00e9 o m\u00eas de outubro, exigindo o comparecimento at\u00e9 mesmo de professores e professoras integrantes de grupos de risco. A maioria dos professores\/as j\u00e1 recebeu [&hellip;]<!-- AddThis Advanced Settings generic via filter on wp_trim_excerpt --><!-- AddThis Share Buttons generic via filter on wp_trim_excerpt --><\/p>\n","protected":false},"author":3,"featured_media":0,"comment_status":"closed","ping_status":"open","sticky":false,"template":"","format":"standard","meta":{"footnotes":""},"categories":[7,478,18,13,2],"tags":[756,462,472,755,61,683,636,566],"class_list":["post-3759","post","type-post","status-publish","format-standard","hentry","category-arquivo-de-noticias","category-coronavirus-e-direitos-dos-professores","category-destaque","category-home","category-puc","tag-alunos-da-puc","tag-covid-19","tag-pandemia","tag-professores-e-professoras-da-puc","tag-puc","tag-vacina","tag-vacinacao","tag-volta-as-aulas"],"_links":{"self":[{"href":"https:\/\/sinpes.org.br\/site\/wp-json\/wp\/v2\/posts\/3759","targetHints":{"allow":["GET"]}}],"collection":[{"href":"https:\/\/sinpes.org.br\/site\/wp-json\/wp\/v2\/posts"}],"about":[{"href":"https:\/\/sinpes.org.br\/site\/wp-json\/wp\/v2\/types\/post"}],"author":[{"embeddable":true,"href":"https:\/\/sinpes.org.br\/site\/wp-json\/wp\/v2\/users\/3"}],"replies":[{"embeddable":true,"href":"https:\/\/sinpes.org.br\/site\/wp-json\/wp\/v2\/comments?post=3759"}],"version-history":[{"count":2,"href":"https:\/\/sinpes.org.br\/site\/wp-json\/wp\/v2\/posts\/3759\/revisions"}],"predecessor-version":[{"id":3901,"href":"https:\/\/sinpes.org.br\/site\/wp-json\/wp\/v2\/posts\/3759\/revisions\/3901"}],"wp:attachment":[{"href":"https:\/\/sinpes.org.br\/site\/wp-json\/wp\/v2\/media?parent=3759"}],"wp:term":[{"taxonomy":"category","embeddable":true,"href":"https:\/\/sinpes.org.br\/site\/wp-json\/wp\/v2\/categories?post=3759"},{"taxonomy":"post_tag","embeddable":true,"href":"https:\/\/sinpes.org.br\/site\/wp-json\/wp\/v2\/tags?post=3759"}],"curies":[{"name":"wp","href":"https:\/\/api.w.org\/{rel}","templated":true}]}}