{"id":3754,"date":"2021-09-17T09:45:46","date_gmt":"2021-09-17T12:45:46","guid":{"rendered":"https:\/\/sinpes.org.br\/site\/?p=3754"},"modified":"2021-09-17T09:45:46","modified_gmt":"2021-09-17T12:45:46","slug":"sinpes-convoca-categoria-para-assembleia-geral-virtual","status":"publish","type":"post","link":"https:\/\/sinpes.org.br\/site\/sinpes-convoca-categoria-para-assembleia-geral-virtual\/","title":{"rendered":"Sinpes convoca categoria para Assembleia Geral Virtual"},"content":{"rendered":"<p>O SINPES &#8211; Sindicato dos Professores de Ensino Superior de Curitiba e Regi\u00e3o Metropolitana convoca a categoria para Assembleia Geral Virtual a ser realizada no dia 21.09.2021 \u00e0s 17:30 hrs em primeira convoca\u00e7\u00e3o e 18:00 hrs a segunda convoca\u00e7\u00e3o por meio da plataforma Zoom, com a seguinte ordem do dia:<\/p>\n<p>&#8211; Dar posse \u00e0 diretoria eleita.<\/p>\n<p>&#8211; Assuntos Gerais.<\/p>\n<p>O link, c\u00f3digo e senha para participar da Assembleia estar\u00e3o dispon\u00edveis no site do Sinpes (www.sinpes.org.br) e no Facebook do Sindicato a partir das 13 horas do dia 21.09.2021.<\/p>\n<!-- AddThis Advanced Settings generic via filter on the_content --><!-- AddThis Share Buttons generic via filter on the_content -->","protected":false},"excerpt":{"rendered":"<p>O SINPES &#8211; Sindicato dos Professores de Ensino Superior de Curitiba e Regi\u00e3o Metropolitana convoca a categoria para Assembleia Geral Virtual a ser realizada no dia 21.09.2021 \u00e0s 17:30 hrs em primeira convoca\u00e7\u00e3o e 18:00 hrs a segunda convoca\u00e7\u00e3o por meio da plataforma Zoom, com a seguinte ordem do dia: &#8211; Dar posse \u00e0 diretoria [&hellip;]<!-- AddThis Advanced Settings generic via filter on wp_trim_excerpt --><!-- AddThis Share Buttons generic via filter on wp_trim_excerpt --><\/p>\n","protected":false},"author":3,"featured_media":0,"comment_status":"closed","ping_status":"open","sticky":false,"template":"","format":"standard","meta":{"footnotes":""},"categories":[7,478,18,13],"tags":[305,515,753,754,736],"class_list":["post-3754","post","type-post","status-publish","format-standard","hentry","category-arquivo-de-noticias","category-coronavirus-e-direitos-dos-professores","category-destaque","category-home","tag-assembleia","tag-assembleia-virtual","tag-diretoria-sinpes","tag-eleicoes-sinpes","tag-eleicoes-sinpes-2021"],"_links":{"self":[{"href":"https:\/\/sinpes.org.br\/site\/wp-json\/wp\/v2\/posts\/3754","targetHints":{"allow":["GET"]}}],"collection":[{"href":"https:\/\/sinpes.org.br\/site\/wp-json\/wp\/v2\/posts"}],"about":[{"href":"https:\/\/sinpes.org.br\/site\/wp-json\/wp\/v2\/types\/post"}],"author":[{"embeddable":true,"href":"https:\/\/sinpes.org.br\/site\/wp-json\/wp\/v2\/users\/3"}],"replies":[{"embeddable":true,"href":"https:\/\/sinpes.org.br\/site\/wp-json\/wp\/v2\/comments?post=3754"}],"version-history":[{"count":1,"href":"https:\/\/sinpes.org.br\/site\/wp-json\/wp\/v2\/posts\/3754\/revisions"}],"predecessor-version":[{"id":3755,"href":"https:\/\/sinpes.org.br\/site\/wp-json\/wp\/v2\/posts\/3754\/revisions\/3755"}],"wp:attachment":[{"href":"https:\/\/sinpes.org.br\/site\/wp-json\/wp\/v2\/media?parent=3754"}],"wp:term":[{"taxonomy":"category","embeddable":true,"href":"https:\/\/sinpes.org.br\/site\/wp-json\/wp\/v2\/categories?post=3754"},{"taxonomy":"post_tag","embeddable":true,"href":"https:\/\/sinpes.org.br\/site\/wp-json\/wp\/v2\/tags?post=3754"}],"curies":[{"name":"wp","href":"https:\/\/api.w.org\/{rel}","templated":true}]}}