{"id":3724,"date":"2021-08-26T16:08:15","date_gmt":"2021-08-26T19:08:15","guid":{"rendered":"https:\/\/sinpes.org.br\/site\/?p=3724"},"modified":"2021-08-26T16:08:15","modified_gmt":"2021-08-26T19:08:15","slug":"nota-de-pesar-pelo-falecimento-do-professor-germano-afonso","status":"publish","type":"post","link":"https:\/\/sinpes.org.br\/site\/nota-de-pesar-pelo-falecimento-do-professor-germano-afonso\/","title":{"rendered":"Nota de Pesar pelo falecimento do Professor Germano Afonso"},"content":{"rendered":"<p>O Sindicato dos Professores de Ensino Superior de Curitiba e Regi\u00e3o Metropolitana \u2013 Sinpes lamenta o falecimento do professor Germano Afonso, docente do Mestrado em Educa\u00e7\u00e3o e Novas Tecnologias do Uninter.<\/p>\n<p>Professor Germano, mesmo vacinado com as duas doses do imunizante contra a Covid-19 e recluso desde o in\u00edcio da pandemia, \u00e9 mais uma v\u00edtima da doen\u00e7a como muitos outros docentes que foram acometidos durante a pandemia.<\/p>\n<p>Por isso, o Sinpes refor\u00e7a sua posi\u00e7\u00e3o tomada ainda no in\u00edcio da pandemia de que as aulas presenciais s\u00f3 devem voltar depois da vacina\u00e7\u00e3o da maioria da popula\u00e7\u00e3o brasileira. Com 576.730 \u00f3bitos e 20.645.055 infectados, o Brasil ainda registra uma m\u00e9dia m\u00f3vel de 718 vidas perdidas para a doen\u00e7a todos os dias.<\/p>\n<p><strong>Sobre o professor Germano Afonso<\/strong><\/p>\n<p>Germano Bruno Afonso era P\u00f3s-Doutor em Astronomia pelo Observatoire de la Cote d&#8217;Azur, Fran\u00e7a. Doutor em Astronomia de Posi\u00e7\u00e3o e Mec\u00e2nica Celeste pela Universit\u00e9 Pierre et Marie Curie (Paris VI). Mestre em Ci\u00eancias Geod\u00e9sicas e Graduado em F\u00edsica pela Universidade Federal do Paran\u00e1 onde tamb\u00e9m foi professor titular.\u00a0 Atualmente era professor\/pesquisador do Programa de P\u00f3s-Gradua\u00e7\u00e3o Stricto-Sensu: Mestrado Profissional em Educa\u00e7\u00e3o e Novas Tecnologias do Centro Universit\u00e1rio Internacional UNINTER.<\/p>\n<p>Professor Germando era estudioso da astronomia ind\u00edgena, participou inclusive da s\u00e9rie de document\u00e1rios Hijos de las Estrellas. O filme contou com a participa\u00e7\u00e3o de pesquisadores de v\u00e1rios pa\u00edses, cada um sendo protagonista em um ponto especifico. Afonso foi destaque nas grava\u00e7\u00f5es realizadas no Brasil. As cidades documentadas foram: Curitiba (PR), Florian\u00f3polis (SC) e S\u00e3o Gabriel da Cachoeira (AM).<\/p>\n<p>\u00c0 fam\u00edlia, aos amigos e aos alunos o Sinpes presta seus mais sinceros sentimentos.<\/p>\n<!-- AddThis Advanced Settings generic via filter on the_content --><!-- AddThis Share Buttons generic via filter on the_content -->","protected":false},"excerpt":{"rendered":"<p>O Sindicato dos Professores de Ensino Superior de Curitiba e Regi\u00e3o Metropolitana \u2013 Sinpes lamenta o falecimento do professor Germano Afonso, docente do Mestrado em Educa\u00e7\u00e3o e Novas Tecnologias do Uninter. Professor Germano, mesmo vacinado com as duas doses do imunizante contra a Covid-19 e recluso desde o in\u00edcio da pandemia, \u00e9 mais uma v\u00edtima [&hellip;]<!-- AddThis Advanced Settings generic via filter on wp_trim_excerpt --><!-- AddThis Share Buttons generic via filter on wp_trim_excerpt --><\/p>\n","protected":false},"author":3,"featured_media":0,"comment_status":"closed","ping_status":"open","sticky":false,"template":"","format":"standard","meta":{"footnotes":""},"categories":[7,478,18],"tags":[456,462,513,648,472,636],"class_list":["post-3724","post","type-post","status-publish","format-standard","hentry","category-arquivo-de-noticias","category-coronavirus-e-direitos-dos-professores","category-destaque","tag-coronavirus","tag-covid-19","tag-falecimento","tag-nota-de-pesar","tag-pandemia","tag-vacinacao"],"_links":{"self":[{"href":"https:\/\/sinpes.org.br\/site\/wp-json\/wp\/v2\/posts\/3724","targetHints":{"allow":["GET"]}}],"collection":[{"href":"https:\/\/sinpes.org.br\/site\/wp-json\/wp\/v2\/posts"}],"about":[{"href":"https:\/\/sinpes.org.br\/site\/wp-json\/wp\/v2\/types\/post"}],"author":[{"embeddable":true,"href":"https:\/\/sinpes.org.br\/site\/wp-json\/wp\/v2\/users\/3"}],"replies":[{"embeddable":true,"href":"https:\/\/sinpes.org.br\/site\/wp-json\/wp\/v2\/comments?post=3724"}],"version-history":[{"count":1,"href":"https:\/\/sinpes.org.br\/site\/wp-json\/wp\/v2\/posts\/3724\/revisions"}],"predecessor-version":[{"id":3725,"href":"https:\/\/sinpes.org.br\/site\/wp-json\/wp\/v2\/posts\/3724\/revisions\/3725"}],"wp:attachment":[{"href":"https:\/\/sinpes.org.br\/site\/wp-json\/wp\/v2\/media?parent=3724"}],"wp:term":[{"taxonomy":"category","embeddable":true,"href":"https:\/\/sinpes.org.br\/site\/wp-json\/wp\/v2\/categories?post=3724"},{"taxonomy":"post_tag","embeddable":true,"href":"https:\/\/sinpes.org.br\/site\/wp-json\/wp\/v2\/tags?post=3724"}],"curies":[{"name":"wp","href":"https:\/\/api.w.org\/{rel}","templated":true}]}}