{"id":3706,"date":"2021-08-23T09:05:48","date_gmt":"2021-08-23T12:05:48","guid":{"rendered":"https:\/\/sinpes.org.br\/site\/?p=3706"},"modified":"2021-08-23T09:05:48","modified_gmt":"2021-08-23T12:05:48","slug":"unicesumar-volta-as-aulas-presenciais-obrigatoria-mesmo-com-o-aumento-dos-casos-de-covid-em-curitiba-e-regiao","status":"publish","type":"post","link":"https:\/\/sinpes.org.br\/site\/unicesumar-volta-as-aulas-presenciais-obrigatoria-mesmo-com-o-aumento-dos-casos-de-covid-em-curitiba-e-regiao\/","title":{"rendered":"Unicesumar \u2013 Volta \u00e0s aulas presenciais obrigat\u00f3ria, mesmo com o aumento dos casos de Covid em Curitiba e Regi\u00e3o"},"content":{"rendered":"<p>23\/08\/2021<\/p>\n<p>No \u00faltimo dia 05 o Sinpes noticiou den\u00fancia de que a Unicesumar estaria obrigando seus estudantes a retornar \u00e0s aulas presenciais. Na ocasi\u00e3o, em contato com o sindicato, a m\u00e3e de um aluno da institui\u00e7\u00e3o destacou que o filho \u00e9 bolsista do PROUNI e teme a infec\u00e7\u00e3o pelo Coronav\u00edrus, pois ainda n\u00e3o houve vacina\u00e7\u00e3o para a grande maioria dos estudantes.<\/p>\n<p>Segundo ela demonstrou com mensagens que teriam sido encaminhadas pela Unicesumar, essa institui\u00e7\u00e3o de ensino amea\u00e7a com o registro de faltas os alunos que n\u00e3o voltarem \u00e0s aulas presenciais.<\/p>\n<p>Agora, essa m\u00e3e entra novamente em contato com o sindicato para alertar que as coisas pioraram. Segundo ela, a institui\u00e7\u00e3o enviou comunicado aos estudantes, obrigando todos a retornarem 100% presencialmente a partir do \u00faltimo dia 16.<\/p>\n<p>Na mensagem a institui\u00e7\u00e3o de ensino superior afirma que <em>\u201ca Secretaria de Sa\u00fade do Estado do Paran\u00e1 atualizou as medidas de monitoramento e controle para Covid-19 nas institui\u00e7\u00f5es p\u00fablicas e privadas e com base nessa atualiza\u00e7\u00e3o e ap\u00f3s estudo estrutural identificamos que temos capacidade de receber nossos alunos de forma 100% presencial n\u00e3o sendo mais necess\u00e1rio o revezamento entre grupos\u201d.<\/em><\/p>\n<div id=\"attachment_3707\" style=\"width: 472px\" class=\"wp-caption aligncenter\"><a href=\"https:\/\/sinpes.org.br\/site\/wp-content\/uploads\/2021\/08\/image.png\"><img loading=\"lazy\" decoding=\"async\" aria-describedby=\"caption-attachment-3707\" class=\"wp-image-3707 \" src=\"https:\/\/sinpes.org.br\/site\/wp-content\/uploads\/2021\/08\/image-300x253.png\" alt=\"\" width=\"462\" height=\"390\" srcset=\"https:\/\/sinpes.org.br\/site\/wp-content\/uploads\/2021\/08\/image-300x253.png 300w, https:\/\/sinpes.org.br\/site\/wp-content\/uploads\/2021\/08\/image.png 566w\" sizes=\"auto, (max-width: 462px) 100vw, 462px\" \/><\/a><p id=\"caption-attachment-3707\" class=\"wp-caption-text\">C\u00f3pia da mensagem envida aos estudantes pela Unicesumar<\/p><\/div>\n<p>O governo do estado realmente anunciou no \u00faltimo dia 10 que vai ampliar o n\u00famero de alunos por sala de aula nas escolas que formam a rede p\u00fablica de ensino do Paran\u00e1 e que a medida tamb\u00e9m pode ser replicada nas demais escolas p\u00fablicas (municipais) e na rede privada, do ensino b\u00e1sico e superior. Pela nova orienta\u00e7\u00e3o, o distanciamento entre as carteiras passar\u00e1 de\u00a01,5 metro para 1 metro.<\/p>\n<p>Se por um lado governo do estado e institui\u00e7\u00f5es afrouxam as medidas de seguran\u00e7a contra a Covid -19, por outro existe uma constante alta no n\u00famero de casos novos de Covid em Curitiba e munic\u00edpios do entorno e os \u00f3bitos continuam. E isso j\u00e1 come\u00e7a a refletir na demanda por leitos em hospitais e Unidades de Pronto Atendimento (UPA) destinados para receber pacientes com quadros suspeitos ou confirmados de Covid-19. At\u00e9 a \u00faltima ter\u00e7a-feira (17) quase 77% dos leitos em Unidade de Terapia Intensiva (UTI) estavam ocupados na Grande Curitiba, registrando-se o maior n\u00famero de pessoas demandando cuidados intensivos em quase um m\u00eas.<\/p>\n<p>Conforme informa\u00e7\u00f5es da Secretaria da Sa\u00fade do Paran\u00e1 (Sesa-PR), existem atualmente 714 leitos em UTI no SUS exclusivos para pacientes com casos suspeitos ou confirmados de Covid-19. Desses, 547 est\u00e3o atualmente ocupados, o que d\u00e1 uma taxa de ocupa\u00e7\u00e3o de 76,61%. Trata-se, ainda, do maior n\u00famero de pacientes necessitando de cuidados intensivos desde 20 de julho, quando eram 564 os moradores da RMC internados nesse tipo de leito.<\/p>\n<p>O Sinpes destaca que enquanto todos os professores e alunos n\u00e3o estiverem vacinados com a segunda dose, as atividades escolares da rede privada devem prosseguir\u00a0<em>on line<\/em>, sugest\u00e3o essa acatada por algumas institui\u00e7\u00f5es de ensino superior, como a FESP.<\/p>\n<p>Aquelas que quiserem correr o risco de n\u00e3o adotar essa postura devem facultar aos alunos a possibilidade de retornarem \u00e0 atividade presencial ou n\u00e3o, a exemplo do que ocorre nas redes municipal e estadual de ensino.<\/p>\n<p>O presidente do Sinpes, Valdyr Perrini destaca que at\u00e9 mesmo a a\u00e7odada libera\u00e7\u00e3o pelo Munic\u00edpio de Curitiba de eventos com a presen\u00e7a de at\u00e9 300 pessoas n\u00e3o dispensa os cuidados do distanciamento social, que segundo as imagens que foram encaminhadas ao Sinpes, n\u00e3o estariam sendo adotados pela Unicesumar.<\/p>\n<p>O Sinpes entrou em contato com a Assessoria de Imprensa da Unicesumar pedindo uma nota de esclarecimento sobre a den\u00fancia trazida neste texto. N\u00e3o recebemos resposta.<\/p>\n<!-- AddThis Advanced Settings generic via filter on the_content --><!-- AddThis Share Buttons generic via filter on the_content -->","protected":false},"excerpt":{"rendered":"<p>23\/08\/2021 No \u00faltimo dia 05 o Sinpes noticiou den\u00fancia de que a Unicesumar estaria obrigando seus estudantes a retornar \u00e0s aulas presenciais. Na ocasi\u00e3o, em contato com o sindicato, a m\u00e3e de um aluno da institui\u00e7\u00e3o destacou que o filho \u00e9 bolsista do PROUNI e teme a infec\u00e7\u00e3o pelo Coronav\u00edrus, pois ainda n\u00e3o houve vacina\u00e7\u00e3o [&hellip;]<!-- AddThis Advanced Settings generic via filter on wp_trim_excerpt --><!-- AddThis Share Buttons generic via filter on wp_trim_excerpt --><\/p>\n","protected":false},"author":3,"featured_media":0,"comment_status":"closed","ping_status":"open","sticky":false,"template":"","format":"standard","meta":{"footnotes":""},"categories":[7,478],"tags":[640,740,739,472,468,636,566],"class_list":["post-3706","post","type-post","status-publish","format-standard","hentry","category-arquivo-de-noticias","category-coronavirus-e-direitos-dos-professores","tag-aulas-presenciais","tag-covi-19","tag-denuncia-unicesumar","tag-pandemia","tag-unicesumar","tag-vacinacao","tag-volta-as-aulas"],"_links":{"self":[{"href":"https:\/\/sinpes.org.br\/site\/wp-json\/wp\/v2\/posts\/3706","targetHints":{"allow":["GET"]}}],"collection":[{"href":"https:\/\/sinpes.org.br\/site\/wp-json\/wp\/v2\/posts"}],"about":[{"href":"https:\/\/sinpes.org.br\/site\/wp-json\/wp\/v2\/types\/post"}],"author":[{"embeddable":true,"href":"https:\/\/sinpes.org.br\/site\/wp-json\/wp\/v2\/users\/3"}],"replies":[{"embeddable":true,"href":"https:\/\/sinpes.org.br\/site\/wp-json\/wp\/v2\/comments?post=3706"}],"version-history":[{"count":1,"href":"https:\/\/sinpes.org.br\/site\/wp-json\/wp\/v2\/posts\/3706\/revisions"}],"predecessor-version":[{"id":3708,"href":"https:\/\/sinpes.org.br\/site\/wp-json\/wp\/v2\/posts\/3706\/revisions\/3708"}],"wp:attachment":[{"href":"https:\/\/sinpes.org.br\/site\/wp-json\/wp\/v2\/media?parent=3706"}],"wp:term":[{"taxonomy":"category","embeddable":true,"href":"https:\/\/sinpes.org.br\/site\/wp-json\/wp\/v2\/categories?post=3706"},{"taxonomy":"post_tag","embeddable":true,"href":"https:\/\/sinpes.org.br\/site\/wp-json\/wp\/v2\/tags?post=3706"}],"curies":[{"name":"wp","href":"https:\/\/api.w.org\/{rel}","templated":true}]}}