{"id":3703,"date":"2021-08-18T16:06:16","date_gmt":"2021-08-18T19:06:16","guid":{"rendered":"https:\/\/sinpes.org.br\/site\/?p=3703"},"modified":"2021-08-18T16:06:16","modified_gmt":"2021-08-18T19:06:16","slug":"sinpes-realiza-eleicao-para-diretoria-do-sindicato","status":"publish","type":"post","link":"https:\/\/sinpes.org.br\/site\/sinpes-realiza-eleicao-para-diretoria-do-sindicato\/","title":{"rendered":"SINPES REALIZA ELEI\u00c7\u00c3O PARA DIRETORIA DO SINDICATO"},"content":{"rendered":"<p>O Sindicato dos Professores de Ensino Superior de Curitiba e Regi\u00e3o Metropolitana \u2013 SINPES realiza, entre os dias 23 e 27\/08\/2021, sua elei\u00e7\u00e3o para a composi\u00e7\u00e3o da Diretoria do Sindicato. Podem votar professores e professoras associados do Sinpes que prestam servi\u00e7os em institui\u00e7\u00f5es de ensino superior privado de Curitiba e da Regi\u00e3o Metropolitana.<\/p>\n<p>Apenas uma chapa inscreveu-se, denominada \u201cUni\u00e3o e Mobiliza\u00e7\u00e3o\u201d, com os seguintes integrantes:<\/p>\n<p><strong>CONSELHO ADMINISTRATIVO:<\/strong><\/p>\n<p><strong>TITULARES:<\/strong><\/p>\n<p>PRESIDENTE:<\/p>\n<p><strong>VALDYR ARNALDO LESSNAU PERRINI (Unicuritiba)<\/strong><\/p>\n<p>VICE-PRESIDENTE:<\/p>\n<p><strong>ILDA LOPES WITIUK (Aposentada)<\/strong><\/p>\n<p>SECRET\u00c1RIO GERAL:<\/p>\n<p><strong>CLAUDIO HENRIQUE DE CASTRO (Tuiuti)<\/strong><\/p>\n<p>1\u00aa SECRET\u00c1RIA:<\/p>\n<p><strong>MARIA HELENA LEVISKI ALVES (Aposentada)<\/strong><\/p>\n<p>DIRETOR DE NEGOCIA\u00c7\u00d5ES COLETIVAS:<\/p>\n<p><strong>EDSON FRANCISCO STEIN (Unibrasil)<\/strong><\/p>\n<p>TESOUREIRO GERAL:<\/p>\n<p><strong>BERNARDO KESTRING (Unibrasil)<\/strong><\/p>\n<p>1\u00ba TESOUREIRO:<\/p>\n<p><strong>FREDY ESTUPINAN CARRANZA (FAPI)<\/strong><\/p>\n<p><strong>SUPLENTES:<\/strong><\/p>\n<p>1\u00aa SUPLENTE<\/p>\n<p><strong>SIMONE CRISTIANE HUBERT (PUC)<\/strong><\/p>\n<p>2\u00ba SUPLENTE<\/p>\n<p><strong>CARLOS MAGNO ESTEVES VASCONCELLOS (Unicuritiba e FESP)<\/strong><\/p>\n<p>3\u00aa SUPLENTE<\/p>\n<p><strong>PAULA TALITA COZERO (Unibrasil)<\/strong><\/p>\n<p>4\u00aa SUPLENTE<\/p>\n<p><strong>REGINA PAULISTA FERNANDES REINERT (Uninter)<\/strong><\/p>\n<p>5\u00ba SUPLENTE<\/p>\n<p><strong>CEZAR BUENO DE LIMA (PUC)<\/strong><\/p>\n<p>6\u00ba SUPLENTE<\/p>\n<p><strong>SIDNEI RINALDO PRIOLO FILHO (Tuiuti)<\/strong><\/p>\n<p>7\u00aa SUPLENTE<\/p>\n<p><strong>SANDRA NODARI ROMANO (Positivo)<\/strong><\/p>\n<p><strong><u>CONSELHO FISCAL<\/u><\/strong><\/p>\n<p>1\u00ba TITULAR<\/p>\n<p><strong>LUIZ ALBERTO DE SOUZA ALVES (Aposentado)<\/strong><\/p>\n<p>2\u00ba TITULAR<\/p>\n<p><strong>LUIS ALEXANDRE CARTA WINTER (PUC e Unicuritiba)<\/strong><\/p>\n<p>3\u00ba TITULAR<\/p>\n<p><strong>LUIZ CARLOS BALCEWICZ (Aposentado)<\/strong><\/p>\n<p>1\u00aa SUPLENTE<\/p>\n<p><strong>NEUSA VENDRAMIN VOLPE (Aposentada)<\/strong><\/p>\n<p>2\u00ba SUPLENTE<\/p>\n<p><strong>WAGNER ROCHA D ANGELIS (Aposentado)<\/strong><\/p>\n<p>3\u00ba SUPLENTE<\/p>\n<p><strong>VITORIO SOROTIUK (Aposentado)<\/strong><\/p>\n<p>&nbsp;<\/p>\n<p>Atendendo tradi\u00e7\u00e3o do Sinpes de sempre franquear \u00e0s chapas registradas a oportunidade de manifestarem seus prop\u00f3sitos nos canais de comunica\u00e7\u00e3o do sindicato, os participantes sintetizaram foi oportunizado aos integrantes da chapa sintetizaram seus principais objetivos: conjugar a experi\u00eancia de seus integrantes nas lides sindicais com a necessidade mais que premente de se manter a categoria unida e mobilizada na manuten\u00e7\u00e3o e na conquista de condi\u00e7\u00f5es profissionais condignas.<\/p>\n<p>A vota\u00e7\u00e3o acontecer\u00e1 na sede do Sinpes que fica na Avenida Marechal Deodoro, 869 Conjunto 606, Centro, Curitiba \u2013 PR. Os professores associados poder\u00e3o votar no hor\u00e1rio compreendido entre 7h30m e 21h00m, com intervalo entre 12h00m e 13h00m. Nesse ano n\u00e3o haver\u00e1 urnas itinerantes por raz\u00f5es de seguran\u00e7a sanit\u00e1ria e em face de que a grande maioria das institui\u00e7\u00f5es de ensino prosseguem com atividades virtuais em face de n\u00e3o se encontrar contida a pandemia de coronav\u00edrus que assola a base territorial do Sinpes.<\/p>\n<p>Embora n\u00e3o haja necessidade de cumprimento de qu\u00f3rum para que a chapa seja eleita \u00e9 importante que todos que puderem compare\u00e7am para que se confira cada vez mais legitimidade \u00e0 luta sindical da categoria dos professores do ensino superior.<\/p>\n<p><strong>Mais informa\u00e7\u00f5es:<\/strong><\/p>\n<p>(41) 3225-1041\u00a0\u00a0E-mail: <a href=\"mailto:sinpes@sinpes.org.br\">sinpes@sinpes.org.br<\/a><\/p>\n<!-- AddThis Advanced Settings generic via filter on the_content --><!-- AddThis Share Buttons generic via filter on the_content -->","protected":false},"excerpt":{"rendered":"<p>O Sindicato dos Professores de Ensino Superior de Curitiba e Regi\u00e3o Metropolitana \u2013 SINPES realiza, entre os dias 23 e 27\/08\/2021, sua elei\u00e7\u00e3o para a composi\u00e7\u00e3o da Diretoria do Sindicato. Podem votar professores e professoras associados do Sinpes que prestam servi\u00e7os em institui\u00e7\u00f5es de ensino superior privado de Curitiba e da Regi\u00e3o Metropolitana. Apenas uma [&hellip;]<!-- AddThis Advanced Settings generic via filter on wp_trim_excerpt --><!-- AddThis Share Buttons generic via filter on wp_trim_excerpt --><\/p>\n","protected":false},"author":3,"featured_media":0,"comment_status":"closed","ping_status":"open","sticky":false,"template":"","format":"standard","meta":{"footnotes":""},"categories":[7,478,18,13],"tags":[737,320,203,735,736,738,538],"class_list":["post-3703","post","type-post","status-publish","format-standard","hentry","category-arquivo-de-noticias","category-coronavirus-e-direitos-dos-professores","category-destaque","category-home","tag-chapa-uniao-e-mobilizacao","tag-diretoria","tag-eleicoes","tag-eleicoes-no-sinpes","tag-eleicoes-sinpes-2021","tag-pleito-2021","tag-votacao"],"_links":{"self":[{"href":"https:\/\/sinpes.org.br\/site\/wp-json\/wp\/v2\/posts\/3703","targetHints":{"allow":["GET"]}}],"collection":[{"href":"https:\/\/sinpes.org.br\/site\/wp-json\/wp\/v2\/posts"}],"about":[{"href":"https:\/\/sinpes.org.br\/site\/wp-json\/wp\/v2\/types\/post"}],"author":[{"embeddable":true,"href":"https:\/\/sinpes.org.br\/site\/wp-json\/wp\/v2\/users\/3"}],"replies":[{"embeddable":true,"href":"https:\/\/sinpes.org.br\/site\/wp-json\/wp\/v2\/comments?post=3703"}],"version-history":[{"count":1,"href":"https:\/\/sinpes.org.br\/site\/wp-json\/wp\/v2\/posts\/3703\/revisions"}],"predecessor-version":[{"id":3704,"href":"https:\/\/sinpes.org.br\/site\/wp-json\/wp\/v2\/posts\/3703\/revisions\/3704"}],"wp:attachment":[{"href":"https:\/\/sinpes.org.br\/site\/wp-json\/wp\/v2\/media?parent=3703"}],"wp:term":[{"taxonomy":"category","embeddable":true,"href":"https:\/\/sinpes.org.br\/site\/wp-json\/wp\/v2\/categories?post=3703"},{"taxonomy":"post_tag","embeddable":true,"href":"https:\/\/sinpes.org.br\/site\/wp-json\/wp\/v2\/tags?post=3703"}],"curies":[{"name":"wp","href":"https:\/\/api.w.org\/{rel}","templated":true}]}}