{"id":37,"date":"2014-01-23T22:48:27","date_gmt":"2014-01-24T00:48:27","guid":{"rendered":"http:\/\/sinpes.org.br\/site\/?p=37"},"modified":"2015-10-29T16:18:09","modified_gmt":"2015-10-29T18:18:09","slug":"avisos-aos-professores-da-espirita","status":"publish","type":"post","link":"https:\/\/sinpes.org.br\/site\/avisos-aos-professores-da-espirita\/","title":{"rendered":"Avisos aos professores da esp\u00edrita"},"content":{"rendered":"<p class=\"style11\" style=\"text-align: justify;\">MESA REDONDA<\/p>\n<p style=\"text-align: justify;\">O Sinpes promove nesta quinta-feira, 23\/01\/14, uma mesa redonda para discutir a quest\u00e3o da demiss\u00e3o coletiva dos professores da \u201cFaculdades Integradas Esp\u00edrita\u201d, j\u00e1 que somente \u00e9 v\u00e1lido esse procedimento se houver negocia\u00e7\u00e3o coletiva pr\u00e9via, o que n\u00e3o foi observado no caso concreto.<\/p>\n<p style=\"text-align: justify;\">Hora: 14 horas<\/p>\n<p style=\"text-align: justify;\">Local: Superintend\u00eancia Regional do Trabalho e Emprego (antiga DRT)\u00a0&#8211; Rua Jos\u00e9 Loureiro, 574, Centro<\/p>\n<p class=\"style11\" style=\"text-align: justify;\">REUNI\u00c3O COM PROFESSORES DA ESP\u00cdRITA<\/p>\n<p style=\"text-align: justify;\">Nesta sexta-feira, 24\/01\/14, o Sinpes recebe tanto os professores que foram demitidos no final de 2013 como os que j\u00e1 haviam se desligado da institui\u00e7\u00e3o anteriormente para uma reuni\u00e3o, a fim de discutir a atitude da institui\u00e7\u00e3o de ensino de demitir e recontratar professores com sal\u00e1rios menores. Essa pr\u00e1tica se daria de forma \u201cfraudulenta\u201d, j\u00e1 que a pr\u00f3pria dire\u00e7\u00e3o da faculdade admitiu que teria orientado os professores a entrarem com uma a\u00e7\u00e3o coletiva, sem comunica\u00e7\u00e3o ao sindicato, prejudicando as centenas de execu\u00e7\u00f5es que j\u00e1 se encontram em andamento, al\u00e9m dos pr\u00f3prios professores envolvidos na a\u00e7\u00e3o.<\/p>\n<p style=\"text-align: justify;\">Hora: 14h:30min<\/p>\n<p style=\"text-align: justify;\">Local: HOTEL DEVILLE\u00a0CURITIBA<br \/>\nRua: Comendador Ara\u00fajo, 99 \u2013 Centro.<\/p>\n<p class=\"style11\" style=\"text-align: justify;\">PARA MAIS INFORMA\u00c7\u00d5ES:<\/p>\n<p style=\"text-align: justify;\">Sinpes &#8211; Sindicato de Professores de Ensino Superior de Curitiba e Regi\u00e3o Metropolitana<br \/>\nEndere\u00e7o: Rua Marechal Deodoro, 869, sala 606 \u2013 Curitiba \u2013 PR<br \/>\nFone: 3225-1041 ou 3323-6867<br \/>\n<a href=\"http:\/\/www.sinpes.org.br\">www.sinpes.org.br<\/a><br \/>\n<a href=\"mailto:sinpes@sinpes.org.br\">sinpes@sinpes.org.br<\/a><\/p>\n<!-- AddThis Advanced Settings generic via filter on the_content --><!-- AddThis Share Buttons generic via filter on the_content -->","protected":false},"excerpt":{"rendered":"<p>MESA REDONDA O Sinpes promove nesta quinta-feira, 23\/01\/14, uma mesa redonda para discutir a quest\u00e3o da demiss\u00e3o coletiva dos professores da \u201cFaculdades Integradas Esp\u00edrita\u201d, j\u00e1 que somente \u00e9 v\u00e1lido esse procedimento se houver negocia\u00e7\u00e3o coletiva pr\u00e9via, o que n\u00e3o foi observado no caso concreto. Hora: 14 horas Local: Superintend\u00eancia Regional do Trabalho e Emprego (antiga [&hellip;]<!-- AddThis Advanced Settings generic via filter on wp_trim_excerpt --><!-- AddThis Share Buttons generic via filter on wp_trim_excerpt --><\/p>\n","protected":false},"author":2,"featured_media":0,"comment_status":"closed","ping_status":"open","sticky":false,"template":"","format":"standard","meta":{"footnotes":""},"categories":[3],"tags":[44,22],"class_list":["post-37","post","type-post","status-publish","format-standard","hentry","category-espirita","tag-espirita","tag-professores"],"_links":{"self":[{"href":"https:\/\/sinpes.org.br\/site\/wp-json\/wp\/v2\/posts\/37","targetHints":{"allow":["GET"]}}],"collection":[{"href":"https:\/\/sinpes.org.br\/site\/wp-json\/wp\/v2\/posts"}],"about":[{"href":"https:\/\/sinpes.org.br\/site\/wp-json\/wp\/v2\/types\/post"}],"author":[{"embeddable":true,"href":"https:\/\/sinpes.org.br\/site\/wp-json\/wp\/v2\/users\/2"}],"replies":[{"embeddable":true,"href":"https:\/\/sinpes.org.br\/site\/wp-json\/wp\/v2\/comments?post=37"}],"version-history":[{"count":2,"href":"https:\/\/sinpes.org.br\/site\/wp-json\/wp\/v2\/posts\/37\/revisions"}],"predecessor-version":[{"id":39,"href":"https:\/\/sinpes.org.br\/site\/wp-json\/wp\/v2\/posts\/37\/revisions\/39"}],"wp:attachment":[{"href":"https:\/\/sinpes.org.br\/site\/wp-json\/wp\/v2\/media?parent=37"}],"wp:term":[{"taxonomy":"category","embeddable":true,"href":"https:\/\/sinpes.org.br\/site\/wp-json\/wp\/v2\/categories?post=37"},{"taxonomy":"post_tag","embeddable":true,"href":"https:\/\/sinpes.org.br\/site\/wp-json\/wp\/v2\/tags?post=37"}],"curies":[{"name":"wp","href":"https:\/\/api.w.org\/{rel}","templated":true}]}}