{"id":3692,"date":"2021-08-06T11:13:10","date_gmt":"2021-08-06T14:13:10","guid":{"rendered":"https:\/\/sinpes.org.br\/site\/?p=3692"},"modified":"2021-08-06T11:13:10","modified_gmt":"2021-08-06T14:13:10","slug":"conheca-as-acoes-judiciais-do-sinpes","status":"publish","type":"post","link":"https:\/\/sinpes.org.br\/site\/conheca-as-acoes-judiciais-do-sinpes\/","title":{"rendered":"Conhe\u00e7a as a\u00e7\u00f5es judiciais do Sinpes"},"content":{"rendered":"<p>Em s\u00e9rie de v\u00eddeos o Sindicato dos Professores de Ensino Superior de Curitiba e Regi\u00e3o Metropolitana &#8211; SINPES destaca a professores e professoras as diversas a\u00e7\u00f5es ajuizadas pelo sindicato como substituto processual. Nesta primeira s\u00e9rie um apanhado das a\u00e7\u00f5es relativas \u00e0 Pontif\u00edcia Universidade Cat\u00f3lica do Paran\u00e1.<\/p>\n<p><strong>V\u00eddeo I<\/strong><\/p>\n<p>Neste primeiro v\u00eddeo o presidente do Sinpes, Valdyr Perrini, traz um tutorial para localizar no site do sindicato\u00a0 as a\u00e7\u00f5es que interessam e manter-se atualizado e tamb\u00e9m uma s\u00edntese das prerrogativas do sindicato como substituto processual;<\/p>\n<div class=\"epyt-video-wrapper\"><iframe loading=\"lazy\"  style=\"display: block; margin: 0px auto;\"  id=\"_ytid_30269\"  width=\"480\" height=\"270\"  data-origwidth=\"480\" data-origheight=\"270\" src=\"https:\/\/www.youtube.com\/embed\/ylUTncZnZmQ?enablejsapi=1&#038;autoplay=1&#038;cc_load_policy=0&#038;cc_lang_pref=&#038;iv_load_policy=1&#038;loop=0&#038;rel=1&#038;fs=1&#038;playsinline=0&#038;autohide=2&#038;theme=dark&#038;color=red&#038;controls=1&#038;disablekb=0&#038;\" class=\"__youtube_prefs__  epyt-is-override  no-lazyload\" title=\"YouTube player\"  allow=\"fullscreen; accelerometer; autoplay; clipboard-write; encrypted-media; gyroscope; picture-in-picture; web-share\" referrerpolicy=\"strict-origin-when-cross-origin\" allowfullscreen data-no-lazy=\"1\" data-skipgform_ajax_framebjll=\"\"><\/iframe><\/div>\n<p>&nbsp;<\/p>\n<p><strong>V\u00eddeo II<\/strong><\/p>\n<p>No segundo v\u00eddeo, o presidente do Sinpes Valdyr Perrini traz um breve hist\u00f3rico das a\u00e7\u00f5es do Sinpes como substituto processual e dos resultados obtidos desde 1991;<\/p>\n<div class=\"epyt-video-wrapper\"><iframe loading=\"lazy\"  style=\"display: block; margin: 0px auto;\"  id=\"_ytid_33096\"  width=\"480\" height=\"270\"  data-origwidth=\"480\" data-origheight=\"270\" src=\"https:\/\/www.youtube.com\/embed\/Sn0WzmtgTp4?enablejsapi=1&#038;autoplay=1&#038;cc_load_policy=0&#038;cc_lang_pref=&#038;iv_load_policy=1&#038;loop=0&#038;rel=1&#038;fs=1&#038;playsinline=0&#038;autohide=2&#038;theme=dark&#038;color=red&#038;controls=1&#038;disablekb=0&#038;\" class=\"__youtube_prefs__  epyt-is-override  no-lazyload\" title=\"YouTube player\"  allow=\"fullscreen; accelerometer; autoplay; clipboard-write; encrypted-media; gyroscope; picture-in-picture; web-share\" referrerpolicy=\"strict-origin-when-cross-origin\" allowfullscreen data-no-lazy=\"1\" data-skipgform_ajax_framebjll=\"\"><\/iframe><\/div>\n<p>&nbsp;<\/p>\n<p><strong>V\u00eddeo III<\/strong><\/p>\n<p>Neste terceiro v\u00eddeo, o presidente do Sinpes Valdyr Perrini destaca a a\u00e7\u00e3o de Equipara\u00e7\u00e3o dos professores que lecionavam nos cursos mantidos mediante interc\u00e2mbio entre a PUCPR e o Teatro Gua\u00edra;<\/p>\n<div class=\"epyt-video-wrapper\"><iframe loading=\"lazy\"  style=\"display: block; margin: 0px auto;\"  id=\"_ytid_52793\"  width=\"480\" height=\"270\"  data-origwidth=\"480\" data-origheight=\"270\" src=\"https:\/\/www.youtube.com\/embed\/U2fFsPOaJCY?enablejsapi=1&#038;autoplay=1&#038;cc_load_policy=0&#038;cc_lang_pref=&#038;iv_load_policy=1&#038;loop=0&#038;rel=1&#038;fs=1&#038;playsinline=0&#038;autohide=2&#038;theme=dark&#038;color=red&#038;controls=1&#038;disablekb=0&#038;\" class=\"__youtube_prefs__  epyt-is-override  no-lazyload\" title=\"YouTube player\"  allow=\"fullscreen; accelerometer; autoplay; clipboard-write; encrypted-media; gyroscope; picture-in-picture; web-share\" referrerpolicy=\"strict-origin-when-cross-origin\" allowfullscreen data-no-lazy=\"1\" data-skipgform_ajax_framebjll=\"\"><\/iframe><\/div>\n<p><strong>V\u00eddeo IV<\/strong><\/p>\n<p>No quarto v\u00eddeo, o presidente do Sinpes Valdyr Perrini fala sobre a a\u00e7\u00e3o de manuten\u00e7\u00e3o dos Planos de Sa\u00fade da Unimed dos professores inativos que tiveram seus direitos suspensos em setembro de 2016;<\/p>\n<div class=\"epyt-video-wrapper\"><iframe loading=\"lazy\"  style=\"display: block; margin: 0px auto;\"  id=\"_ytid_26619\"  width=\"480\" height=\"270\"  data-origwidth=\"480\" data-origheight=\"270\" src=\"https:\/\/www.youtube.com\/embed\/GGAYNaF0YB8?enablejsapi=1&#038;autoplay=1&#038;cc_load_policy=0&#038;cc_lang_pref=&#038;iv_load_policy=1&#038;loop=0&#038;rel=1&#038;fs=1&#038;playsinline=0&#038;autohide=2&#038;theme=dark&#038;color=red&#038;controls=1&#038;disablekb=0&#038;\" class=\"__youtube_prefs__  epyt-is-override  no-lazyload\" title=\"YouTube player\"  allow=\"fullscreen; accelerometer; autoplay; clipboard-write; encrypted-media; gyroscope; picture-in-picture; web-share\" referrerpolicy=\"strict-origin-when-cross-origin\" allowfullscreen data-no-lazy=\"1\" data-skipgform_ajax_framebjll=\"\"><\/iframe><\/div>\n<p><strong>V\u00eddeo V<\/strong><\/p>\n<p>Neste quinto v\u00eddeo, o presidente do Sinpes Valdyr Perrini fala sobre a a\u00e7\u00e3o dos Reflexos das horas aulas e das horas de coordena\u00e7\u00e3o recebidas pelo trabalho nos cursos de Especializa\u00e7\u00e3o.<\/p>\n<div class=\"epyt-video-wrapper\"><iframe loading=\"lazy\"  style=\"display: block; margin: 0px auto;\"  id=\"_ytid_45421\"  width=\"480\" height=\"270\"  data-origwidth=\"480\" data-origheight=\"270\" src=\"https:\/\/www.youtube.com\/embed\/GGAYNaF0YB8?enablejsapi=1&#038;autoplay=1&#038;cc_load_policy=0&#038;cc_lang_pref=&#038;iv_load_policy=1&#038;loop=0&#038;rel=1&#038;fs=1&#038;playsinline=0&#038;autohide=2&#038;theme=dark&#038;color=red&#038;controls=1&#038;disablekb=0&#038;\" class=\"__youtube_prefs__  epyt-is-override  no-lazyload\" title=\"YouTube player\"  allow=\"fullscreen; accelerometer; autoplay; clipboard-write; encrypted-media; gyroscope; picture-in-picture; web-share\" referrerpolicy=\"strict-origin-when-cross-origin\" allowfullscreen data-no-lazy=\"1\" data-skipgform_ajax_framebjll=\"\"><\/iframe><\/div>\n<p>&nbsp;<\/p>\n<p>Assine o canal do Sinpes e acompanhe todas as novidades do Sindicato: <a href=\"https:\/\/www.youtube.com\/channel\/UC6YGO27VsG2mNMhpD38DDPQ\">https:\/\/www.youtube.com\/channel\/UC6YGO27VsG2mNMhpD38DDPQ<\/a><\/p>\n<!-- AddThis Advanced Settings generic via filter on the_content --><!-- AddThis Share Buttons generic via filter on the_content -->","protected":false},"excerpt":{"rendered":"<p>Em s\u00e9rie de v\u00eddeos o Sindicato dos Professores de Ensino Superior de Curitiba e Regi\u00e3o Metropolitana &#8211; SINPES destaca a professores e professoras as diversas a\u00e7\u00f5es ajuizadas pelo sindicato como substituto processual. Nesta primeira s\u00e9rie um apanhado das a\u00e7\u00f5es relativas \u00e0 Pontif\u00edcia Universidade Cat\u00f3lica do Paran\u00e1. V\u00eddeo I Neste primeiro v\u00eddeo o presidente do Sinpes, [&hellip;]<!-- AddThis Advanced Settings generic via filter on wp_trim_excerpt --><!-- AddThis Share Buttons generic via filter on wp_trim_excerpt --><\/p>\n","protected":false},"author":3,"featured_media":0,"comment_status":"closed","ping_status":"open","sticky":false,"template":"","format":"standard","meta":{"footnotes":""},"categories":[7,478,18,13,2],"tags":[43,598,728,390,281,61,257,729,480],"class_list":["post-3692","post","type-post","status-publish","format-standard","hentry","category-arquivo-de-noticias","category-coronavirus-e-direitos-dos-professores","category-destaque","category-home","category-puc","tag-acoes","tag-acoes-judiciais","tag-acoes-puc","tag-acordos","tag-direitos-dos-professores","tag-puc","tag-puc-pr","tag-sinpes-30-anos","tag-videos"],"_links":{"self":[{"href":"https:\/\/sinpes.org.br\/site\/wp-json\/wp\/v2\/posts\/3692","targetHints":{"allow":["GET"]}}],"collection":[{"href":"https:\/\/sinpes.org.br\/site\/wp-json\/wp\/v2\/posts"}],"about":[{"href":"https:\/\/sinpes.org.br\/site\/wp-json\/wp\/v2\/types\/post"}],"author":[{"embeddable":true,"href":"https:\/\/sinpes.org.br\/site\/wp-json\/wp\/v2\/users\/3"}],"replies":[{"embeddable":true,"href":"https:\/\/sinpes.org.br\/site\/wp-json\/wp\/v2\/comments?post=3692"}],"version-history":[{"count":1,"href":"https:\/\/sinpes.org.br\/site\/wp-json\/wp\/v2\/posts\/3692\/revisions"}],"predecessor-version":[{"id":3693,"href":"https:\/\/sinpes.org.br\/site\/wp-json\/wp\/v2\/posts\/3692\/revisions\/3693"}],"wp:attachment":[{"href":"https:\/\/sinpes.org.br\/site\/wp-json\/wp\/v2\/media?parent=3692"}],"wp:term":[{"taxonomy":"category","embeddable":true,"href":"https:\/\/sinpes.org.br\/site\/wp-json\/wp\/v2\/categories?post=3692"},{"taxonomy":"post_tag","embeddable":true,"href":"https:\/\/sinpes.org.br\/site\/wp-json\/wp\/v2\/tags?post=3692"}],"curies":[{"name":"wp","href":"https:\/\/api.w.org\/{rel}","templated":true}]}}