{"id":3679,"date":"2021-08-05T09:34:00","date_gmt":"2021-08-05T12:34:00","guid":{"rendered":"https:\/\/sinpes.org.br\/site\/?p=3679"},"modified":"2021-08-05T09:36:07","modified_gmt":"2021-08-05T12:36:07","slug":"unicesumar-retorno-obrigatorio-com-aglomeracoes","status":"publish","type":"post","link":"https:\/\/sinpes.org.br\/site\/unicesumar-retorno-obrigatorio-com-aglomeracoes\/","title":{"rendered":"UNICESUMAR \u2013 RETORNO OBRIGAT\u00d3RIO COM AGLOMERA\u00c7\u00d5ES"},"content":{"rendered":"<p><strong>05\/08\/2021\u00a0<\/strong><\/p>\n<p>O Sindicato dos Professores de Ensino Superior de Curitiba e Regi\u00e3o Metropolitana \u2013 SINPES, recebeu den\u00fancia de que a Unicesumar estaria obrigando seus estudantes a retornar \u00e0s aulas presenciais.<\/p>\n<p>Em contato com o sindicato, a m\u00e3e de um aluno da institui\u00e7\u00e3o destacou que o filho \u00e9 bolsista do PROUNI e teme a infec\u00e7\u00e3o pelo Coronav\u00edrus, pois ainda n\u00e3o houve vacina\u00e7\u00e3o para a grande maioria dos estudantes.<\/p>\n<p>Segundo ela demonstrou com mensagens que teriam sido encaminhadas pela Unicesumar, essa institui\u00e7\u00e3o de ensino amea\u00e7a com o registro de faltas os alunos que n\u00e3o voltarem \u00e0s aulas presenciais nos seguintes termos (com as agress\u00f5es ao vern\u00e1culo e destaques do texto encaminhado):<\/p>\n<p>\u201cO aluno que n\u00e3o quiser ir \u00e0s aulas presenciais <strong>sem atestado ir\u00e1 assumir faltas\u201d.<\/strong><\/p>\n<p>\u201cAtestado: Aluno deve solicitar ao m\u00e9dico um atestado informando que deve permanecer estudando <em>on line <\/em>e o motivo que precisa, a Unicesumar tem um comit\u00e9 em Maring\u00e1 que ir\u00e1 analisar a solicita\u00e7\u00e3o via Studeo (Se \u00e9 verdadeiro e se est\u00e1 com as informa\u00e7\u00f5es necess\u00e1rias para aprova\u00e7\u00e3o ou n\u00e3o da solicita\u00e7\u00e3o\u201d<\/p>\n<p>\u201cProfessores ir\u00e3o ter em m\u00e3os os grupos e quem for do grupo que deveria estar presente e estiver EAD, vai receber falta\u201d.<\/p>\n<p><strong>\u201cDO DIA 29 DE JULHO A 04 DE AGOSTO: <\/strong>Foodtruck e DJ na \u00e1rea externa fora dos hor\u00e1rios de aula, para nos recepcionar novamente.\u201d<\/p>\n<div id=\"attachment_3680\" style=\"width: 418px\" class=\"wp-caption aligncenter\"><a href=\"https:\/\/sinpes.org.br\/site\/wp-content\/uploads\/2021\/08\/image-1.png\"><img loading=\"lazy\" decoding=\"async\" aria-describedby=\"caption-attachment-3680\" class=\" wp-image-3680\" src=\"https:\/\/sinpes.org.br\/site\/wp-content\/uploads\/2021\/08\/image-1-271x300.png\" alt=\"\" width=\"408\" height=\"452\" srcset=\"https:\/\/sinpes.org.br\/site\/wp-content\/uploads\/2021\/08\/image-1-271x300.png 271w, https:\/\/sinpes.org.br\/site\/wp-content\/uploads\/2021\/08\/image-1.png 621w\" sizes=\"auto, (max-width: 408px) 100vw, 408px\" \/><\/a><p id=\"caption-attachment-3680\" class=\"wp-caption-text\">C\u00f3pia de mensagem da Unicesumar encaminhada ao sindicato pela m\u00e3e de um dos alunos.<\/p><\/div>\n<p>A foto abaixo encaminhada ao Sinpes mostram que a Unicesumar n\u00e3o tem conseguido coibir a aglomera\u00e7\u00e3o dos alunos, embora os mesmos posem para as fotografias com as suas respectivas m\u00e1scaras.<\/p>\n<p><a href=\"https:\/\/sinpes.org.br\/site\/wp-content\/uploads\/2021\/08\/1.jpg\"><img loading=\"lazy\" decoding=\"async\" class=\"aligncenter wp-image-3681\" src=\"https:\/\/sinpes.org.br\/site\/wp-content\/uploads\/2021\/08\/1-300x300.jpg\" alt=\"\" width=\"373\" height=\"373\" srcset=\"https:\/\/sinpes.org.br\/site\/wp-content\/uploads\/2021\/08\/1-300x300.jpg 300w, https:\/\/sinpes.org.br\/site\/wp-content\/uploads\/2021\/08\/1-1024x1024.jpg 1024w, https:\/\/sinpes.org.br\/site\/wp-content\/uploads\/2021\/08\/1-150x150.jpg 150w, https:\/\/sinpes.org.br\/site\/wp-content\/uploads\/2021\/08\/1-768x768.jpg 768w, https:\/\/sinpes.org.br\/site\/wp-content\/uploads\/2021\/08\/1.jpg 1080w\" sizes=\"auto, (max-width: 373px) 100vw, 373px\" \/><\/a><\/p>\n<p>O Sinpes destaca que enquanto todos os professores e alunos n\u00e3o estiverem vacinados com a segunda dose, as atividades escolares da rede privada devem prosseguir <em>on line<\/em>, sugest\u00e3o j\u00e1 adotada por algumas institui\u00e7\u00f5es de ensino superior, como a FESP.<\/p>\n<p>Aquelas que quiserem correr o risco de n\u00e3o adotar essa postura devem facultar aos alunos a possibilidade de retornarem \u00e0 atividade presencial ou n\u00e3o, a exemplo do que ocorre nas redes municipal e estadual de ensino.<\/p>\n<p>O presidente do Sinpes, Valdyr Perrini destaca que a a\u00e7odada libera\u00e7\u00e3o pelo Munic\u00edpio de Curitiba de eventos com a presen\u00e7a de at\u00e9 300 pessoas n\u00e3o dispensa os cuidados do distanciamento social, que segundo as imagens que foram encaminhadas ao Sinpes, n\u00e3o estariam sendo adotados pela Unicesumar.<\/p>\n<p>Em Curitiba, o n\u00famero de casos de contamina\u00e7\u00e3o pelo Coronav\u00edrus tem ca\u00eddo nas \u00faltimas semanas. Por outro lado, o n\u00famero de \u00f3bitos causados por complica\u00e7\u00f5es em decorr\u00eancia da doen\u00e7a voltou a subir ap\u00f3s quatro redu\u00e7\u00f5es consecutivas, o que sugere cautela para todos.<\/p>\n<p>Na semana passada o Sinpes ajuizou a\u00e7\u00e3o civil p\u00fablica de n\u00famero 0000601-84-2021.5.09.0651 contra a Unicesumar pleiteando indeniza\u00e7\u00e3o pelos preju\u00edzos causados pela ado\u00e7\u00e3o da sistem\u00e1tica de <em>home-office<\/em>, pagamento de adicional noturno e indeniza\u00e7\u00e3o por danos morais em face do recebimento, pelos professores, de um <em>kit-covid <\/em>recomendando provid\u00eancias cientificamente refutadas pela Organiza\u00e7\u00e3o Mundial de Sa\u00fade.<\/p>\n<p>Por entender que o retorno obrigat\u00f3rio dos alunos agrava o risco dos professores, que na sua maioria ainda n\u00e3o tomaram a segunda dose da vacina e, portanto, exacerba os danos morais sofridos pelo corpo docente, o Sinpes aditar\u00e1 a peti\u00e7\u00e3o inicial registrando mais esse desatino institucional da Unicesumar.<\/p>\n<p><strong>O Sindicato entrou em contato com a Assessoria de Imprensa da Unicesumar para pedir uma nota de esclarecimento sobre as den\u00fancias trazidas neste texto. Mas at\u00e9 a publica\u00e7\u00e3o do mesmo n\u00e3o tinha recebido resposta.\u00a0<\/strong><\/p>\n<!-- AddThis Advanced Settings generic via filter on the_content --><!-- AddThis Share Buttons generic via filter on the_content -->","protected":false},"excerpt":{"rendered":"<p>05\/08\/2021\u00a0 O Sindicato dos Professores de Ensino Superior de Curitiba e Regi\u00e3o Metropolitana \u2013 SINPES, recebeu den\u00fancia de que a Unicesumar estaria obrigando seus estudantes a retornar \u00e0s aulas presenciais. Em contato com o sindicato, a m\u00e3e de um aluno da institui\u00e7\u00e3o destacou que o filho \u00e9 bolsista do PROUNI e teme a infec\u00e7\u00e3o pelo [&hellip;]<!-- AddThis Advanced Settings generic via filter on wp_trim_excerpt --><!-- AddThis Share Buttons generic via filter on wp_trim_excerpt --><\/p>\n","protected":false},"author":3,"featured_media":0,"comment_status":"closed","ping_status":"open","sticky":false,"template":"","format":"standard","meta":{"footnotes":""},"categories":[7,478,18,13],"tags":[727,640,671,462,472,468,636,566],"class_list":["post-3679","post","type-post","status-publish","format-standard","hentry","category-arquivo-de-noticias","category-coronavirus-e-direitos-dos-professores","category-destaque","category-home","tag-aglomeracoes","tag-aulas-presenciais","tag-aulas-remotas","tag-covid-19","tag-pandemia","tag-unicesumar","tag-vacinacao","tag-volta-as-aulas"],"_links":{"self":[{"href":"https:\/\/sinpes.org.br\/site\/wp-json\/wp\/v2\/posts\/3679","targetHints":{"allow":["GET"]}}],"collection":[{"href":"https:\/\/sinpes.org.br\/site\/wp-json\/wp\/v2\/posts"}],"about":[{"href":"https:\/\/sinpes.org.br\/site\/wp-json\/wp\/v2\/types\/post"}],"author":[{"embeddable":true,"href":"https:\/\/sinpes.org.br\/site\/wp-json\/wp\/v2\/users\/3"}],"replies":[{"embeddable":true,"href":"https:\/\/sinpes.org.br\/site\/wp-json\/wp\/v2\/comments?post=3679"}],"version-history":[{"count":2,"href":"https:\/\/sinpes.org.br\/site\/wp-json\/wp\/v2\/posts\/3679\/revisions"}],"predecessor-version":[{"id":3683,"href":"https:\/\/sinpes.org.br\/site\/wp-json\/wp\/v2\/posts\/3679\/revisions\/3683"}],"wp:attachment":[{"href":"https:\/\/sinpes.org.br\/site\/wp-json\/wp\/v2\/media?parent=3679"}],"wp:term":[{"taxonomy":"category","embeddable":true,"href":"https:\/\/sinpes.org.br\/site\/wp-json\/wp\/v2\/categories?post=3679"},{"taxonomy":"post_tag","embeddable":true,"href":"https:\/\/sinpes.org.br\/site\/wp-json\/wp\/v2\/tags?post=3679"}],"curies":[{"name":"wp","href":"https:\/\/api.w.org\/{rel}","templated":true}]}}