{"id":3669,"date":"2021-07-27T11:36:47","date_gmt":"2021-07-27T14:36:47","guid":{"rendered":"https:\/\/sinpes.org.br\/site\/?p=3669"},"modified":"2021-07-27T21:51:20","modified_gmt":"2021-07-28T00:51:20","slug":"professores-podem-votar-pela-aprovacao-de-proposta-discutida-em-assembleia-do-sinpes","status":"publish","type":"post","link":"https:\/\/sinpes.org.br\/site\/professores-podem-votar-pela-aprovacao-de-proposta-discutida-em-assembleia-do-sinpes\/","title":{"rendered":"Professores podem votar pela aprova\u00e7\u00e3o de proposta discutida em Assembleia do Sinpes"},"content":{"rendered":"<p><strong>27\/07\/2021\u00a0<\/strong><\/p>\n<p>Nesta segunda-feira (26\/07), o Sinpes promoveu uma Assembleia Geral Virtual com professores e professoras do ensino superior privado de Curitiba e Regi\u00e3o Metropolitana. No evento, o sindicato apresentou o resultado da negocia\u00e7\u00e3o entabulada com o SINEPE, submetendo \u00e0 categoria a proposta patronal de pagamento de abono equivalente \u00e0 reposi\u00e7\u00e3o da deprecia\u00e7\u00e3o da moeda mensurada pelo INPC no per\u00edodo compreendido entre mar\u00e7o de 2020 e fevereiro de 2021 mais contribui\u00e7\u00e3o negocial.<\/p>\n<p>Os professores e professoras do ensino superior privado devem registrar sua presen\u00e7a ao evento e votar pela aprova\u00e7\u00e3o ou n\u00e3o da proposta apresentada pela Diretoria do Sinpes na Assembleia at\u00e9 23h59 desta quarta-feira (28\/07), mediante encaminhamento de e-mail para \u00a0<a href=\"mailto:comunicacao@sinpes.org.br\">comunicacao@sinpes.org.br<\/a>.<\/p>\n<p>A assembleia foi prorrogada at\u00e9 o termo final estabelecido para vota\u00e7\u00e3o, o que permite o registro da presen\u00e7a e os votos tanto por parte dos que estiveram presentes ao evento quanto pelos que quiserem se fazer presentes mediante o encaminhamento do e-mail. Vote dando destaque a um dos itens inseridos em seguida \u00e0 proposta, ou simplesmente inserindo um sim \u00e0 op\u00e7\u00e3o desejada:<\/p>\n<p><strong>Os itens da proposta sugerida pela Diretoria s\u00e3o: <\/strong><\/p>\n<p>1) Pagamento do reajuste de 6,22% incidente sobre os sal\u00e1rios praticados em mar\u00e7o de 2020 multiplicando-se o valor mensal estabelecido por 13 e parcelado em 8 presta\u00e7\u00f5es mensais exig\u00edveis nas mesmas datas em que devidos os sal\u00e1rios de julho de 2021 a fevereiro de 2022 ou at\u00e9 eventual rompimento do contrato de trabalho sob a forma de abono sem integra\u00e7\u00e3o aos sal\u00e1rios para nenhum efeito legal, exceto 13\u00ba sal\u00e1rio. Mais extens\u00e3o das cl\u00e1usulas sociais vigentes at\u00e9 28 de fevereiro de 2023:<\/p>\n<p>Favor\u00e1vel:<\/p>\n<p>Contr\u00e1rio(a):<\/p>\n<p>Abstenho-me:<\/p>\n<p>2) Contribui\u00e7\u00e3o Negocial a ser descontada pelos empregadores e transferida ao Sindicato em seguida ao pagamento dos sal\u00e1rios do m\u00eas de novembro, no valor de um dia de sal\u00e1rio, garantido o exerc\u00edcio de direito de oposi\u00e7\u00e3o pelos que n\u00e3o desejarem contribuir pelo prazo de 10 dias a partir de divulga\u00e7\u00e3o da delibera\u00e7\u00e3o e da possibilidade de oposi\u00e7\u00e3o no site e no <em>Facebook <\/em>do Sinpes:<\/p>\n<p>Favor\u00e1vel:<\/p>\n<p>Contr\u00e1rio(a):<\/p>\n<p>Abstenho-me:<\/p>\n<p>Como a proposta de reda\u00e7\u00e3o encaminhada pelo SINEPE trouxe duas novidades desfavor\u00e1veis aos professores que n\u00e3o tinham feito parte das tratativas, na hip\u00f3tese do SINEPE n\u00e3o concordar com a retirada destes pontos, o SINPES comprometeu-se a convocar nova assembleia geral para que essas quest\u00f5es sejam discutidas pela categoria.<\/p>\n<p>&nbsp;<\/p>\n<!-- AddThis Advanced Settings generic via filter on the_content --><!-- AddThis Share Buttons generic via filter on the_content -->","protected":false},"excerpt":{"rendered":"<p>27\/07\/2021\u00a0 Nesta segunda-feira (26\/07), o Sinpes promoveu uma Assembleia Geral Virtual com professores e professoras do ensino superior privado de Curitiba e Regi\u00e3o Metropolitana. No evento, o sindicato apresentou o resultado da negocia\u00e7\u00e3o entabulada com o SINEPE, submetendo \u00e0 categoria a proposta patronal de pagamento de abono equivalente \u00e0 reposi\u00e7\u00e3o da deprecia\u00e7\u00e3o da moeda mensurada [&hellip;]<!-- AddThis Advanced Settings generic via filter on wp_trim_excerpt --><!-- AddThis Share Buttons generic via filter on wp_trim_excerpt --><\/p>\n","protected":false},"author":3,"featured_media":0,"comment_status":"closed","ping_status":"open","sticky":false,"template":"","format":"standard","meta":{"footnotes":""},"categories":[7,478,18,13],"tags":[592,331,392,572,306,71,68,538],"class_list":["post-3669","post","type-post","status-publish","format-standard","hentry","category-arquivo-de-noticias","category-coronavirus-e-direitos-dos-professores","category-destaque","category-home","tag-assembleia-geral-virtual","tag-cct","tag-convencao-coletiva","tag-nova-convencao-coletiva","tag-proposta-de-acordo","tag-reajuste-salarial","tag-sinepe","tag-votacao"],"_links":{"self":[{"href":"https:\/\/sinpes.org.br\/site\/wp-json\/wp\/v2\/posts\/3669","targetHints":{"allow":["GET"]}}],"collection":[{"href":"https:\/\/sinpes.org.br\/site\/wp-json\/wp\/v2\/posts"}],"about":[{"href":"https:\/\/sinpes.org.br\/site\/wp-json\/wp\/v2\/types\/post"}],"author":[{"embeddable":true,"href":"https:\/\/sinpes.org.br\/site\/wp-json\/wp\/v2\/users\/3"}],"replies":[{"embeddable":true,"href":"https:\/\/sinpes.org.br\/site\/wp-json\/wp\/v2\/comments?post=3669"}],"version-history":[{"count":2,"href":"https:\/\/sinpes.org.br\/site\/wp-json\/wp\/v2\/posts\/3669\/revisions"}],"predecessor-version":[{"id":3671,"href":"https:\/\/sinpes.org.br\/site\/wp-json\/wp\/v2\/posts\/3669\/revisions\/3671"}],"wp:attachment":[{"href":"https:\/\/sinpes.org.br\/site\/wp-json\/wp\/v2\/media?parent=3669"}],"wp:term":[{"taxonomy":"category","embeddable":true,"href":"https:\/\/sinpes.org.br\/site\/wp-json\/wp\/v2\/categories?post=3669"},{"taxonomy":"post_tag","embeddable":true,"href":"https:\/\/sinpes.org.br\/site\/wp-json\/wp\/v2\/tags?post=3669"}],"curies":[{"name":"wp","href":"https:\/\/api.w.org\/{rel}","templated":true}]}}