{"id":3664,"date":"2021-07-22T11:27:55","date_gmt":"2021-07-22T14:27:55","guid":{"rendered":"https:\/\/sinpes.org.br\/site\/?p=3664"},"modified":"2021-07-22T11:27:55","modified_gmt":"2021-07-22T14:27:55","slug":"sinpes-chama-assembleia-geral-para-que-categoria-se-pronuncie-sobre-proposta-patronal","status":"publish","type":"post","link":"https:\/\/sinpes.org.br\/site\/sinpes-chama-assembleia-geral-para-que-categoria-se-pronuncie-sobre-proposta-patronal\/","title":{"rendered":"SINPES CHAMA ASSEMBLEIA GERAL PARA QUE CATEGORIA SE PRONUNCIE SOBRE PROPOSTA PATRONAL"},"content":{"rendered":"<p>Ap\u00f3s exaustivas negocia\u00e7\u00f5es com o SINEPE, a \u00faltima proposta patronal obtida acerca do reajuste salarial devido a partir do m\u00eas de mar\u00e7o de 2021, data base dos professores do ensino superior, foi a recomposi\u00e7\u00e3o integral do sal\u00e1rio pelo \u00edndice acumulado do INPC dos \u00faltimos doze meses, no percentual de 6,2163%.<\/p>\n<p>Esse pagamento seria realizado sob a forma de abono parcelado em 8 presta\u00e7\u00f5es mensais exig\u00edveis nas mesmas datas em que devidos os sal\u00e1rios de julho de 2021 a fevereiro de 2022. E calculado mediante o reajuste das parcelas salariais pagas em mar\u00e7o de 2020 reajustadas a partir de mar\u00e7o de 2021, em face da varia\u00e7\u00e3o do INPC acumulado acima referido, multiplicadas por 13 meses, de sorte a contemplar reflexos dos valores pagos sobre 13\u00ba sal\u00e1rio e f\u00e9rias.<\/p>\n<p>Os demais reflexos (em FGTS e no ter\u00e7o constitucional das f\u00e9rias) n\u00e3o s\u00e3o contemplados pela f\u00f3rmula de pagamento proposta pelo SINEPE visto que o abono n\u00e3o tem natureza salarial. O valor do abono igualmente n\u00e3o \u00e9 computado para efeito de apura\u00e7\u00e3o do imposto de renda e das contribui\u00e7\u00f5es previdenci\u00e1rias devidas, fato que atenua, mas n\u00e3o elimina o preju\u00edzo sofrido pelos professores.<\/p>\n<p>Como contrapresta\u00e7\u00e3o da concess\u00e3o solicitada pelos empregadores, o SINPES sugeriu que se estendesse por 12 meses a validade das cl\u00e1usulas sociais da CCT vigente, at\u00e9 28.02.2023, o que foi aceito pelo SINEPE.<\/p>\n<p>N\u00e3o fosse a pandemia que dificulta sobremaneira a mobiliza\u00e7\u00e3o dos interessados, o Sinpes postergaria a convoca\u00e7\u00e3o da assembleia geral da categoria e manteria abertas as negocia\u00e7\u00f5es a fim de persuadir os empregadores a quitarem o reajuste sob modalidade salarial a exemplo do que ocorreu at\u00e9 hoje.<\/p>\n<p>Diante das presentes dificuldades de mobiliza\u00e7\u00e3o e da premente necessidade de os professores come\u00e7arem a receber os valores propostos, ainda que sob a modalidade de abono, a diretoria do Sinpes houve por bem chamar assembleia geral da categoria para decidir acerca da aceita\u00e7\u00e3o ou n\u00e3o da proposta, a qual ser\u00e1 realizada no pr\u00f3ximo dia 26.07.2021 pela modalidade virtual, \u00e0s 18h00min, em segunda convoca\u00e7\u00e3o.<\/p>\n<p>No evento tamb\u00e9m ser\u00e1 discutida e votada a contribui\u00e7\u00e3o negocial para o ano de 2021 com sugest\u00e3o para que se mantenha o valor praticado nos anos anteriores, correspondente a um dia de sal\u00e1rio reajustado.<\/p>\n<p>O link para o acesso \u00e0 Assembleia ser\u00e1 disponibilizado no site do Sinpes (www.sinpes.org.br) e nas redes sociais do sindicato \u00e0s 13 h do dia 26\/07.<\/p>\n<p>Maiores esclarecimentos sobre a proposta patronal e sobre a contribui\u00e7\u00e3o negocial podem ser obtidos entre 14h00min e 17h00min pelo telefone 3225-1041, no e-mail <a href=\"mailto:sinpes@org.sinpes.br\">sinpes@org.sinpes.br<\/a> e na pr\u00f3pria assembleia geral convocada.<\/p>\n<p>&nbsp;<\/p>\n<!-- AddThis Advanced Settings generic via filter on the_content --><!-- AddThis Share Buttons generic via filter on the_content -->","protected":false},"excerpt":{"rendered":"<p>Ap\u00f3s exaustivas negocia\u00e7\u00f5es com o SINEPE, a \u00faltima proposta patronal obtida acerca do reajuste salarial devido a partir do m\u00eas de mar\u00e7o de 2021, data base dos professores do ensino superior, foi a recomposi\u00e7\u00e3o integral do sal\u00e1rio pelo \u00edndice acumulado do INPC dos \u00faltimos doze meses, no percentual de 6,2163%. Esse pagamento seria realizado sob [&hellip;]<!-- AddThis Advanced Settings generic via filter on wp_trim_excerpt --><!-- AddThis Share Buttons generic via filter on wp_trim_excerpt --><\/p>\n","protected":false},"author":3,"featured_media":0,"comment_status":"closed","ping_status":"open","sticky":false,"template":"","format":"standard","meta":{"footnotes":""},"categories":[7,478,18,13],"tags":[726,60,331,392,725,724],"class_list":["post-3664","post","type-post","status-publish","format-standard","hentry","category-arquivo-de-noticias","category-coronavirus-e-direitos-dos-professores","category-destaque","category-home","tag-assembleia-cct","tag-assembleia-geral","tag-cct","tag-convencao-coletiva","tag-proposta-patronal","tag-sinpes-convoca"],"_links":{"self":[{"href":"https:\/\/sinpes.org.br\/site\/wp-json\/wp\/v2\/posts\/3664","targetHints":{"allow":["GET"]}}],"collection":[{"href":"https:\/\/sinpes.org.br\/site\/wp-json\/wp\/v2\/posts"}],"about":[{"href":"https:\/\/sinpes.org.br\/site\/wp-json\/wp\/v2\/types\/post"}],"author":[{"embeddable":true,"href":"https:\/\/sinpes.org.br\/site\/wp-json\/wp\/v2\/users\/3"}],"replies":[{"embeddable":true,"href":"https:\/\/sinpes.org.br\/site\/wp-json\/wp\/v2\/comments?post=3664"}],"version-history":[{"count":1,"href":"https:\/\/sinpes.org.br\/site\/wp-json\/wp\/v2\/posts\/3664\/revisions"}],"predecessor-version":[{"id":3665,"href":"https:\/\/sinpes.org.br\/site\/wp-json\/wp\/v2\/posts\/3664\/revisions\/3665"}],"wp:attachment":[{"href":"https:\/\/sinpes.org.br\/site\/wp-json\/wp\/v2\/media?parent=3664"}],"wp:term":[{"taxonomy":"category","embeddable":true,"href":"https:\/\/sinpes.org.br\/site\/wp-json\/wp\/v2\/categories?post=3664"},{"taxonomy":"post_tag","embeddable":true,"href":"https:\/\/sinpes.org.br\/site\/wp-json\/wp\/v2\/tags?post=3664"}],"curies":[{"name":"wp","href":"https:\/\/api.w.org\/{rel}","templated":true}]}}