{"id":3656,"date":"2021-07-13T09:39:49","date_gmt":"2021-07-13T12:39:49","guid":{"rendered":"https:\/\/sinpes.org.br\/site\/?p=3656"},"modified":"2021-07-13T09:39:49","modified_gmt":"2021-07-13T12:39:49","slug":"unicuritiba-atuacao-rapida-do-sinpes-reverte-prejuizo","status":"publish","type":"post","link":"https:\/\/sinpes.org.br\/site\/unicuritiba-atuacao-rapida-do-sinpes-reverte-prejuizo\/","title":{"rendered":"UNICURITIBA: ATUA\u00c7\u00c3O R\u00c1PIDA DO SINPES REVERTE PREJU\u00cdZO"},"content":{"rendered":"<p>Os professores do Unicuritiba foram surpreendidos na quinta-feira, 08 de julho, para que firmassem acordo individual com aquela institui\u00e7\u00e3o de ensino superior voltado para a redu\u00e7\u00e3o da jornada de trabalho e sal\u00e1rio na propor\u00e7\u00e3o de 70% com base na Medida Provis\u00f3ria 1045\/2021 por um per\u00edodo de 15 dias em que transcorrem as f\u00e9rias escolares, entre 16 e 31 de julho do corrente ano.<\/p>\n<p>Segundo a proposta de ajuste, os professores que assinarem o acordo receber\u00e3o 70% de sua remunera\u00e7\u00e3o do Governo Federal mediante concess\u00e3o de Benef\u00edcio Emergencial de Manuten\u00e7\u00e3o de Emprego e Renda, adiantados pela empregadora em um primeiro momento e posteriormente descontados assim que efetivamente recebidos como determina o instrumento legal.<\/p>\n<p>Em reuni\u00e3o realizada com os representantes do Sinpes em 12\/07, esses ponderaram que a situa\u00e7\u00e3o n\u00e3o se adequa perfeitamente ao esp\u00edrito da medida provis\u00f3ria1045\/2021, j\u00e1 que n\u00e3o faz sentido reduzir jornada no per\u00edodo de f\u00e9rias escolares em face do que preceitua o artigo 322 da CLT.<\/p>\n<p>Igualmente externaram preocupa\u00e7\u00e3o com os preju\u00edzos que seriam sofridos pelos professores com o n\u00e3o recebimento dos reflexos do benef\u00edcio governamental sobre parcelas de natureza trabalhista, tais como f\u00e9rias, 13os. Sal\u00e1rios e FGTS.<\/p>\n<p>Em face dessa segunda coloca\u00e7\u00e3o, os representantes do \u00c2nima encaminharam ao Sinpes compromisso de assumir o pagamento das verbas reflexas a fim de que n\u00e3o haja qualquer perda financeira para os professores com a ades\u00e3o ao ajuste.<\/p>\n<p>O Sinpes estar\u00e1 vigilante e cobrar\u00e1 o cumprimento do compromisso assumido mediante ajuizamento de a\u00e7\u00e3o civil p\u00fablica em caso de o mesmo n\u00e3o ser honrado pela empregadora.<\/p>\n<!-- AddThis Advanced Settings generic via filter on the_content --><!-- AddThis Share Buttons generic via filter on the_content -->","protected":false},"excerpt":{"rendered":"<p>Os professores do Unicuritiba foram surpreendidos na quinta-feira, 08 de julho, para que firmassem acordo individual com aquela institui\u00e7\u00e3o de ensino superior voltado para a redu\u00e7\u00e3o da jornada de trabalho e sal\u00e1rio na propor\u00e7\u00e3o de 70% com base na Medida Provis\u00f3ria 1045\/2021 por um per\u00edodo de 15 dias em que transcorrem as f\u00e9rias escolares, entre [&hellip;]<!-- AddThis Advanced Settings generic via filter on wp_trim_excerpt --><!-- AddThis Share Buttons generic via filter on wp_trim_excerpt --><\/p>\n","protected":false},"author":3,"featured_media":0,"comment_status":"closed","ping_status":"open","sticky":false,"template":"","format":"standard","meta":{"footnotes":""},"categories":[7,478,18,13],"tags":[39,716,281,494,516,717,369],"class_list":["post-3656","post","type-post","status-publish","format-standard","hentry","category-arquivo-de-noticias","category-coronavirus-e-direitos-dos-professores","category-destaque","category-home","tag-acordo","tag-anima","tag-direitos-dos-professores","tag-grupo-anima","tag-professores-do-unicuritiba","tag-salario-dos-professores","tag-unicuritiba"],"_links":{"self":[{"href":"https:\/\/sinpes.org.br\/site\/wp-json\/wp\/v2\/posts\/3656","targetHints":{"allow":["GET"]}}],"collection":[{"href":"https:\/\/sinpes.org.br\/site\/wp-json\/wp\/v2\/posts"}],"about":[{"href":"https:\/\/sinpes.org.br\/site\/wp-json\/wp\/v2\/types\/post"}],"author":[{"embeddable":true,"href":"https:\/\/sinpes.org.br\/site\/wp-json\/wp\/v2\/users\/3"}],"replies":[{"embeddable":true,"href":"https:\/\/sinpes.org.br\/site\/wp-json\/wp\/v2\/comments?post=3656"}],"version-history":[{"count":1,"href":"https:\/\/sinpes.org.br\/site\/wp-json\/wp\/v2\/posts\/3656\/revisions"}],"predecessor-version":[{"id":3657,"href":"https:\/\/sinpes.org.br\/site\/wp-json\/wp\/v2\/posts\/3656\/revisions\/3657"}],"wp:attachment":[{"href":"https:\/\/sinpes.org.br\/site\/wp-json\/wp\/v2\/media?parent=3656"}],"wp:term":[{"taxonomy":"category","embeddable":true,"href":"https:\/\/sinpes.org.br\/site\/wp-json\/wp\/v2\/categories?post=3656"},{"taxonomy":"post_tag","embeddable":true,"href":"https:\/\/sinpes.org.br\/site\/wp-json\/wp\/v2\/tags?post=3656"}],"curies":[{"name":"wp","href":"https:\/\/api.w.org\/{rel}","templated":true}]}}