{"id":3650,"date":"2021-07-08T10:31:12","date_gmt":"2021-07-08T13:31:12","guid":{"rendered":"https:\/\/sinpes.org.br\/site\/?p=3650"},"modified":"2021-07-08T10:31:12","modified_gmt":"2021-07-08T13:31:12","slug":"casa-de-ferreiro-espeto-de-pau-iii-professor-e-deixado-sem-aulas-por-questoes-ideologicas","status":"publish","type":"post","link":"https:\/\/sinpes.org.br\/site\/casa-de-ferreiro-espeto-de-pau-iii-professor-e-deixado-sem-aulas-por-questoes-ideologicas\/","title":{"rendered":"\u201cCASA DE FERREIRO, ESPETO DE PAU III\u201d: PROFESSOR \u00c9 DEIXADO SEM AULAS POR QUEST\u00d5ES IDEOL\u00d3GICAS"},"content":{"rendered":"<p>Entre os assuntos que ganharam repercuss\u00e3o na imprensa nas \u00faltimas semanas esteve um manifesto assinado por 130 juristas, todos docentes que labutam em cursos de P\u00f3s-Gradua\u00e7\u00e3o, protestando contra evento cancelado patrocinado pelo Conselho Nacional de Pesquisa e P\u00f3s-Gradua\u00e7\u00e3o em Direito, o CONPENDI em parceria com o Programa de P\u00f3s-Gradua\u00e7\u00e3o da Faculdade de Direito de Curitiba, que convidara S\u00e9rgio Moro para coordenar mesa em que seria debatido \u201cO Papel do Setor Privado em Pol\u00edtica Anticorrup\u00e7\u00e3o de Integridade\u201d.<\/p>\n<p>Em sua coluna da UOL Reinaldo Azevedo (<a href=\"https:\/\/noticias.uol.com.br\/colunas\/reinaldo-azevedo\/2021\/06\/22\/moro-ja-se-depara-com-sua-real-biografia-empresa-nega-pressao-por-seu-nome.htm\">https:\/\/noticias.uol.com.br\/colunas\/reinaldo-azevedo\/2021\/06\/22\/moro-ja-se-depara-com-sua-real-biografia-empresa-nega-pressao-por-seu-nome.htm<\/a>)\u00a0 d\u00e1 destaque ao manifesto que lucidamente noticia \u201cgrande contrariedade gerada no meio acad\u00eamico\u201d e considera \u201cum desrespeito a toda a comunidade jur\u00eddica do pa\u00eds e \u00e0s suas institui\u00e7\u00f5es a poss\u00edvel presen\u00e7a daquele que foi declarado pelo Supremo Tribunal Federal como suspeito e parcial nos processos que dirigiu&#8230;\u201d<\/p>\n<p>Segundo se infere da coluna de Reinaldo Azevedo, em segundo lugar entre os juristas signat\u00e1rios do documento encontra-se um dos propriet\u00e1rios do UNIBRASIL, Professor Wilson Ramos Filho, o que faz parecer que teve papel importante na elabora\u00e7\u00e3o do documento.<\/p>\n<p>Wilson Ramos Filho, o Xixo, advogado, doutor e professor de Direito do Trabalho na UFPR \u00e9 um nome importante na defesa da classe trabalhadora. Seus pronunciamentos via de regra cont\u00e9m cr\u00edticas sagazes ao golpe sofrido pela Presidente Dilma, \u00e0 contrarreforma trabalhista e \u00e0 persegui\u00e7\u00e3o encetada pela \u201cRep\u00fablica de Curitiba\u201d ao presidente Lula por procuradores e magistrados, aos quais atribuiu criativamente a denomina\u00e7\u00e3o de \u201cDireita Concursada\u201d.<\/p>\n<p>Entretanto, de forma paradoxal, embora figure como um dos propriet\u00e1rios do Centro Universit\u00e1rio Unibrasil, assistiu sem encetar qualquer contrariedade, essa importante institui\u00e7\u00e3o de ensino superior praticar atos de vassalagem em homenagem ao mesmo S\u00e9rgio Moro, ora desconvidado do evento do COPENDI.<\/p>\n<p>Infere-se pelo endere\u00e7o eletr\u00f4nico <a href=\"https:\/\/www.unibrasil.com.br\/sergio-moro-apresenta-aula-magna-sobre-corrupcao-sistemica\/\">https:\/\/www.unibrasil.com.br\/sergio-moro-apresenta-aula-magna-sobre-corrupcao-sistemica\/<\/a> que o ent\u00e3o Juiz Federal S\u00e9rgio Fernando Moro, no dia 24 de agosto de 2016, quando a <em>Lawfare<\/em> j\u00e1 corria solta, proferiu aula magna sobre o tema \u201cCORRUP\u00c7\u00c3O SIST\u00caMICA\u201d no audit\u00f3rio Cordeiro Cleve, no Unibrasil.<\/p>\n<p>Na oportunidade, conforme ainda dispon\u00edvel na Internet, o evento foi prestigiado por diversas autoridades universit\u00e1rias e pelo Presidente do Complexo de Ensino Superior do Brasil, professor Cl\u00e8merson Merlin Cl\u00e8ve, que pousa sorridente em fotografia com o ent\u00e3o Juiz Federal, chancelando seu trabalho de desmonte de importantes setores pol\u00edticos e econ\u00f4micos at\u00e9 ali.<\/p>\n<p>Cl\u00e8merson, s\u00f3cio de Wilson Ramos Filho e respons\u00e1vel pela administra\u00e7\u00e3o do Unibrasil, mant\u00e9m rela\u00e7\u00e3o de amizade e de admira\u00e7\u00e3o por S\u00e9rgio Moro e pelo Desembargador Gebran Neto, relator do recurso que confirmou a senten\u00e7a condenat\u00f3ria do Presidente Lula no TRF-4. Isso se conclui por not\u00edcia veiculada em 17 de julho de 2017, dispon\u00edvel ainda hoje site do seu escrit\u00f3rio de advocacia (<a href=\"https:\/\/www.cleveadvogados.com.br\/clemerson-merlin-cleve-orientou-sergio-moro-e-joao-pedro-gebran-neto\/\">https:\/\/www.cleveadvogados.com.br\/clemerson-merlin-cleve-orientou-sergio-moro-e-joao-pedro-gebran-neto\/<\/a>). Ali, Cl\u00e8merson ufana-se de ter sido Orientador de Mestrado em Direito Constitucional dos Ju\u00edzes S\u00e9rgio Moro e Jo\u00e3o Pedro Gebran Neto na Universidade Federal do Paran\u00e1, citando reportagem do jornalista Aroldo Mur\u00e1 que informa que teria \u201cficado amigo dos dois em 2000, quando os ju\u00edzes paranaenses o escolheram para orientar suas teses de mestrado na UFPR&#8230;\u201d<\/p>\n<p>O SINPES cobra de Wilson Ramos Filho postura coerente no seu quintal com as posturas que vem adotando publicamente. Sugere que depois da decis\u00e3o do Supremo Tribunal Federal atestando a parcialidade e a incompet\u00eancia de S\u00e9rgio Moro, o Unibrasil fa\u00e7a uma <em>mea culpa <\/em>apagando as homenagens ainda veiculadas no s\u00edtio eletr\u00f4nico da institui\u00e7\u00e3o.<\/p>\n<p>E aproveita o ensejo para solicitar que intervenha com urg\u00eancia para fazer cessar os atos antissindicais que t\u00eam sido praticados pelo Unibrasil contra o Professor Edson Stein, combativo Diretor de Negocia\u00e7\u00f5es Coletivas do SINPES, que teve sua carga hor\u00e1ria suprimida no primeiro semestre de 2021, ap\u00f3s sucessivas redu\u00e7\u00f5es de carga hor\u00e1ria sofridas em consequ\u00eancia de sua atua\u00e7\u00e3o em defesa da categoria que representa. Stein permanece vinculado <em>pro forma<\/em> ao Unibrasil sem ter recebido atribui\u00e7\u00e3o de lecionar nenhuma aula nem receber qualquer remunera\u00e7\u00e3o nesse semestre. \u00c9 v\u00edtima do que se chama no jarg\u00e3o sindical de uma \u201cdespedida branca\u201d. A interven\u00e7\u00e3o exigida pelo Sinpes \u00e9 medida de coer\u00eancia que se imp\u00f5e!<\/p>\n<p><strong>O Sinpes entrou em contato com a Assessoria de Imprensa do Unibrasil para pedir uma nota de esclarecimento sobre os fatos trazidos neste texto. At\u00e9 a publica\u00e7\u00e3o do mesmo n\u00e3o havia recebido resposta. <\/strong><\/p>\n<!-- AddThis Advanced Settings generic via filter on the_content --><!-- AddThis Share Buttons generic via filter on the_content -->","protected":false},"excerpt":{"rendered":"<p>Entre os assuntos que ganharam repercuss\u00e3o na imprensa nas \u00faltimas semanas esteve um manifesto assinado por 130 juristas, todos docentes que labutam em cursos de P\u00f3s-Gradua\u00e7\u00e3o, protestando contra evento cancelado patrocinado pelo Conselho Nacional de Pesquisa e P\u00f3s-Gradua\u00e7\u00e3o em Direito, o CONPENDI em parceria com o Programa de P\u00f3s-Gradua\u00e7\u00e3o da Faculdade de Direito de Curitiba, [&hellip;]<!-- AddThis Advanced Settings generic via filter on wp_trim_excerpt --><!-- AddThis Share Buttons generic via filter on wp_trim_excerpt --><\/p>\n","protected":false},"author":3,"featured_media":0,"comment_status":"closed","ping_status":"open","sticky":false,"template":"","format":"standard","meta":{"footnotes":""},"categories":[7,478,18,13,4],"tags":[712,713,413,650,433,108,714],"class_list":["post-3650","post","type-post","status-publish","format-standard","hentry","category-arquivo-de-noticias","category-coronavirus-e-direitos-dos-professores","category-destaque","category-home","category-unibrasil","tag-antissindicalismo-unibrasil","tag-clemerson-clevi","tag-denuncia","tag-diretoria-do-sinpes","tag-professores-do-unibrasil","tag-unibrasil","tag-wilson-xixo"],"_links":{"self":[{"href":"https:\/\/sinpes.org.br\/site\/wp-json\/wp\/v2\/posts\/3650","targetHints":{"allow":["GET"]}}],"collection":[{"href":"https:\/\/sinpes.org.br\/site\/wp-json\/wp\/v2\/posts"}],"about":[{"href":"https:\/\/sinpes.org.br\/site\/wp-json\/wp\/v2\/types\/post"}],"author":[{"embeddable":true,"href":"https:\/\/sinpes.org.br\/site\/wp-json\/wp\/v2\/users\/3"}],"replies":[{"embeddable":true,"href":"https:\/\/sinpes.org.br\/site\/wp-json\/wp\/v2\/comments?post=3650"}],"version-history":[{"count":1,"href":"https:\/\/sinpes.org.br\/site\/wp-json\/wp\/v2\/posts\/3650\/revisions"}],"predecessor-version":[{"id":3651,"href":"https:\/\/sinpes.org.br\/site\/wp-json\/wp\/v2\/posts\/3650\/revisions\/3651"}],"wp:attachment":[{"href":"https:\/\/sinpes.org.br\/site\/wp-json\/wp\/v2\/media?parent=3650"}],"wp:term":[{"taxonomy":"category","embeddable":true,"href":"https:\/\/sinpes.org.br\/site\/wp-json\/wp\/v2\/categories?post=3650"},{"taxonomy":"post_tag","embeddable":true,"href":"https:\/\/sinpes.org.br\/site\/wp-json\/wp\/v2\/tags?post=3650"}],"curies":[{"name":"wp","href":"https:\/\/api.w.org\/{rel}","templated":true}]}}