{"id":3640,"date":"2021-06-22T17:24:41","date_gmt":"2021-06-22T20:24:41","guid":{"rendered":"https:\/\/sinpes.org.br\/site\/?p=3640"},"modified":"2021-06-22T17:24:41","modified_gmt":"2021-06-22T20:24:41","slug":"dos-eua-moro-iria-dar-palestras-com-autoridade-no-assunto-anticorrupcao","status":"publish","type":"post","link":"https:\/\/sinpes.org.br\/site\/dos-eua-moro-iria-dar-palestras-com-autoridade-no-assunto-anticorrupcao\/","title":{"rendered":"Dos EUA, Moro iria dar palestras com autoridade no assunto anticorrup\u00e7\u00e3o"},"content":{"rendered":"<p><strong>22\/06\/2021<\/strong><\/p>\n<p>N\u00e3o fosse a r\u00e1pida e contundente mobiliza\u00e7\u00e3o da comunidade acad\u00eamica e o ex-juiz, professor e ex-Ministro da Justi\u00e7a do governo Bolsonaro iria coordenar e participar de um painel no III Encontro Virtual do CONPEDI &#8211; Conselho Nacional de Pesquisa e P\u00f3s-Gradua\u00e7\u00e3o em Direito intitulado \u201cO PAPEL DO SETOR PRIVADO EM POL\u00cdTICAS ANTICORRUP\u00c7\u00c3O E DE INTEGRIDADE\u201d como autoridade acad\u00eamica no assunto, marcado para a pr\u00f3xima sexta-feira 25 de junho.<\/p>\n<p>O convite causou indigna\u00e7\u00e3o entre professores e professoras de p\u00f3s-gradua\u00e7\u00e3o, que elaboraram nota de rep\u00fadio contra o evento mesmo depois de seu cancelamento, considerando \u201c&#8230;um desrespeito \u00e0 toda comunidade jur\u00eddica do pa\u00eds e \u00e0s suas institui\u00e7\u00f5es a poss\u00edvel presen\u00e7a daquele que foi declarado pelo Supremo Tribunal Federal como suspeito e parcial nos processos que dirigiu, em especial violando a Constitui\u00e7\u00e3o e as mais b\u00e1sicas regras do Processo Penal brasileiro para alcan\u00e7ar interesses pessoais e pol\u00edticos.\u201d (<a href=\"https:\/\/www.redebrasilatual.com.br\/politica\/2021\/06\/professores-protestam-e-moro-tem-nome-cortado-de-evento-de-direito\/\">https:\/\/www.redebrasilatual.com.br\/politica\/2021\/06\/professores-protestam-e-moro-tem-nome-cortado-de-evento-de-direito\/<\/a>)<\/p>\n<p>Paradoxal que entre os primeiros signat\u00e1rios do manifesto esteja ningu\u00e9m menos do que Wilson Ramos Filho, um dos propriet\u00e1rios do UNIBRASIL, Centro Universit\u00e1rio que convidou S\u00e9rgio Moro para lecionar aula magna sobre o tema \u201cCorrup\u00e7\u00e3o Sist\u00eamica\u201d em 25 de agosto de 2016. Seu s\u00f3cio, Clemerson Merlin Cleve, que esteve presente no evento, ufana-se de ter sido orientador de S\u00e9rgio Moro e de Jo\u00e3o Pedro Gebran Neto, desembargador do TRF4 que confirmou a decis\u00e3o em que Moro foi considerado parcial pelo Supremo Tribunal Federal.<\/p>\n<p>Na nota de esclarecimento veiculada pelo CONPENDI no endere\u00e7o eletr\u00f4nico <a href=\"https:\/\/conpedi.org.br\/2021\/06\/nota-de-esclarecimento-quanto-a-programacao-do-iii-encontro-virtual-do-conpedi\/\">https:\/\/conpedi.org.br\/2021\/06\/nota-de-esclarecimento-quanto-a-programacao-do-iii-encontro-virtual-do-conpedi\/<\/a>, em que foi divulgado o cancelamento do evento, em face da repercuss\u00e3o negativa verificada, este atribuiu parte da responsabilidade pelo convite \u00e0 \u201ccoopera\u00e7\u00e3o que oferece aos PPGDs parceiros do evento\u201d aos quais oferece \u201ca possibilidade de ofertar parte da programa\u00e7\u00e3o como forma de prover suas agendas locais, linhas de pesquisa e debates\u201d.<\/p>\n<p>Segundo den\u00fancias recebidas pelo Sinpes, o painel seria patrocinado pela APSEN, uma das maiores fabricantes de cloroquina no pa\u00eds e o parceiro do evento seria o programa de p\u00f3s-gradua\u00e7\u00e3o em Direito do Centro Universit\u00e1rio Curitiba, que mant\u00e9m S\u00e9rgio Moro no seu quadro de professores. Quanto \u00e0 responsabilidade pelo pol\u00eamico convite os denunciantes referem-se \u00e0 Professora Viviane Coelho de Sellos Knoerr, advogada e Coordenadora do Programa de Mestrado em Direito Empresarial e Cidadania do Centro Universit\u00e1rio Curitiba, Doutora em Direito do Estado pela Pontif\u00edcia Universidade Cat\u00f3lica de S\u00e3o Paulo, graduada em Direito pela Universidade Federal do Esp\u00edrito Santo.<\/p>\n<p>O Sinpes entrou em contato com o CONPEDI, o UniBrasil e o Unicuritiba pedindo uma nota de esclarecimento sobre os fatos trazidos neste texto. Apenas o Unicuritiba respondeu at\u00e9 a publica\u00e7\u00e3o do mesmo. Abaixo segue, na \u00edntegra, a resposta do Unicuritiba:<\/p>\n<p><em>\u201cO Programa de Mestrado do UniCuritiba, em seu papel de apoiador do 3\u00ba Encontro Virtual do Conselho Nacional de Pesquisa e P\u00f3s-Gradua\u00e7\u00e3o em Direito do Brasil, contribuiu com a indica\u00e7\u00e3o de juristas para compor a grade de palestrantes do evento. J\u00e1 a decis\u00e3o soberana \u2013 a qual respeitamos \u2013 sobre os convidados e os detalhes da programa\u00e7\u00e3o cabem ao Conpedi, respons\u00e1vel pela organiza\u00e7\u00e3o geral do encontro\u201d.<\/em><\/p>\n<!-- AddThis Advanced Settings generic via filter on the_content --><!-- AddThis Share Buttons generic via filter on the_content -->","protected":false},"excerpt":{"rendered":"<p>22\/06\/2021 N\u00e3o fosse a r\u00e1pida e contundente mobiliza\u00e7\u00e3o da comunidade acad\u00eamica e o ex-juiz, professor e ex-Ministro da Justi\u00e7a do governo Bolsonaro iria coordenar e participar de um painel no III Encontro Virtual do CONPEDI &#8211; Conselho Nacional de Pesquisa e P\u00f3s-Gradua\u00e7\u00e3o em Direito intitulado \u201cO PAPEL DO SETOR PRIVADO EM POL\u00cdTICAS ANTICORRUP\u00c7\u00c3O E DE [&hellip;]<!-- AddThis Advanced Settings generic via filter on wp_trim_excerpt --><!-- AddThis Share Buttons generic via filter on wp_trim_excerpt --><\/p>\n","protected":false},"author":3,"featured_media":0,"comment_status":"closed","ping_status":"open","sticky":false,"template":"","format":"standard","meta":{"footnotes":""},"categories":[7,478,18,13],"tags":[676,708,705,706,709,108,369,707],"class_list":["post-3640","post","type-post","status-publish","format-standard","hentry","category-arquivo-de-noticias","category-coronavirus-e-direitos-dos-professores","category-destaque","category-home","tag-antissindicalismo","tag-clemerson-cleve","tag-conpedi","tag-mestrado-unicuritiba","tag-sergio-moro","tag-unibrasil","tag-unicuritiba","tag-xixo"],"_links":{"self":[{"href":"https:\/\/sinpes.org.br\/site\/wp-json\/wp\/v2\/posts\/3640","targetHints":{"allow":["GET"]}}],"collection":[{"href":"https:\/\/sinpes.org.br\/site\/wp-json\/wp\/v2\/posts"}],"about":[{"href":"https:\/\/sinpes.org.br\/site\/wp-json\/wp\/v2\/types\/post"}],"author":[{"embeddable":true,"href":"https:\/\/sinpes.org.br\/site\/wp-json\/wp\/v2\/users\/3"}],"replies":[{"embeddable":true,"href":"https:\/\/sinpes.org.br\/site\/wp-json\/wp\/v2\/comments?post=3640"}],"version-history":[{"count":1,"href":"https:\/\/sinpes.org.br\/site\/wp-json\/wp\/v2\/posts\/3640\/revisions"}],"predecessor-version":[{"id":3641,"href":"https:\/\/sinpes.org.br\/site\/wp-json\/wp\/v2\/posts\/3640\/revisions\/3641"}],"wp:attachment":[{"href":"https:\/\/sinpes.org.br\/site\/wp-json\/wp\/v2\/media?parent=3640"}],"wp:term":[{"taxonomy":"category","embeddable":true,"href":"https:\/\/sinpes.org.br\/site\/wp-json\/wp\/v2\/categories?post=3640"},{"taxonomy":"post_tag","embeddable":true,"href":"https:\/\/sinpes.org.br\/site\/wp-json\/wp\/v2\/tags?post=3640"}],"curies":[{"name":"wp","href":"https:\/\/api.w.org\/{rel}","templated":true}]}}