{"id":3638,"date":"2021-06-18T15:48:02","date_gmt":"2021-06-18T18:48:02","guid":{"rendered":"https:\/\/sinpes.org.br\/site\/?p=3638"},"modified":"2021-06-18T15:48:02","modified_gmt":"2021-06-18T18:48:02","slug":"em-reuniao-no-mpt-fapi-confirma-desistencia-da-proposta-de-contrato-polemico","status":"publish","type":"post","link":"https:\/\/sinpes.org.br\/site\/em-reuniao-no-mpt-fapi-confirma-desistencia-da-proposta-de-contrato-polemico\/","title":{"rendered":"Em reuni\u00e3o no MPT Fapi confirma desist\u00eancia da proposta de contrato pol\u00eamico"},"content":{"rendered":"<p><strong>18\/06\/2021<\/strong><\/p>\n<p>Na manh\u00e3 desta quinta-feira (17), o Sinpes se reuniu com a Faculdade de Pinhais (Fapi) em audi\u00eancia no Minist\u00e9rio P\u00fablico do Trabalho. O encontro teve como mediadora a Dra. Mariane Josviak e foi solicitado pelo Sindicato em face de minuta de contrato apresentado aos docentes respons\u00e1veis por disciplinas que a Institui\u00e7\u00e3o de Ensino Superior pretendia transformar para a modalidade \u00e0 dist\u00e2ncia no segundo semestre de 2021.<\/p>\n<p>Na audi\u00eancia o Sinpes reiterou os pontos que gostaria de discutir com a Institui\u00e7\u00e3o de Ensino Superior a prop\u00f3sito do conte\u00fado da proposta porque reputou lesivos aos docentes envolvidos.<\/p>\n<p>A discuss\u00e3o ficou prejudicada diante do compromisso da representante da FAPI \u00e0 audi\u00eancia, Professora Fab\u00edola Schmidt, de n\u00e3o prosseguir com o projeto de substitui\u00e7\u00e3o das atividades presenciais por ensino \u00e0 dist\u00e2ncia nem com os professores do corpo docente da institui\u00e7\u00e3o de ensino nem com outros professores.<\/p>\n<p>Segundo Fab\u00edola a proposta foi feita apenas para dois ou tr\u00eas professores e n\u00e3o se tratava de um contrato de ades\u00e3o, pois foi feita com o objetivo de ser negociada com os professores convidados.<\/p>\n<p>Alertada pelo representante do Sinpes sobre o fato de que os professores, por n\u00e3o ostentarem garantia de emprego, n\u00e3o se sentem \u00e0 vontade para negociar com a empregadora, comprometeu-se a noticiar o Sinpes oportunamente, caso delibere pela retomada do projeto, para que a negocia\u00e7\u00e3o ocorra com a entidade sindical.<\/p>\n<p>No caso de retomada das negocia\u00e7\u00f5es, o SINPES entrar\u00e1 em contato com os interessados para ouvir os seus pontos de vista sobre cada um dos pontos pol\u00eamicos, preservando assim direitos consagrados dos docentes da FAPI, garantidos pela lei e pela conven\u00e7\u00e3o coletiva de trabalho vigente.<\/p>\n<p>&nbsp;<\/p>\n<!-- AddThis Advanced Settings generic via filter on the_content --><!-- AddThis Share Buttons generic via filter on the_content -->","protected":false},"excerpt":{"rendered":"<p>18\/06\/2021 Na manh\u00e3 desta quinta-feira (17), o Sinpes se reuniu com a Faculdade de Pinhais (Fapi) em audi\u00eancia no Minist\u00e9rio P\u00fablico do Trabalho. O encontro teve como mediadora a Dra. Mariane Josviak e foi solicitado pelo Sindicato em face de minuta de contrato apresentado aos docentes respons\u00e1veis por disciplinas que a Institui\u00e7\u00e3o de Ensino Superior [&hellip;]<!-- AddThis Advanced Settings generic via filter on wp_trim_excerpt --><!-- AddThis Share Buttons generic via filter on wp_trim_excerpt --><\/p>\n","protected":false},"author":3,"featured_media":0,"comment_status":"closed","ping_status":"open","sticky":false,"template":"","format":"standard","meta":{"footnotes":""},"categories":[7,478,18],"tags":[74,702,503,502,250,704,703],"class_list":["post-3638","post","type-post","status-publish","format-standard","hentry","category-arquivo-de-noticias","category-coronavirus-e-direitos-dos-professores","category-destaque","tag-audiencia","tag-contrato-de-trabalho","tag-faculdade-de-pinhais","tag-fapi","tag-ministerio-publico-do-trabalho","tag-professores-da-fapi","tag-reuniao-mpt"],"_links":{"self":[{"href":"https:\/\/sinpes.org.br\/site\/wp-json\/wp\/v2\/posts\/3638","targetHints":{"allow":["GET"]}}],"collection":[{"href":"https:\/\/sinpes.org.br\/site\/wp-json\/wp\/v2\/posts"}],"about":[{"href":"https:\/\/sinpes.org.br\/site\/wp-json\/wp\/v2\/types\/post"}],"author":[{"embeddable":true,"href":"https:\/\/sinpes.org.br\/site\/wp-json\/wp\/v2\/users\/3"}],"replies":[{"embeddable":true,"href":"https:\/\/sinpes.org.br\/site\/wp-json\/wp\/v2\/comments?post=3638"}],"version-history":[{"count":1,"href":"https:\/\/sinpes.org.br\/site\/wp-json\/wp\/v2\/posts\/3638\/revisions"}],"predecessor-version":[{"id":3639,"href":"https:\/\/sinpes.org.br\/site\/wp-json\/wp\/v2\/posts\/3638\/revisions\/3639"}],"wp:attachment":[{"href":"https:\/\/sinpes.org.br\/site\/wp-json\/wp\/v2\/media?parent=3638"}],"wp:term":[{"taxonomy":"category","embeddable":true,"href":"https:\/\/sinpes.org.br\/site\/wp-json\/wp\/v2\/categories?post=3638"},{"taxonomy":"post_tag","embeddable":true,"href":"https:\/\/sinpes.org.br\/site\/wp-json\/wp\/v2\/tags?post=3638"}],"curies":[{"name":"wp","href":"https:\/\/api.w.org\/{rel}","templated":true}]}}