{"id":3634,"date":"2021-06-17T15:35:41","date_gmt":"2021-06-17T18:35:41","guid":{"rendered":"https:\/\/sinpes.org.br\/site\/?p=3634"},"modified":"2021-06-17T15:35:41","modified_gmt":"2021-06-17T18:35:41","slug":"aulas-presenciais-devem-retornar-apenas-depois-da-imunizacao-completa-de-trabalhadores-do-ensino-superior","status":"publish","type":"post","link":"https:\/\/sinpes.org.br\/site\/aulas-presenciais-devem-retornar-apenas-depois-da-imunizacao-completa-de-trabalhadores-do-ensino-superior\/","title":{"rendered":"Aulas presenciais devem retornar apenas depois da imuniza\u00e7\u00e3o completa de trabalhadores do ensino superior"},"content":{"rendered":"<p><strong>17\/06\/2021<\/strong><\/p>\n<p>No \u00faltimo dia 07\/06 a Secretaria de Estado da Sa\u00fade (Sesa) anunciou que os professores e professoras que atuam no ensino superior enfim ser\u00e3o vacinados contra a Covid-19. E nesta segunda-feira (14), a Secretaria Municipal de Sa\u00fade de Curitiba anunciou que Professores e demais trabalhadores das institui\u00e7\u00f5es de ensino superior, tanto da rede p\u00fablica quanto da rede privada, come\u00e7am a ser vacinados nesta ter\u00e7a-feira (15\/6).<\/p>\n<p>Diante da boa not\u00edcia, o Sinpes encaminhou of\u00edcio para os Departamentos de Recursos Humanos das institui\u00e7\u00f5es de ensino superior privado pedindo para que elas providenciem, para que se evitem filas e atrasos desnecess\u00e1rios, declara\u00e7\u00e3o de presta\u00e7\u00e3o de servi\u00e7os docentes com a m\u00e1xima urg\u00eancia para que os professores e professoras tenham a declara\u00e7\u00e3o necess\u00e1ria para serem imunizados.<\/p>\n<p>O Sinpes reconhece que houve progresso no posicionamento das autoridades sanit\u00e1rias estaduais e municipais sobre o tema. Todavia, mant\u00e9m sua posi\u00e7\u00e3o no sentido de que as aulas presenciais somente devem retornar depois que os docentes receberem a segunda dose da vacina e tiver decorrido o per\u00edodo necess\u00e1rio para que se atinha a de imunidade completa dos docentes.<\/p>\n<p>Na rede estadual de ensino a volta precipitada \u00e0s aulas tem demonstrado que o risco de contamina\u00e7\u00e3o \u00e9 real. O retorno gradativo das atividades presenciais nas escolas de ensino fundamental e m\u00e9dio no Estado do Paran\u00e1 iniciou no \u00faltimo dia 10 de maio e nas primeiras semanas cerca de 15 turmas e quatro col\u00e9gios tiveram aulas suspensas por causa da covid-19.<\/p>\n<p>Segundo informa\u00e7\u00f5es da Seed, foram reportados \u00e0 secretaria 38 casos positivos em alunos, 32 casos em professores e 25 em servidores n\u00e3o docentes. De 10 a 21 de maio cerca de 24 mil estudantes e 12 mil profissionais da educa\u00e7\u00e3o voltaram a frequentar 200 col\u00e9gios.<\/p>\n<p>O risco de contamina\u00e7\u00e3o pela Covid-19 aumenta 192% para professores que est\u00e3o em sala de aula. Sem a completa imuniza\u00e7\u00e3o e em contato com alunos diariamente, os docentes em regime presencial t\u00eam risco maior de desenvolver a doen\u00e7a. A conclus\u00e3o \u00e9 de um estudo assinado por pesquisadores de cinco institui\u00e7\u00f5es de ensino superior.<\/p>\n<p>Nesse estudo foram analisados profissionais de 554 escolas com ensino presencial, no per\u00edodo de 7 de fevereiro a 6 de mar\u00e7o de 2021. O grupo composto por estudiosos da Universidade de S\u00e3o Paulo (USP), Universidade Federal do ABC (UFABC), Universidade Federal de S\u00e3o Paulo (Unifesp), Universidade Federal de S\u00e3o Carlos (UFSCar) e Instituto Federal de Educa\u00e7\u00e3o, Ci\u00eancia e Tecnologia de SP concluiu que a incid\u00eancia do coronav\u00edrus foi 2,92 vezes, ou 192%, maior nesse p\u00fablico do que na popula\u00e7\u00e3o adulta fora das salas de aula.<\/p>\n<p>Assim, frente ao risco de contamina\u00e7\u00e3o de cerca de 5 mil professores e professoras do ensino superior privado de Curitiba e Regi\u00e3o Metropolitana, o Sinpes denuncia iniciativas patronais de volta \u00e0s aulas presenciais sem a imuniza\u00e7\u00e3o completa (duas doses) de todos os trabalhadores do ensino superior privado e alerta que tomar\u00e1 as medidas cab\u00edveis para denunciar os gestores da IES.<\/p>\n<!-- AddThis Advanced Settings generic via filter on the_content --><!-- AddThis Share Buttons generic via filter on the_content -->","protected":false},"excerpt":{"rendered":"<p>17\/06\/2021 No \u00faltimo dia 07\/06 a Secretaria de Estado da Sa\u00fade (Sesa) anunciou que os professores e professoras que atuam no ensino superior enfim ser\u00e3o vacinados contra a Covid-19. E nesta segunda-feira (14), a Secretaria Municipal de Sa\u00fade de Curitiba anunciou que Professores e demais trabalhadores das institui\u00e7\u00f5es de ensino superior, tanto da rede p\u00fablica [&hellip;]<!-- AddThis Advanced Settings generic via filter on wp_trim_excerpt --><!-- AddThis Share Buttons generic via filter on wp_trim_excerpt --><\/p>\n","protected":false},"author":3,"featured_media":0,"comment_status":"closed","ping_status":"open","sticky":false,"template":"","format":"standard","meta":{"footnotes":""},"categories":[7,478,18,13],"tags":[640,701,462,472,636,643,566],"class_list":["post-3634","post","type-post","status-publish","format-standard","hentry","category-arquivo-de-noticias","category-coronavirus-e-direitos-dos-professores","category-destaque","category-home","tag-aulas-presenciais","tag-coronavirus-e-direitos-dos-professores","tag-covid-19","tag-pandemia","tag-vacinacao","tag-vacinacao-de-professores","tag-volta-as-aulas"],"_links":{"self":[{"href":"https:\/\/sinpes.org.br\/site\/wp-json\/wp\/v2\/posts\/3634","targetHints":{"allow":["GET"]}}],"collection":[{"href":"https:\/\/sinpes.org.br\/site\/wp-json\/wp\/v2\/posts"}],"about":[{"href":"https:\/\/sinpes.org.br\/site\/wp-json\/wp\/v2\/types\/post"}],"author":[{"embeddable":true,"href":"https:\/\/sinpes.org.br\/site\/wp-json\/wp\/v2\/users\/3"}],"replies":[{"embeddable":true,"href":"https:\/\/sinpes.org.br\/site\/wp-json\/wp\/v2\/comments?post=3634"}],"version-history":[{"count":1,"href":"https:\/\/sinpes.org.br\/site\/wp-json\/wp\/v2\/posts\/3634\/revisions"}],"predecessor-version":[{"id":3635,"href":"https:\/\/sinpes.org.br\/site\/wp-json\/wp\/v2\/posts\/3634\/revisions\/3635"}],"wp:attachment":[{"href":"https:\/\/sinpes.org.br\/site\/wp-json\/wp\/v2\/media?parent=3634"}],"wp:term":[{"taxonomy":"category","embeddable":true,"href":"https:\/\/sinpes.org.br\/site\/wp-json\/wp\/v2\/categories?post=3634"},{"taxonomy":"post_tag","embeddable":true,"href":"https:\/\/sinpes.org.br\/site\/wp-json\/wp\/v2\/tags?post=3634"}],"curies":[{"name":"wp","href":"https:\/\/api.w.org\/{rel}","templated":true}]}}