{"id":3627,"date":"2021-06-16T15:11:04","date_gmt":"2021-06-16T18:11:04","guid":{"rendered":"https:\/\/sinpes.org.br\/site\/?p=3627"},"modified":"2021-06-16T15:11:04","modified_gmt":"2021-06-16T18:11:04","slug":"a-uberizacao-do-trabalho-docente-no-ensino-superior-pode-atrasar-a-vacinacao-de-milhares-de-professores-no-estado-do-parana","status":"publish","type":"post","link":"https:\/\/sinpes.org.br\/site\/a-uberizacao-do-trabalho-docente-no-ensino-superior-pode-atrasar-a-vacinacao-de-milhares-de-professores-no-estado-do-parana\/","title":{"rendered":"A \u201cuberiza\u00e7\u00e3o\u201d do trabalho docente no ensino superior pode atrasar a vacina\u00e7\u00e3o de milhares de professores no Estado do Paran\u00e1"},"content":{"rendered":"<p><strong>16\/06\/2021<\/strong><\/p>\n<p>O Sinpes recebeu den\u00fancia de que professores e professoras de p\u00f3s-gradua\u00e7\u00e3o n\u00e3o estariam recebendo declara\u00e7\u00e3o de presta\u00e7\u00e3o de servi\u00e7os para comprovar sua atua\u00e7\u00e3o no ensino superior, crit\u00e9rio exigido pela Prefeitura Municipal de Curitiba para a vacina\u00e7\u00e3o contra a Covid-19 dos profissionais do ensino superior.<\/p>\n<p>Isso acontece porque as institui\u00e7\u00f5es de ensino abra\u00e7aram a precariza\u00e7\u00e3o das rela\u00e7\u00f5es trabalhistas. Professores e Professoras que atuam na p\u00f3s-gradua\u00e7\u00e3o frequentemente s\u00e3o contratados como Pessoa Jur\u00eddica (PJ), ou como trabalhadores aut\u00f4nomos, o que afasta do trabalhador todos os direitos decorrentes da configura\u00e7\u00e3o do v\u00ednculo de emprego.<\/p>\n<p>Essa \u201cuberiza\u00e7\u00e3o\u201d das rela\u00e7\u00f5es trabalhistas exacerbou-se ap\u00f3s a Contrarreforma Trabalhista de Michel Temer, quando os empregadores passaram a pautar sua conduta pela sensa\u00e7\u00e3o de que tudo \u00e9 poss\u00edvel. Na \u00e9poca, seus apoiadores alardeavam que ela geraria 6 milh\u00f5es e empregos, o que como se sabe, n\u00e3o ocorreu!<\/p>\n<p>Todavia n\u00e3o \u00e9 bem assim!<\/p>\n<p>Apesar da reda\u00e7\u00e3o do artigo 442-B da CLT, inserido pela Lei 13.467\/2017 estabele\u00e7a que \u201ca contrata\u00e7\u00e3o do aut\u00f4nomo, cumpridas por esse todas as formalidades legais, com ou sem exclusividade, de forma cont\u00ednua ou n\u00e3o, afasta a qualidade de empregado prevista no artigo 3\u00ba desta Consolida\u00e7\u00e3o\u201d, subsiste a identifica\u00e7\u00e3o da subordina\u00e7\u00e3o como caracterizadora do v\u00ednculo de emprego.<\/p>\n<p>E professores que lecionam em cursos de Especializa\u00e7\u00e3o, Mestrado e Doutorado, e tamb\u00e9m aqueles que trabalham um curso pr\u00e9-vestibular, modulares ou n\u00e3o, s\u00e3o trabalhadores subordinados por excel\u00eancia. Essa subordina\u00e7\u00e3o caracterizadora do v\u00ednculo de emprego \u00e9 reconhecida pela cl\u00e1usula quinquag\u00e9sima quinta da Conven\u00e7\u00e3o Coletiva de Trabalho vigente, que trata da abrang\u00eancia da aplica\u00e7\u00e3o do instrumento normativo e tamb\u00e9m na cl\u00e1usula vig\u00e9sima oitava, que regulamenta os cursos modulares.<\/p>\n<p>O que era simples negativa de direitos trabalhistas praticada por in\u00fameras institui\u00e7\u00f5es de ensino superior privado pode se transformar em negativa do direito \u00e0 vida, com todas as consequ\u00eancias jur\u00eddicas e morais da\u00ed decorrentes. \u00c9 uma cruel indiferen\u00e7a das Institui\u00e7\u00f5es de Ensino Superior Privado para com estes trabalhadores que s\u00e3o os respons\u00e1veis pelo sucesso dos cursos de p\u00f3s, sempre vendidos com muita excel\u00eancia pelas IESs.<\/p>\n<p>Ao n\u00e3o fornecerem declara\u00e7\u00e3o de v\u00ednculo empregat\u00edcio aos docentes que atuam nos cursos de p\u00f3s-gradua\u00e7\u00e3o essas institui\u00e7\u00f5es de ensino superior colocam em risco a vida de milhares de pessoas e podem ser responsabilizadas pelas consequ\u00eancias da ilicitude perpetrada. Nas circunst\u00e2ncias atuais o barato pode sair muito caro!<\/p>\n<p>&nbsp;<\/p>\n<!-- AddThis Advanced Settings generic via filter on the_content --><!-- AddThis Share Buttons generic via filter on the_content -->","protected":false},"excerpt":{"rendered":"<p>16\/06\/2021 O Sinpes recebeu den\u00fancia de que professores e professoras de p\u00f3s-gradua\u00e7\u00e3o n\u00e3o estariam recebendo declara\u00e7\u00e3o de presta\u00e7\u00e3o de servi\u00e7os para comprovar sua atua\u00e7\u00e3o no ensino superior, crit\u00e9rio exigido pela Prefeitura Municipal de Curitiba para a vacina\u00e7\u00e3o contra a Covid-19 dos profissionais do ensino superior. Isso acontece porque as institui\u00e7\u00f5es de ensino abra\u00e7aram a precariza\u00e7\u00e3o [&hellip;]<!-- AddThis Advanced Settings generic via filter on wp_trim_excerpt --><!-- AddThis Share Buttons generic via filter on wp_trim_excerpt --><\/p>\n","protected":false},"author":3,"featured_media":0,"comment_status":"closed","ping_status":"open","sticky":false,"template":"","format":"standard","meta":{"footnotes":""},"categories":[7,478,18,13],"tags":[583,456,462,281,472,699,697,683,636,643,698],"class_list":["post-3627","post","type-post","status-publish","format-standard","hentry","category-arquivo-de-noticias","category-coronavirus-e-direitos-dos-professores","category-destaque","category-home","tag-acoes-do-sindicato","tag-coronavirus","tag-covid-19","tag-direitos-dos-professores","tag-pandemia","tag-pandemia-e-direitos-dos-professores","tag-professores-de-pos","tag-vacina","tag-vacinacao","tag-vacinacao-de-professores","tag-vacinacao-em-curitiba"],"_links":{"self":[{"href":"https:\/\/sinpes.org.br\/site\/wp-json\/wp\/v2\/posts\/3627","targetHints":{"allow":["GET"]}}],"collection":[{"href":"https:\/\/sinpes.org.br\/site\/wp-json\/wp\/v2\/posts"}],"about":[{"href":"https:\/\/sinpes.org.br\/site\/wp-json\/wp\/v2\/types\/post"}],"author":[{"embeddable":true,"href":"https:\/\/sinpes.org.br\/site\/wp-json\/wp\/v2\/users\/3"}],"replies":[{"embeddable":true,"href":"https:\/\/sinpes.org.br\/site\/wp-json\/wp\/v2\/comments?post=3627"}],"version-history":[{"count":1,"href":"https:\/\/sinpes.org.br\/site\/wp-json\/wp\/v2\/posts\/3627\/revisions"}],"predecessor-version":[{"id":3628,"href":"https:\/\/sinpes.org.br\/site\/wp-json\/wp\/v2\/posts\/3627\/revisions\/3628"}],"wp:attachment":[{"href":"https:\/\/sinpes.org.br\/site\/wp-json\/wp\/v2\/media?parent=3627"}],"wp:term":[{"taxonomy":"category","embeddable":true,"href":"https:\/\/sinpes.org.br\/site\/wp-json\/wp\/v2\/categories?post=3627"},{"taxonomy":"post_tag","embeddable":true,"href":"https:\/\/sinpes.org.br\/site\/wp-json\/wp\/v2\/tags?post=3627"}],"curies":[{"name":"wp","href":"https:\/\/api.w.org\/{rel}","templated":true}]}}