{"id":3614,"date":"2021-06-09T11:04:15","date_gmt":"2021-06-09T14:04:15","guid":{"rendered":"https:\/\/sinpes.org.br\/site\/?p=3614"},"modified":"2021-06-09T11:04:15","modified_gmt":"2021-06-09T14:04:15","slug":"enfim-os-docentes-do-ensino-superior-serao-imunizados-contra-a-covid","status":"publish","type":"post","link":"https:\/\/sinpes.org.br\/site\/enfim-os-docentes-do-ensino-superior-serao-imunizados-contra-a-covid\/","title":{"rendered":"Enfim, os docentes do ensino superior ser\u00e3o imunizados contra a Covid"},"content":{"rendered":"<p><strong>09\/06\/2021<\/strong><\/p>\n<p>Enfim professores e professoras do ensino superior ser\u00e3o vacinados contra a Covid-19 no Paran\u00e1. Todos os trabalhadores que atuam no ensino superior da rede p\u00fablica e privada\u00a0come\u00e7ar\u00e3o a ser imunizados. A decis\u00e3o foi anunciada na segunda-feira, 7 de junho, pela Secretaria de Estado da Sa\u00fade (Sesa), durante uma reuni\u00e3o realizada com reitores das universidades federais (UFPR, UTFPR e IFPR) e estaduais, com o secret\u00e1rio da Sa\u00fade, Beto Preto, a equipe da SESA e o superintendente de Ci\u00eancia, Tecnologia e Ensino Superior, Aldo Bona.<\/p>\n<p>Durante a reuni\u00e3o, o secret\u00e1rio Beto Preto informou que o estado recebe nesta semana uma nova remessa de 145 mil doses de vacinas fabricadas pela Pfizer BioNTech. Um lote de 20 mil doses ser\u00e1 separado para atender aos professores e t\u00e9cnicos do ensino superior do Paran\u00e1.<\/p>\n<p>Desde o surgimento das vacinas contra a Covid-19, o Sinpes marcou sua posi\u00e7\u00e3o ao defender a volta das aulas presenciais apenas depois que os docentes fossem imunizados.<\/p>\n<p>De l\u00e1 para c\u00e1, o pa\u00eds passou por duas terr\u00edveis ondas de Coronav\u00edrus que j\u00e1 ceifaram quase 500 mil vidas. A vacina chegou, caminha a passos lentos, mas os professores de ensino superior, embora inclu\u00eddos no Plano Nacional de Vacina\u00e7\u00e3o, tinham sido \u201cesquecidos\u201d pelas autoridades sanit\u00e1rias do Estado do Paran\u00e1 e do Munic\u00edpio de Curitiba.<\/p>\n<p>S\u00e3o cerca de 5 mil docentes do ensino superior privado que est\u00e3o gradualmente voltando \u00e0s aulas presenciais e permanecendo expostos ao v\u00edrus. A eles se juntam cerca de 2 mil trabalhadores dos setores administrativos das institui\u00e7\u00f5es de ensino superior privado de Curitiba e Regi\u00e3o Metropolitana.<\/p>\n<p>Com o intuito de cobrar as autoridades municipais e estaduais a rever seu plano de vacina\u00e7\u00e3o e incluir trabalhadores do ensino superior no grupo priorit\u00e1rio imunizado, em observ\u00e2ncia ao plano nacional, o Sinpes realizou diversas a\u00e7\u00f5es:<\/p>\n<p><strong>&#8211; Den\u00fancias \u00e0 imprensa:<\/strong> O sindicato tem encaminhado conte\u00fado \u00e0 imprensa denunciando a decis\u00e3o da prefeitura de Curitiba e do Governo do Paran\u00e1 de n\u00e3o incluir professores e professoras do ensino superior nesta fase da vacina\u00e7\u00e3o.<\/p>\n<p><strong>&#8211; Caminh\u00e3o de som:<\/strong> Por meio de um caminh\u00e3o de som o Sinpes tem se feito ouvir nos quatro cantos de Curitiba, especialmente nas cercanias do pavilh\u00e3o da cura, do Pal\u00e1cio Igua\u00e7u e do Pal\u00e1cio 29 de mar\u00e7o, sedes do governo estadual e municipal e da Secretaria Estadual de Sa\u00fade. O protesto sonoro chega a milhares de ouvidos e busca denunciar a falta de sensibilidade das autoridades para com a categoria do ensino superior.<\/p>\n<p><strong>&#8211; Publica\u00e7\u00f5es no nosso site e redes sociais:<\/strong> S\u00e3o constantes as publica\u00e7\u00f5es no site do Sinpes e em suas redes socias denunciando e cobrando a imediata vacina\u00e7\u00e3o de professores e professoras do ensino superior de Curitiba e Regi\u00e3o Metropolitana.<\/p>\n<p>&#8211;<strong> Inser\u00e7\u00f5es na r\u00e1dio:<\/strong> Durante essa semana, buscando ecoar a voz dos trabalhadores do ensino superior de Curitiba e Regi\u00e3o Metropolitana, o Sinpes faz 25 inser\u00e7\u00f5es durante a programa\u00e7\u00e3o da R\u00e1dio Banda B denunciando a falta de sensibilidade do poder p\u00fablico municipal e estadual ao n\u00e3o priorizar professores e auxiliares de administra\u00e7\u00e3o escolar que labutam no ensino superior. Ser\u00e3o cinco dias de inser\u00e7\u00f5es para que o recado chegue a dezenas de milhares de pessoas.<\/p>\n<p>&#8211;<strong> O Sindicato tamb\u00e9m encaminhou of\u00edcios<\/strong> solicitando que os professores e professoras do ensino superior sejam inclu\u00eddos no mesmo grupo de vacina\u00e7\u00e3o definido pela Divis\u00e3o de Vigil\u00e2ncia do Programa Estadual de Imuniza\u00e7\u00e3o do Estado do Paran\u00e1 como \u201cprofissionais de educa\u00e7\u00e3o\u201d, em conson\u00e2ncia com orienta\u00e7\u00e3o expendida pelo Minist\u00e9rio da Sa\u00fade. Foram encaminhados of\u00edcios para os seguintes \u00f3rg\u00e3os e autoridades:<\/p>\n<p>&#8211; Secretaria Estadual de Sa\u00fade<\/p>\n<p>&#8211; Secretaria Municipal de Sa\u00fade das seguintes cidades que comp\u00f5em a base territorial de atua\u00e7\u00e3o do Sindicato e que possuem em funcionamento institui\u00e7\u00f5es de ensino superior: Curitiba; Almirante Tamandar\u00e9; Arauc\u00e1ria; Campo Largo; Colombo; Piraquara, Quatro Barras; Pinhais; Cerro Azul; Campina Grande do Sul; Mandirituba; Adrian\u00f3polis; Balsa Nova e S\u00e3o Jos\u00e9 dos Pinhais.<\/p>\n<p>&#8211; Para todos os vereadores e vereadoras da C\u00e2mara Municipal de Curitiba.<\/p>\n<p>&#8211; O Sindicato solicitou tamb\u00e9m uma reuni\u00e3o com o Secret\u00e1rio de Sa\u00fade do Paran\u00e1, Beto Preto, para solicitar a inclus\u00e3o dos professores e professoras do ensino superior no atual grupo de trabalhadores de educa\u00e7\u00e3o que est\u00e1 sendo imunizado. O an\u00fancio da reserva de vacinas para os profissionais do ensino superior ocorreu algumas horas depois do Sinpes procur\u00e1-lo para encaminhar pessoalmente sua justa reivindica\u00e7\u00e3o.<\/p>\n<p><strong>Professoras e Professores do ensino superior privado de Curitiba e Regi\u00e3o Metropolitana, o Sinpes defende seus interesses e protege sua sa\u00fade, fortale\u00e7a o seu Sindicato.<\/strong><\/p>\n<p><strong>#Sinpes30anos<\/strong><\/p>\n<p><strong>#SinpesAssim\u00a0<\/strong><\/p>\n<!-- AddThis Advanced Settings generic via filter on the_content --><!-- AddThis Share Buttons generic via filter on the_content -->","protected":false},"excerpt":{"rendered":"<p>09\/06\/2021 Enfim professores e professoras do ensino superior ser\u00e3o vacinados contra a Covid-19 no Paran\u00e1. Todos os trabalhadores que atuam no ensino superior da rede p\u00fablica e privada\u00a0come\u00e7ar\u00e3o a ser imunizados. A decis\u00e3o foi anunciada na segunda-feira, 7 de junho, pela Secretaria de Estado da Sa\u00fade (Sesa), durante uma reuni\u00e3o realizada com reitores das universidades [&hellip;]<!-- AddThis Advanced Settings generic via filter on wp_trim_excerpt --><!-- AddThis Share Buttons generic via filter on wp_trim_excerpt --><\/p>\n","protected":false},"author":3,"featured_media":0,"comment_status":"closed","ping_status":"open","sticky":false,"template":"","format":"standard","meta":{"footnotes":""},"categories":[7,478,18,13],"tags":[694,695,456,462,696,693,643],"class_list":["post-3614","post","type-post","status-publish","format-standard","hentry","category-arquivo-de-noticias","category-coronavirus-e-direitos-dos-professores","category-destaque","category-home","tag-atuacao-do-sinpes","tag-conquista","tag-coronavirus","tag-covid-19","tag-imunizacao","tag-professores-e-pandemia","tag-vacinacao-de-professores"],"_links":{"self":[{"href":"https:\/\/sinpes.org.br\/site\/wp-json\/wp\/v2\/posts\/3614","targetHints":{"allow":["GET"]}}],"collection":[{"href":"https:\/\/sinpes.org.br\/site\/wp-json\/wp\/v2\/posts"}],"about":[{"href":"https:\/\/sinpes.org.br\/site\/wp-json\/wp\/v2\/types\/post"}],"author":[{"embeddable":true,"href":"https:\/\/sinpes.org.br\/site\/wp-json\/wp\/v2\/users\/3"}],"replies":[{"embeddable":true,"href":"https:\/\/sinpes.org.br\/site\/wp-json\/wp\/v2\/comments?post=3614"}],"version-history":[{"count":1,"href":"https:\/\/sinpes.org.br\/site\/wp-json\/wp\/v2\/posts\/3614\/revisions"}],"predecessor-version":[{"id":3615,"href":"https:\/\/sinpes.org.br\/site\/wp-json\/wp\/v2\/posts\/3614\/revisions\/3615"}],"wp:attachment":[{"href":"https:\/\/sinpes.org.br\/site\/wp-json\/wp\/v2\/media?parent=3614"}],"wp:term":[{"taxonomy":"category","embeddable":true,"href":"https:\/\/sinpes.org.br\/site\/wp-json\/wp\/v2\/categories?post=3614"},{"taxonomy":"post_tag","embeddable":true,"href":"https:\/\/sinpes.org.br\/site\/wp-json\/wp\/v2\/tags?post=3614"}],"curies":[{"name":"wp","href":"https:\/\/api.w.org\/{rel}","templated":true}]}}